{"id":185096,"date":"2025-10-15T08:36:53","date_gmt":"2025-10-15T11:36:53","guid":{"rendered":"https:\/\/cdnoticias.com\/?p=185096"},"modified":"2025-10-15T08:36:54","modified_gmt":"2025-10-15T11:36:54","slug":"caminata-patrimonial-por-el-aniversario-del-museo-municipal-de-espigas","status":"publish","type":"post","link":"https:\/\/cdnoticias.com\/index.php\/2025\/10\/15\/caminata-patrimonial-por-el-aniversario-del-museo-municipal-de-espigas\/","title":{"rendered":"Caminata Patrimonial por el aniversario del Museo Municipal de Espigas"},"content":{"rendered":"\n<p>La actividad se desarrollar\u00e1 el d\u00eda viernes 17 de octubre, a partir de las 10 horas.<\/p>\n\n\n\n<hr class=\"wp-block-separator aligncenter has-alpha-channel-opacity\"\/>\n\n\n\n<p>En el marco del <strong>15\u00ba aniversario del Museo Municipal de Espigas<\/strong> se realizar\u00e1 una <strong>Caminata Patrimonial<\/strong> donde se <strong>recorrer\u00e1n diferentes puntos hist\u00f3ricos e instituciones de la localidad.<\/strong><\/p>\n\n\n\n<p><\/p>\n\n\n\n<blockquote class=\"wp-block-quote is-layout-flow wp-block-quote-is-layout-flow\">\n<p>La actividad se desarrollar\u00e1 el d\u00eda viernes 17 de octubre, a partir de las 10 horas. El Museo de Espigas, ubicado en Borges casi 30 de Octubre, fue inaugurado el 10 de octubre de 2010.\u00a0<\/p>\n<\/blockquote>\n\n\n\n<p><\/p>\n\n\n\n<p>El espacio cuenta con una pintoresca sala de exposiciones que refleja<strong> la historia de la localidad <\/strong>y en sus instalaciones se realizan diferentes encuentros y trabajos con la <strong>comunidad de la zona rural.<\/strong><\/p>\n\n\n\n<p><\/p>\n\n\n\n<p>En esta oportunidad para celebrar este nuevo aniversario se realizar\u00e1 la <strong>segunda edici\u00f3n de la Caminata Patrimonial<\/strong> por las calles de la localidad para <strong>visitar sitios y edificios hist\u00f3ricos<\/strong>: el antiguo Bar Argentino, El Almac\u00e9n de los Hermanos Sarazola, El Club Social (ex Juventud), El Hospital y El Parque Valverde ser\u00e1n los lugares elegidos para seguir <strong>conociendo la historia de Espigas y su gente.<\/strong><\/p>\n\n\n\n<p><\/p>\n\n\n\n<p>Espigas fue un pueblo que contaba en su historia con peri\u00f3dicos, orquestas, teatro, cine, y en la actualidad volvi\u00f3 a recuperar sus ganas de hacer, a trav\u00e9s del Museo, que es lugar de encuentro de la comunidad.<\/p>\n\n\n\n<p><\/p>\n","protected":false},"excerpt":{"rendered":"<p>La actividad se desarrollar\u00e1 el d\u00eda viernes 17 de octubre, a partir de las 10 horas. En el marco del<\/p>\n","protected":false},"author":6,"featured_media":121190,"comment_status":"closed","ping_status":"closed","sticky":false,"template":"","format":"standard","meta":{"_jetpack_memberships_contains_paid_content":false,"footnotes":""},"categories":[9,1],"tags":[],"class_list":["post-185096","post","type-post","status-publish","format-standard","has-post-thumbnail","hentry","category-cultura","category-portada"],"jetpack_featured_media_url":"https:\/\/i0.wp.com\/cdnoticias.com\/wp-content\/uploads\/2024\/07\/espigas.jpg?fit=1000%2C556&ssl=1","jetpack_sharing_enabled":true,"_links":{"self":[{"href":"https:\/\/cdnoticias.com\/index.php\/wp-json\/wp\/v2\/posts\/185096","targetHints":{"allow":["GET"]}}],"collection":[{"href":"https:\/\/cdnoticias.com\/index.php\/wp-json\/wp\/v2\/posts"}],"about":[{"href":"https:\/\/cdnoticias.com\/index.php\/wp-json\/wp\/v2\/types\/post"}],"author":[{"embeddable":true,"href":"https:\/\/cdnoticias.com\/index.php\/wp-json\/wp\/v2\/users\/6"}],"replies":[{"embeddable":true,"href":"https:\/\/cdnoticias.com\/index.php\/wp-json\/wp\/v2\/comments?post=185096"}],"version-history":[{"count":0,"href":"https:\/\/cdnoticias.com\/index.php\/wp-json\/wp\/v2\/posts\/185096\/revisions"}],"wp:featuredmedia":[{"embeddable":true,"href":"https:\/\/cdnoticias.com\/index.php\/wp-json\/wp\/v2\/media\/121190"}],"wp:attachment":[{"href":"https:\/\/cdnoticias.com\/index.php\/wp-json\/wp\/v2\/media?parent=185096"}],"wp:term":[{"taxonomy":"category","embeddable":true,"href":"https:\/\/cdnoticias.com\/index.php\/wp-json\/wp\/v2\/categories?post=185096"},{"taxonomy":"post_tag","embeddable":true,"href":"https:\/\/cdnoticias.com\/index.php\/wp-json\/wp\/v2\/tags?post=185096"}],"curies":[{"name":"wp","href":"https:\/\/api.w.org\/{rel}","templated":true}]}}