{"id":185004,"date":"2025-10-12T20:31:45","date_gmt":"2025-10-12T23:31:45","guid":{"rendered":"https:\/\/cdnoticias.com\/?p=185004"},"modified":"2025-10-13T08:51:29","modified_gmt":"2025-10-13T11:51:29","slug":"una-foto-y-dos-mensajes","status":"publish","type":"post","link":"https:\/\/cdnoticias.com\/index.php\/2025\/10\/12\/una-foto-y-dos-mensajes\/","title":{"rendered":"Una foto y dos mensajes"},"content":{"rendered":"\n<p>Una semana de campa\u00f1a y fotos: Kicillof en Olavarr\u00eda y una mesa m\u00e1s que representativa. El llamativo detalle de la actividad libertaria del s\u00e1bado. Todo, mientras sabemos que ser\u00e1 Santilli, pero no si lo veremos en la Boleta \u00danica. La foto de Wesner y CFK.<\/p>\n\n\n\n<hr class=\"wp-block-separator aligncenter has-alpha-channel-opacity\"\/>\n\n\n\n<p><strong><em>*Volver a las Fuentes \/ Josefina Bargas y Alexis Grierson<\/em><\/strong><\/p>\n\n\n\n<p class=\"has-medium-font-size\"><strong>El oficialismo m\u00e1s loco del mundo<\/strong><\/p>\n\n\n\n<figure class=\"wp-block-image size-full\"><img data-recalc-dims=\"1\" loading=\"lazy\" decoding=\"async\" width=\"800\" height=\"445\" src=\"https:\/\/i0.wp.com\/cdnoticias.com\/wp-content\/uploads\/2025\/09\/celeste-arouxet-diego-santilli-ezequiel-galli-jose-luis-espert-00.jpg?resize=800%2C445&#038;ssl=1\" alt=\"\" class=\"wp-image-183904\" srcset=\"https:\/\/i0.wp.com\/cdnoticias.com\/wp-content\/uploads\/2025\/09\/celeste-arouxet-diego-santilli-ezequiel-galli-jose-luis-espert-00.jpg?w=1000&amp;ssl=1 1000w, https:\/\/i0.wp.com\/cdnoticias.com\/wp-content\/uploads\/2025\/09\/celeste-arouxet-diego-santilli-ezequiel-galli-jose-luis-espert-00.jpg?resize=300%2C167&amp;ssl=1 300w, https:\/\/i0.wp.com\/cdnoticias.com\/wp-content\/uploads\/2025\/09\/celeste-arouxet-diego-santilli-ezequiel-galli-jose-luis-espert-00.jpg?resize=768%2C427&amp;ssl=1 768w, https:\/\/i0.wp.com\/cdnoticias.com\/wp-content\/uploads\/2025\/09\/celeste-arouxet-diego-santilli-ezequiel-galli-jose-luis-espert-00.jpg?resize=800%2C445&amp;ssl=1 800w\" sizes=\"auto, (max-width: 800px) 100vw, 800px\" \/><\/figure>\n\n\n\n<p>Cuando dejamos el \u00faltimo VAF, Espert sosten\u00eda que las acusaciones en su contra eran una operaci\u00f3n del kirchnerismo (y de Grabois) y que no se iba a bajar de su candidatura.&nbsp;<strong>Pasaron horas y efectivamente renunci\u00f3.<\/strong>&nbsp;A eso le sucedieron una serie de presentaciones y debates p\u00fablicos por el primer lugar de la lista.<\/p>\n\n\n\n<p>La justicia federal con competencia electoral fall\u00f3 a favor de Karen Reinhardt quedara en primer lugar y todos los candidatos ascendieran un lugar.&nbsp;<strong>No era la intenci\u00f3n de La Libertad Avanza que apel\u00f3 esa decisi\u00f3n y ayer la C\u00e1mara Nacional Electoral defini\u00f3 que Diego Santilli pasara al primer lugar de la lista. Es decir, todos los hombres de la lista ascienden dos puestos y las mujeres se quedan con los puestos pares.<\/strong><\/p>\n\n\n\n<p>A todo esto, ni bien renunci\u00f3 Jos\u00e9 Luis Espert a la candidatura<a href=\"https:\/\/gmail.us17.list-manage.com\/track\/click?u=cba2a41506a8e26d100c3f0f8&amp;id=206067a608&amp;e=b6c762679c\" target=\"_blank\" rel=\"noreferrer noopener\">, Ezequiel Galli poste\u00f3 su foto junto a Santilli: \u201cVamos a poner el alma para defender el rumbo! Arranca una nueva etapa y como siempre, ah\u00ed estaremos juntos\u201d.&nbsp;<\/a>Se lleva el premio al jugador m\u00e1s r\u00e1pido.<\/p>\n\n\n\n<p>Mientras tanto sigue la discusi\u00f3n sobre la reimpresi\u00f3n de las boletas:&nbsp;<strong>\u00bflograr\u00e1 La Libertad Avanza que Santilli est\u00e9 en la foto de la boleta \u00fanica? Los tiempos son muy ajustados. La Junta Electoral fall\u00f3 en contrario.&nbsp;<\/strong>\u00bfHabr\u00e1 apelaci\u00f3n a la C\u00e1mara Nacional Electoral? El ministro Lisandro Catal\u00e1n asegur\u00f3 que del proceso electoral justo, justo, justo sobraron unos 15 mil millones de pesos que alcanzar\u00edan para costear la impresi\u00f3n que, claro, no la puede pagar el partido.&nbsp;<strong>Cr\u00edticas y cuestionamientos le llovieron al Gobierno despu\u00e9s de esas declaraciones, por la falta de respuesta a sectores que demandan fondos y por el incumplimiento de las leyes que obligan al estado a financiar por ejemplo la asistencia a las personas con discapacidad.<\/strong><\/p>\n\n\n\n<p>Nada de eso parece importar a la Libertad Avanza ni al gobierno nacional,&nbsp;<strong>empe\u00f1ado en su carrera electoral.&nbsp;<\/strong><\/p>\n\n\n\n<p><strong>\u201cPerder por lo menos posible\u201d es la premisa de dicha carrera, pensando en una \u201cremontada\u201d basada en dos aspectos: que vaya m\u00e1s gente a votar y que habr\u00e1 cambios pol\u00edticos profundos en el Gobierno Nacional,&nbsp;<\/strong>con las inevitables salidas de Luis Petri y Patricia Bullrich (los dos asumir\u00e1n en lugares legislativos)<strong>&nbsp;sumado al apoyo -por momentos obsceno, nos atribuimos dicha calificaci\u00f3n- de Estados Unidos para estabilizar el d\u00f3lar y las variables econ\u00f3micas.&nbsp;<\/strong><\/p>\n\n\n\n<p>Todo mientras ya sabemos lo que acontece en la calle:&nbsp;<strong>septiembre fue un mes demoledor para la industria y el comercio. \u201cPor esc\u00e1ndalo fue el peor mes del a\u00f1o, hubo que usar ahorros, sacar varios conejos de la galera para sostener esto\u201d<\/strong>&nbsp;dijo un comerciante c\u00e9ntrico ante la consulta sobre c\u00f3mo ven\u00eda la situaci\u00f3n. Preocupaci\u00f3n extrema en varios rubros, con im\u00e1genes de cierre de negocios c\u00e9ntricos cada vez m\u00e1s frecuentes.<\/p>\n\n\n\n<p>\u00bfUn ejemplo?&nbsp;<strong>Una carnicer\u00eda que abri\u00f3 hace poco m\u00e1s de dos meses en microcentro, ya cerr\u00f3. En este contexto, est\u00e1 dif\u00edcil emprender.&nbsp;<\/strong><\/p>\n\n\n\n<p class=\"has-medium-font-size\"><strong>\u00bfY con la campa\u00f1a, c\u00f3mo venimos?&nbsp;<\/strong><\/p>\n\n\n\n<p><strong>En Olavarr\u00eda sale el sol, cantan los pajaritos, pasan los d\u00edas y se ve poca campa\u00f1a.&nbsp;<\/strong>Aunque este \u00faltimo s\u00e1bado se vieron dos im\u00e1genes bien contrastadas, distintas, pero fuertes:<strong>&nbsp;tanto Fuerza Patria como La Libertad Avanza hicieron campa\u00f1a en Olavarr\u00eda.<\/strong><\/p>\n\n\n\n<p><strong>Fuerza Patria, envalentonado por la visita de Kicillof y la inesperada paz dentro del peronismo, nuevamente muestra su poder territorial en las plazas de los s\u00e1bados<\/strong>, donde hay arenga del intendente y recorrida por barrios de la ciudad. \u00bfEl objetivo? Mostrar a los vecinos c\u00f3mo funcionar\u00e1 el nuevo sistema de votaci\u00f3n nacional, la Boleta \u00danica Papel.&nbsp;<\/p>\n\n\n\n<p>Con muy buena convocatoria,&nbsp;<strong>el grupo del intendente tuvo la participaci\u00f3n de la Jefa de Gabinete, Mercedes Land\u00edvar y el subsecretario de Protecci\u00f3n Ciudadana, El\u00edas Quintas.&nbsp;<\/strong>Tuvieron importante visibilidad en barrio Sarmiento Norte, aunque la recorrida los llev\u00f3 por otros sectores linderos de la ciudad.&nbsp;<\/p>\n\n\n\n<figure class=\"wp-block-embed is-type-rich is-provider-instagram wp-block-embed-instagram\"><div class=\"wp-block-embed__wrapper\">\n<blockquote class=\"instagram-media\" data-instgrm-captioned data-instgrm-permalink=\"https:\/\/www.instagram.com\/reel\/DPrjj0CkeOu\/?utm_source=ig_embed&amp;utm_campaign=loading\" data-instgrm-version=\"14\" style=\" background:#FFF; border:0; border-radius:3px; box-shadow:0 0 1px 0 rgba(0,0,0,0.5),0 1px 10px 0 rgba(0,0,0,0.15); margin: 1px; max-width:658px; min-width:326px; padding:0; width:99.375%; width:-webkit-calc(100% - 2px); width:calc(100% - 2px);\"><div style=\"padding:16px;\"> <a href=\"https:\/\/www.instagram.com\/reel\/DPrjj0CkeOu\/?utm_source=ig_embed&amp;utm_campaign=loading\" style=\" background:#FFFFFF; line-height:0; padding:0 0; text-align:center; text-decoration:none; width:100%;\" target=\"_blank\"> <div style=\" display: flex; flex-direction: row; align-items: center;\"> <div style=\"background-color: #F4F4F4; border-radius: 50%; flex-grow: 0; height: 40px; margin-right: 14px; width: 40px;\"><\/div> <div style=\"display: flex; flex-direction: column; flex-grow: 1; justify-content: center;\"> <div style=\" background-color: #F4F4F4; border-radius: 4px; flex-grow: 0; height: 14px; margin-bottom: 6px; width: 100px;\"><\/div> <div style=\" background-color: #F4F4F4; border-radius: 4px; flex-grow: 0; height: 14px; width: 60px;\"><\/div><\/div><\/div><div style=\"padding: 19% 0;\"><\/div> <div style=\"display:block; height:50px; margin:0 auto 12px; width:50px;\"><svg width=\"50px\" height=\"50px\" viewBox=\"0 0 60 60\" version=\"1.1\" xmlns=\"https:\/\/www.w3.org\/2000\/svg\" xmlns:xlink=\"https:\/\/www.w3.org\/1999\/xlink\"><g stroke=\"none\" stroke-width=\"1\" fill=\"none\" fill-rule=\"evenodd\"><g transform=\"translate(-511.000000, -20.000000)\" fill=\"#000000\"><g><path d=\"M556.869,30.41 C554.814,30.41 553.148,32.076 553.148,34.131 C553.148,36.186 554.814,37.852 556.869,37.852 C558.924,37.852 560.59,36.186 560.59,34.131 C560.59,32.076 558.924,30.41 556.869,30.41 M541,60.657 C535.114,60.657 530.342,55.887 530.342,50 C530.342,44.114 535.114,39.342 541,39.342 C546.887,39.342 551.658,44.114 551.658,50 C551.658,55.887 546.887,60.657 541,60.657 M541,33.886 C532.1,33.886 524.886,41.1 524.886,50 C524.886,58.899 532.1,66.113 541,66.113 C549.9,66.113 557.115,58.899 557.115,50 C557.115,41.1 549.9,33.886 541,33.886 M565.378,62.101 C565.244,65.022 564.756,66.606 564.346,67.663 C563.803,69.06 563.154,70.057 562.106,71.106 C561.058,72.155 560.06,72.803 558.662,73.347 C557.607,73.757 556.021,74.244 553.102,74.378 C549.944,74.521 548.997,74.552 541,74.552 C533.003,74.552 532.056,74.521 528.898,74.378 C525.979,74.244 524.393,73.757 523.338,73.347 C521.94,72.803 520.942,72.155 519.894,71.106 C518.846,70.057 518.197,69.06 517.654,67.663 C517.244,66.606 516.755,65.022 516.623,62.101 C516.479,58.943 516.448,57.996 516.448,50 C516.448,42.003 516.479,41.056 516.623,37.899 C516.755,34.978 517.244,33.391 517.654,32.338 C518.197,30.938 518.846,29.942 519.894,28.894 C520.942,27.846 521.94,27.196 523.338,26.654 C524.393,26.244 525.979,25.756 528.898,25.623 C532.057,25.479 533.004,25.448 541,25.448 C548.997,25.448 549.943,25.479 553.102,25.623 C556.021,25.756 557.607,26.244 558.662,26.654 C560.06,27.196 561.058,27.846 562.106,28.894 C563.154,29.942 563.803,30.938 564.346,32.338 C564.756,33.391 565.244,34.978 565.378,37.899 C565.522,41.056 565.552,42.003 565.552,50 C565.552,57.996 565.522,58.943 565.378,62.101 M570.82,37.631 C570.674,34.438 570.167,32.258 569.425,30.349 C568.659,28.377 567.633,26.702 565.965,25.035 C564.297,23.368 562.623,22.342 560.652,21.575 C558.743,20.834 556.562,20.326 553.369,20.18 C550.169,20.033 549.148,20 541,20 C532.853,20 531.831,20.033 528.631,20.18 C525.438,20.326 523.257,20.834 521.349,21.575 C519.376,22.342 517.703,23.368 516.035,25.035 C514.368,26.702 513.342,28.377 512.574,30.349 C511.834,32.258 511.326,34.438 511.181,37.631 C511.035,40.831 511,41.851 511,50 C511,58.147 511.035,59.17 511.181,62.369 C511.326,65.562 511.834,67.743 512.574,69.651 C513.342,71.625 514.368,73.296 516.035,74.965 C517.703,76.634 519.376,77.658 521.349,78.425 C523.257,79.167 525.438,79.673 528.631,79.82 C531.831,79.965 532.853,80.001 541,80.001 C549.148,80.001 550.169,79.965 553.369,79.82 C556.562,79.673 558.743,79.167 560.652,78.425 C562.623,77.658 564.297,76.634 565.965,74.965 C567.633,73.296 568.659,71.625 569.425,69.651 C570.167,67.743 570.674,65.562 570.82,62.369 C570.966,59.17 571,58.147 571,50 C571,41.851 570.966,40.831 570.82,37.631\"><\/path><\/g><\/g><\/g><\/svg><\/div><div style=\"padding-top: 8px;\"> <div style=\" color:#3897f0; font-family:Arial,sans-serif; font-size:14px; font-style:normal; font-weight:550; line-height:18px;\">View this post on Instagram<\/div><\/div><div style=\"padding: 12.5% 0;\"><\/div> <div style=\"display: flex; flex-direction: row; margin-bottom: 14px; align-items: center;\"><div> <div style=\"background-color: #F4F4F4; border-radius: 50%; height: 12.5px; width: 12.5px; transform: translateX(0px) translateY(7px);\"><\/div> <div style=\"background-color: #F4F4F4; height: 12.5px; transform: rotate(-45deg) translateX(3px) translateY(1px); width: 12.5px; flex-grow: 0; margin-right: 14px; margin-left: 2px;\"><\/div> <div style=\"background-color: #F4F4F4; border-radius: 50%; height: 12.5px; width: 12.5px; transform: translateX(9px) translateY(-18px);\"><\/div><\/div><div style=\"margin-left: 8px;\"> <div style=\" background-color: #F4F4F4; border-radius: 50%; flex-grow: 0; height: 20px; width: 20px;\"><\/div> <div style=\" width: 0; height: 0; border-top: 2px solid transparent; border-left: 6px solid #f4f4f4; border-bottom: 2px solid transparent; transform: translateX(16px) translateY(-4px) rotate(30deg)\"><\/div><\/div><div style=\"margin-left: auto;\"> <div style=\" width: 0px; border-top: 8px solid #F4F4F4; border-right: 8px solid transparent; transform: translateY(16px);\"><\/div> <div style=\" background-color: #F4F4F4; flex-grow: 0; height: 12px; width: 16px; transform: translateY(-4px);\"><\/div> <div style=\" width: 0; height: 0; border-top: 8px solid #F4F4F4; border-left: 8px solid transparent; transform: translateY(-4px) translateX(8px);\"><\/div><\/div><\/div> <div style=\"display: flex; flex-direction: column; flex-grow: 1; justify-content: center; margin-bottom: 24px;\"> <div style=\" background-color: #F4F4F4; border-radius: 4px; flex-grow: 0; height: 14px; margin-bottom: 6px; width: 224px;\"><\/div> <div style=\" background-color: #F4F4F4; border-radius: 4px; flex-grow: 0; height: 14px; width: 144px;\"><\/div><\/div><\/a><p style=\" color:#c9c8cd; font-family:Arial,sans-serif; font-size:14px; line-height:17px; margin-bottom:0; margin-top:8px; overflow:hidden; padding:8px 0 7px; text-align:center; text-overflow:ellipsis; white-space:nowrap;\"><a href=\"https:\/\/www.instagram.com\/reel\/DPrjj0CkeOu\/?utm_source=ig_embed&amp;utm_campaign=loading\" style=\" color:#c9c8cd; font-family:Arial,sans-serif; font-size:14px; font-style:normal; font-weight:normal; line-height:17px; text-decoration:none;\" target=\"_blank\">A post shared by Maximiliano Wesner (@maximilianowesner)<\/a><\/p><\/div><\/blockquote><script async src=\"\/\/platform.instagram.com\/en_US\/embeds.js\"><\/script>\n<\/div><\/figure>\n\n\n\n<p>La victoria del 7 de septiembre orden\u00f3, y mucho, al peronismo<strong>: la visita de Kicillof fue una muestra, pero c\u00f3mo se est\u00e1 trabajando esta segunda etapa de la campa\u00f1a es el ejemplo predilecto. Claro que no significa que se solucionaron todos los problemas, pero ganar ordena.<\/strong><\/p>\n\n\n\n<p>Y si no,&nbsp;<strong>diganselo a La Libertad Avanza, que la derrota desorden\u00f3 a\u00fan m\u00e1s un avispero agitado. Entre recitales de Milei, algunos pases de factura, posibles cambios de referencias\u2026y una gorra que dice mucho.<\/strong><\/p>\n\n\n\n<figure class=\"wp-block-embed is-type-rich is-provider-instagram wp-block-embed-instagram\"><div class=\"wp-block-embed__wrapper\">\n<blockquote class=\"instagram-media\" data-instgrm-captioned data-instgrm-permalink=\"https:\/\/www.instagram.com\/reel\/DPrOe3rkeLu\/?utm_source=ig_embed&amp;utm_campaign=loading\" data-instgrm-version=\"14\" style=\" background:#FFF; border:0; border-radius:3px; box-shadow:0 0 1px 0 rgba(0,0,0,0.5),0 1px 10px 0 rgba(0,0,0,0.15); margin: 1px; max-width:658px; min-width:326px; padding:0; width:99.375%; width:-webkit-calc(100% - 2px); width:calc(100% - 2px);\"><div style=\"padding:16px;\"> <a href=\"https:\/\/www.instagram.com\/reel\/DPrOe3rkeLu\/?utm_source=ig_embed&amp;utm_campaign=loading\" style=\" background:#FFFFFF; line-height:0; padding:0 0; text-align:center; text-decoration:none; width:100%;\" target=\"_blank\"> <div style=\" display: flex; flex-direction: row; align-items: center;\"> <div style=\"background-color: #F4F4F4; border-radius: 50%; flex-grow: 0; height: 40px; margin-right: 14px; width: 40px;\"><\/div> <div style=\"display: flex; flex-direction: column; flex-grow: 1; justify-content: center;\"> <div style=\" background-color: #F4F4F4; border-radius: 4px; flex-grow: 0; height: 14px; margin-bottom: 6px; width: 100px;\"><\/div> <div style=\" background-color: #F4F4F4; border-radius: 4px; flex-grow: 0; height: 14px; width: 60px;\"><\/div><\/div><\/div><div style=\"padding: 19% 0;\"><\/div> <div style=\"display:block; height:50px; margin:0 auto 12px; width:50px;\"><svg width=\"50px\" height=\"50px\" viewBox=\"0 0 60 60\" version=\"1.1\" xmlns=\"https:\/\/www.w3.org\/2000\/svg\" xmlns:xlink=\"https:\/\/www.w3.org\/1999\/xlink\"><g stroke=\"none\" stroke-width=\"1\" fill=\"none\" fill-rule=\"evenodd\"><g transform=\"translate(-511.000000, -20.000000)\" fill=\"#000000\"><g><path d=\"M556.869,30.41 C554.814,30.41 553.148,32.076 553.148,34.131 C553.148,36.186 554.814,37.852 556.869,37.852 C558.924,37.852 560.59,36.186 560.59,34.131 C560.59,32.076 558.924,30.41 556.869,30.41 M541,60.657 C535.114,60.657 530.342,55.887 530.342,50 C530.342,44.114 535.114,39.342 541,39.342 C546.887,39.342 551.658,44.114 551.658,50 C551.658,55.887 546.887,60.657 541,60.657 M541,33.886 C532.1,33.886 524.886,41.1 524.886,50 C524.886,58.899 532.1,66.113 541,66.113 C549.9,66.113 557.115,58.899 557.115,50 C557.115,41.1 549.9,33.886 541,33.886 M565.378,62.101 C565.244,65.022 564.756,66.606 564.346,67.663 C563.803,69.06 563.154,70.057 562.106,71.106 C561.058,72.155 560.06,72.803 558.662,73.347 C557.607,73.757 556.021,74.244 553.102,74.378 C549.944,74.521 548.997,74.552 541,74.552 C533.003,74.552 532.056,74.521 528.898,74.378 C525.979,74.244 524.393,73.757 523.338,73.347 C521.94,72.803 520.942,72.155 519.894,71.106 C518.846,70.057 518.197,69.06 517.654,67.663 C517.244,66.606 516.755,65.022 516.623,62.101 C516.479,58.943 516.448,57.996 516.448,50 C516.448,42.003 516.479,41.056 516.623,37.899 C516.755,34.978 517.244,33.391 517.654,32.338 C518.197,30.938 518.846,29.942 519.894,28.894 C520.942,27.846 521.94,27.196 523.338,26.654 C524.393,26.244 525.979,25.756 528.898,25.623 C532.057,25.479 533.004,25.448 541,25.448 C548.997,25.448 549.943,25.479 553.102,25.623 C556.021,25.756 557.607,26.244 558.662,26.654 C560.06,27.196 561.058,27.846 562.106,28.894 C563.154,29.942 563.803,30.938 564.346,32.338 C564.756,33.391 565.244,34.978 565.378,37.899 C565.522,41.056 565.552,42.003 565.552,50 C565.552,57.996 565.522,58.943 565.378,62.101 M570.82,37.631 C570.674,34.438 570.167,32.258 569.425,30.349 C568.659,28.377 567.633,26.702 565.965,25.035 C564.297,23.368 562.623,22.342 560.652,21.575 C558.743,20.834 556.562,20.326 553.369,20.18 C550.169,20.033 549.148,20 541,20 C532.853,20 531.831,20.033 528.631,20.18 C525.438,20.326 523.257,20.834 521.349,21.575 C519.376,22.342 517.703,23.368 516.035,25.035 C514.368,26.702 513.342,28.377 512.574,30.349 C511.834,32.258 511.326,34.438 511.181,37.631 C511.035,40.831 511,41.851 511,50 C511,58.147 511.035,59.17 511.181,62.369 C511.326,65.562 511.834,67.743 512.574,69.651 C513.342,71.625 514.368,73.296 516.035,74.965 C517.703,76.634 519.376,77.658 521.349,78.425 C523.257,79.167 525.438,79.673 528.631,79.82 C531.831,79.965 532.853,80.001 541,80.001 C549.148,80.001 550.169,79.965 553.369,79.82 C556.562,79.673 558.743,79.167 560.652,78.425 C562.623,77.658 564.297,76.634 565.965,74.965 C567.633,73.296 568.659,71.625 569.425,69.651 C570.167,67.743 570.674,65.562 570.82,62.369 C570.966,59.17 571,58.147 571,50 C571,41.851 570.966,40.831 570.82,37.631\"><\/path><\/g><\/g><\/g><\/svg><\/div><div style=\"padding-top: 8px;\"> <div style=\" color:#3897f0; font-family:Arial,sans-serif; font-size:14px; font-style:normal; font-weight:550; line-height:18px;\">View this post on Instagram<\/div><\/div><div style=\"padding: 12.5% 0;\"><\/div> <div style=\"display: flex; flex-direction: row; margin-bottom: 14px; align-items: center;\"><div> <div style=\"background-color: #F4F4F4; border-radius: 50%; height: 12.5px; width: 12.5px; transform: translateX(0px) translateY(7px);\"><\/div> <div style=\"background-color: #F4F4F4; height: 12.5px; transform: rotate(-45deg) translateX(3px) translateY(1px); width: 12.5px; flex-grow: 0; margin-right: 14px; margin-left: 2px;\"><\/div> <div style=\"background-color: #F4F4F4; border-radius: 50%; height: 12.5px; width: 12.5px; transform: translateX(9px) translateY(-18px);\"><\/div><\/div><div style=\"margin-left: 8px;\"> <div style=\" background-color: #F4F4F4; border-radius: 50%; flex-grow: 0; height: 20px; width: 20px;\"><\/div> <div style=\" width: 0; height: 0; border-top: 2px solid transparent; border-left: 6px solid #f4f4f4; border-bottom: 2px solid transparent; transform: translateX(16px) translateY(-4px) rotate(30deg)\"><\/div><\/div><div style=\"margin-left: auto;\"> <div style=\" width: 0px; border-top: 8px solid #F4F4F4; border-right: 8px solid transparent; transform: translateY(16px);\"><\/div> <div style=\" background-color: #F4F4F4; flex-grow: 0; height: 12px; width: 16px; transform: translateY(-4px);\"><\/div> <div style=\" width: 0; height: 0; border-top: 8px solid #F4F4F4; border-left: 8px solid transparent; transform: translateY(-4px) translateX(8px);\"><\/div><\/div><\/div> <div style=\"display: flex; flex-direction: column; flex-grow: 1; justify-content: center; margin-bottom: 24px;\"> <div style=\" background-color: #F4F4F4; border-radius: 4px; flex-grow: 0; height: 14px; margin-bottom: 6px; width: 224px;\"><\/div> <div style=\" background-color: #F4F4F4; border-radius: 4px; flex-grow: 0; height: 14px; width: 144px;\"><\/div><\/div><\/a><p style=\" color:#c9c8cd; font-family:Arial,sans-serif; font-size:14px; line-height:17px; margin-bottom:0; margin-top:8px; overflow:hidden; padding:8px 0 7px; text-align:center; text-overflow:ellipsis; white-space:nowrap;\"><a href=\"https:\/\/www.instagram.com\/reel\/DPrOe3rkeLu\/?utm_source=ig_embed&amp;utm_campaign=loading\" style=\" color:#c9c8cd; font-family:Arial,sans-serif; font-size:14px; font-style:normal; font-weight:normal; line-height:17px; text-decoration:none;\" target=\"_blank\">A post shared by Libertad Avanza Olavarria (@libertadavanza.olav.oficial)<\/a><\/p><\/div><\/blockquote><script async src=\"\/\/platform.instagram.com\/en_US\/embeds.js\"><\/script>\n<\/div><\/figure>\n\n\n\n<p>Arranquemos por la campa\u00f1a:&nbsp;<strong>el espacio libertario se posicion\u00f3 en Vicente L\u00f3pez y San Mart\u00edn -Paseo Jes\u00fas Mend\u00eda- para militar la boleta que para esa hora era de Karen Reichardt pero luego fue de Diego Santilli y, adem\u00e1s, capacitar tambi\u00e9n a la gente con el nuevo sistema de Boleta \u00danica que\u2026como recordemos, puede que tenga un candidato que no ser\u00e1 candidato.<\/strong><\/p>\n\n\n\n<p>Las presencias m\u00e1s destacadas fueron la de<strong>&nbsp;Celeste Arouxet y el diputado provincial Mart\u00edn Endere<\/strong>, que tiene referencia directa en Santilli y que trabaja la candidatura del \u201cColo\u201d junto a Ezequiel Galli.<\/p>\n\n\n\n<p>Tambi\u00e9n hubo integrantes de la juventud y concejales electos<strong>\u2026y una particularidad en una de las presencias. No fue inocente la presencia de Nicol\u00e1s Zampini, que portaba una gorra de Las Fuerzas del Cielo,<\/strong>&nbsp;que tienen referencia en los \u201ctuiteros\u201d Gordo Dan, Nahuel Sotelo y Agust\u00edn Romo, adem\u00e1s de la coordinaci\u00f3n pol\u00edtica de Santiago Caputo.<\/p>\n\n\n\n<p>\u00bfPor qu\u00e9 no es inocente?&nbsp;<strong>Porque en la interna libertaria, hay una guerra abierta entre Las Fuerzas del Cielo y Sebasti\u00e1n Pareja. Incluso, con iron\u00edas, el Gordo Dan ped\u00eda \u201ccuidar a toda costa\u201d a Diego Santilli \u201cporque si se baja sube Pareja\u201d.<\/strong><\/p>\n\n\n\n<p>\u00bfY por qu\u00e9 es importante resaltar este mensaje?<strong>&nbsp;Porque Pareja es -o era- la referencia de Arouxet, Lascano y la l\u00ednea \u201coficial\u201d de La Libertad Avanza.<\/strong>&nbsp;Ciertas diferencias internas locales sobre el destino que podr\u00eda tomar el espacio generaron las \u00faltimas rispideces entre Pareja y la dirigencia local libertaria.<strong>&nbsp;Incluso, este newsletter logr\u00f3 saber que ser\u00eda la gota que rebals\u00f3 el vaso de una decisi\u00f3n -o decisiones- que se conocer\u00e1n pasado el 26 de octubre. Ahora\u2026a militar.&nbsp;<\/strong><\/p>\n\n\n\n<p><strong>Tampoco fue inocente la cr\u00edtica de Lascano al bullrichismo local en una entrevista en Radio Olavarr\u00eda<\/strong>: los dichos sobre la participaci\u00f3n en la campa\u00f1a generaron enojos y cr\u00edticas por lo bajo a sabiendas de que la historia ser\u00eda un poco tendenciosa si se cuenta de un solo sector.&nbsp;<strong>La P\u00farpura, el bullrichismo, y otros espacios siguen trabajando fuertemente en capacitaciones en toda la S\u00e9ptima, con variada respuesta.<\/strong><\/p>\n\n\n\n<p>Lo concreto es las heridas, lejos de cicatrizar, est\u00e1n m\u00e1s abiertas que nunca.<strong>&nbsp;El movimiento libertario puede implosionar, explotar por los aires o mantenerse en un particular statu quo en el que todo puede quedar igual. Esto \u00faltimo parece imposible, pero ya sabemos c\u00f3mo es el arte de la pol\u00edtica.&nbsp;<\/strong><\/p>\n\n\n\n<p class=\"has-medium-font-size\"><strong>Los dos mensajes de Axel Kicillof<\/strong><\/p>\n\n\n\n<figure class=\"wp-block-image size-full\"><img data-recalc-dims=\"1\" loading=\"lazy\" decoding=\"async\" width=\"800\" height=\"446\" src=\"https:\/\/i0.wp.com\/cdnoticias.com\/wp-content\/uploads\/2025\/10\/kicillof-wesner-00.jpg?resize=800%2C446&#038;ssl=1\" alt=\"\" class=\"wp-image-184629\" srcset=\"https:\/\/i0.wp.com\/cdnoticias.com\/wp-content\/uploads\/2025\/10\/kicillof-wesner-00.jpg?w=1000&amp;ssl=1 1000w, https:\/\/i0.wp.com\/cdnoticias.com\/wp-content\/uploads\/2025\/10\/kicillof-wesner-00.jpg?resize=300%2C167&amp;ssl=1 300w, https:\/\/i0.wp.com\/cdnoticias.com\/wp-content\/uploads\/2025\/10\/kicillof-wesner-00.jpg?resize=768%2C428&amp;ssl=1 768w, https:\/\/i0.wp.com\/cdnoticias.com\/wp-content\/uploads\/2025\/10\/kicillof-wesner-00.jpg?resize=800%2C445&amp;ssl=1 800w\" sizes=\"auto, (max-width: 800px) 100vw, 800px\" \/><\/figure>\n\n\n\n<p><strong>El gobernador vino a Olavarr\u00eda el mi\u00e9rcoles.&nbsp;<\/strong>Unas cuatro horas marat\u00f3nicas de reuniones:<strong>&nbsp;en la empresa Cerro Negro, en el barrio Ceco 3 y en la Municipalidad para cerrar con un encuentro interno de dirigentes. Justamente, en el Sal\u00f3n Rivadavia Kicillof cumpli\u00f3 su primer objetivo: una foto con&nbsp; numerosos representantes de sectores empresarios, empresarios y dirigentes sindicales. La Uni\u00f3n Industrial, el Parque Industrial, la C\u00e1mara Empresaria, la Sociedad Rural y la CGT estuvieron all\u00ed.&nbsp;<\/strong>A un costado, al lado de los funcionarios estuvieron representantes de Loma Negra, Cementos Avellaneda y Cerro Negro, adem\u00e1s de muchas otras firmas.<\/p>\n\n\n\n<p>La intenci\u00f3n era&nbsp;<strong>contrastar con la foto que el s\u00e1bado anterior hab\u00edan hecho los candidatos de La Libertad Avanza, Espert y Santilli, en la C\u00e1mara Empresaria. Es que en ese encuentro hubo muy pocos referentes. El gobernador quiso posicionarse como apoyo al sector productivo, en contraste con la gesti\u00f3n nacional.<\/strong><\/p>\n\n\n\n<p>Y aqu\u00ed vinieron sus dos mensajes.&nbsp;<strong>El primero: explicar la cadena decisiones nacionales y situaciones que deriva en la ca\u00edda de ventas y recesi\u00f3n.&nbsp;<\/strong>\u201cEsto es la pol\u00edtica econ\u00f3mica de Milei. Milei quiere, lo dijo a principios de a\u00f1o, paritaria cero. Y dice que la inflaci\u00f3n baj\u00f3 un mont\u00f3n. Supongamos que dan los n\u00fameros mejores que plantean, 25%. Imag\u00ednense aumento cero con 25% de inflaci\u00f3n: es un cuarto menos de salario para todo el mundo, son tres meses sin cobrar. Y esto es lo que est\u00e1 pasando. Como no hay salario y como baja la jubilaci\u00f3n, no hay mercado interno. Como no hay mercado interno no hay demanda. Como no hay demanda no hay venta. Y como no hay venta no hay producci\u00f3n. Si al mismo tiempo se mantiene un d\u00f3lar atrasado, tampoco se puede exportar. Importaciones abiertas, todos los productos de importaci\u00f3n. Hay un aluvi\u00f3n importador\u201d dijo.<\/p>\n\n\n\n<p>Justamente,&nbsp;<strong>el objetivo del gobernador fue pegar el nombre \u201cJavier Milei\u201d a cada problema econ\u00f3mico que plante\u00f3. Y de all\u00ed se desprendi\u00f3 su segundo mensaje: \u201cla crisis existe, tiene una responsabilidad, es la pol\u00edtica econ\u00f3mica. Y la \u00fanica forma de oponerse es en las urnas&#8221; remarc\u00f3. Con ello llam\u00f3 a votar a Fuerza Patria con elogios a la agrupaci\u00f3n que integra.<\/strong><\/p>\n\n\n\n<p>El gobernador busc\u00f3 dejar aclarados objetivos y l\u00edmites de su planteo.&nbsp;<strong>Es decir, la pretensi\u00f3n es obtener una victoria electoral para lograr que el presidente modifique su pol\u00edtica econ\u00f3mica<\/strong>&nbsp;-\u201ctiene que escuchar Milei, y eso se hace en las urnas\u201d indic\u00f3- y en ese sentido record\u00f3 que se trata de una elecci\u00f3n legislativa.<strong>&nbsp;Fuerza Patria no pretende adelantar el final de mandato libertario: \u201c\u00bfQu\u00e9 tiene que pasar con Milei? Tiene que gobernar, pero para la gente, no es que queremos que se vaya. No estamos trabajando para otra cosa, lo hacemos institucionalmente, en el Congreso Nacional\u201d.&nbsp;<\/strong><\/p>\n\n\n\n<p class=\"has-medium-font-size\"><strong>Una foto, un liderazgo<\/strong><\/p>\n\n\n\n<figure class=\"wp-block-image size-full\"><img data-recalc-dims=\"1\" loading=\"lazy\" decoding=\"async\" width=\"800\" height=\"445\" src=\"https:\/\/i0.wp.com\/cdnoticias.com\/wp-content\/uploads\/2025\/10\/wesner-cristina-fernandez.jpg?resize=800%2C445&#038;ssl=1\" alt=\"\" class=\"wp-image-184362\" srcset=\"https:\/\/i0.wp.com\/cdnoticias.com\/wp-content\/uploads\/2025\/10\/wesner-cristina-fernandez.jpg?w=1000&amp;ssl=1 1000w, https:\/\/i0.wp.com\/cdnoticias.com\/wp-content\/uploads\/2025\/10\/wesner-cristina-fernandez.jpg?resize=300%2C167&amp;ssl=1 300w, https:\/\/i0.wp.com\/cdnoticias.com\/wp-content\/uploads\/2025\/10\/wesner-cristina-fernandez.jpg?resize=768%2C427&amp;ssl=1 768w, https:\/\/i0.wp.com\/cdnoticias.com\/wp-content\/uploads\/2025\/10\/wesner-cristina-fernandez.jpg?resize=800%2C445&amp;ssl=1 800w\" sizes=\"auto, (max-width: 800px) 100vw, 800px\" \/><\/figure>\n\n\n\n<p>Mientras todo el mundo estaba empe\u00f1ado por dejar vieja la \u00faltima edici\u00f3n de este newsletter el mismo domingo -con la renuncia de Espert a la candidatura alcanzaba y sobraba-&nbsp;<strong>el jefe comunal dio a conocer una foto en la que confirm\u00f3, junto a un grupo de dirigentes y legisladores la visita a Cristina Fern\u00e1ndez de Kirchner en San Jos\u00e9 1111, lugar donde cumple prisi\u00f3n domiciliaria en la causa denominada Vialidad.<\/strong><\/p>\n\n\n\n<p><strong>\u201cMemoria, gratitud y esperanza @CFKArgentina. Su fuerza y coraje nunca dejan de asombrar y es un orgullo ante la injusticia, la persecuci\u00f3n y la proscripci\u00f3n\u201d<\/strong>&nbsp;dijo el propio Wesner en el mensaje que dio a conocer junto a la foto, en la que agreg\u00f3 que \u201ccompartimos la realidad que atraviesan nuestras ciudades y la certeza de que un modelo agotado no puede ofrecer futuro. Es tiempo de construir una alternativa seria, clara y contundente hacia adelante\u201d.<\/p>\n\n\n\n<p>Fue tambi\u00e9n mostrar el aporte del espacio a la Legislatura Bonaerense: recordemos que el pasado 7 de septiembre Fuerza Patria logr\u00f3 el hecho hist\u00f3rico de que los tres candidatos a senadores terminen electos.<strong>&nbsp;En la foto hubo dos de tres (Marcos Pisano tiene ra\u00edz en el Frente Renovador) y Mar\u00eda In\u00e9s Laurini y Evelyn D\u00edaz posaron junto a la ex Presidenta en una imagen fuerte para el peronismo seccional.<\/strong><\/p>\n\n\n\n<p>Vale decir adem\u00e1s que tambi\u00e9n estuvieron&nbsp;<strong>Wesner, Sombra, la jefa de gabinete (y diputada provincial de licencia) Mercedes Land\u00edvar y el ex diputado provincial C\u00e9sar Valicenti.&nbsp;<\/strong><\/p>\n\n\n\n<p>Seg\u00fan logr\u00f3 saber Volver a las Fuentes,<strong>&nbsp;el encuentro dur\u00f3 aproximadamente dos horas y se bas\u00f3 en escuchar y debatir sobre el trabajo en territorio, particularmente en las dos intendencias representadas.<\/strong>&nbsp;De hecho, hubo un extenso repaso de an\u00e9cdotas y sugerencias de trabajo de cuando N\u00e9stor Kirchner fue intendente de R\u00edo Gallegos en a\u00f1os de hiperinflaci\u00f3n e inestabilidad econ\u00f3mica,<strong>&nbsp;momento complejo para gobernar si los hubo. \u201cLa fortaleza de esa mujer es algo que es muy dif\u00edcil de describir, est\u00e1 mejor que todos nosotros\u201d&nbsp;<\/strong>se\u00f1al\u00f3, hasta con cierta envidia sana, uno de los participantes del encuentro.&nbsp;<\/p>\n\n\n\n<p>En resumen,&nbsp;<strong>en menos de siete d\u00edas, Maximiliano Wesner y Nelson Sombra tuvieron una foto con Cristina Fern\u00e1ndez y otra con Axel Kicillof. Es que el intendente de Azul estuvo en nuestra ciudad durante la visita del gobernador.<\/strong><\/p>\n\n\n\n<p class=\"has-medium-font-size\"><strong>A defender la Zona Fr\u00eda<\/strong><\/p>\n\n\n\n<figure class=\"wp-block-image size-large\"><img data-recalc-dims=\"1\" loading=\"lazy\" decoding=\"async\" width=\"800\" height=\"533\" src=\"https:\/\/i0.wp.com\/cdnoticias.com\/wp-content\/uploads\/2025\/10\/wesner-zona-fria.jpeg?resize=800%2C533&#038;ssl=1\" alt=\"\" class=\"wp-image-184514\" srcset=\"https:\/\/i0.wp.com\/cdnoticias.com\/wp-content\/uploads\/2025\/10\/wesner-zona-fria.jpeg?resize=1024%2C682&amp;ssl=1 1024w, https:\/\/i0.wp.com\/cdnoticias.com\/wp-content\/uploads\/2025\/10\/wesner-zona-fria.jpeg?resize=300%2C200&amp;ssl=1 300w, https:\/\/i0.wp.com\/cdnoticias.com\/wp-content\/uploads\/2025\/10\/wesner-zona-fria.jpeg?resize=768%2C512&amp;ssl=1 768w, https:\/\/i0.wp.com\/cdnoticias.com\/wp-content\/uploads\/2025\/10\/wesner-zona-fria.jpeg?resize=1536%2C1023&amp;ssl=1 1536w, https:\/\/i0.wp.com\/cdnoticias.com\/wp-content\/uploads\/2025\/10\/wesner-zona-fria.jpeg?resize=272%2C182&amp;ssl=1 272w, https:\/\/i0.wp.com\/cdnoticias.com\/wp-content\/uploads\/2025\/10\/wesner-zona-fria.jpeg?w=1600&amp;ssl=1 1600w\" sizes=\"auto, (max-width: 800px) 100vw, 800px\" \/><\/figure>\n\n\n\n<p>Citados por integrantes del Congreso, tanto&nbsp;<strong>Maxi Wesner como Nelson Sombra participaron de la Comisi\u00f3n de Defensa del Consumidor, del Usuario y de la Competencia para explicar los alcances y la importancia de la Zona Fr\u00eda en nuestra regi\u00f3n, que fue ampliada en 2021.&nbsp;<\/strong><\/p>\n\n\n\n<p>Recordemos que&nbsp;<strong>en el Presupuesto 2026 presentado por el Presidente Milei deroga esta ampliaci\u00f3n que permite que 43.271 usuarios de gas olavarrienses accedan a descuentos de entre el 30% y el 50% de disminuci\u00f3n de pago de la boleta de gas dado que el promedio de temperatura es m\u00e1s bajo que en otras zonas del pa\u00eds.<\/strong><\/p>\n\n\n\n<p>\u201cDerogar esta ley es desconocer las bajas temperaturas que sufren las familias no solo en invierno, sino durante gran parte del a\u00f1o. Olavarr\u00eda, en varias ocasiones, ha sido la ciudad m\u00e1s fr\u00eda de la provincia de Buenos Aires y a nivel nacional es comparable con localidades de Tierra del Fuego o R\u00edo Negro. Se trata de un derecho b\u00e1sico, no de un privilegio\u201d, destac\u00f3 Wesner que, adem\u00e1s de estar presente, fue orador de la Comisi\u00f3n.<\/p>\n\n\n\n<p>En esa misma l\u00ednea agreg\u00f3:&nbsp;<strong>\u201cEsta medida har\u00eda a\u00fan m\u00e1s dif\u00edcil la vida de muchas familias que ya enfrentan una profunda crisis y que a diario vemos c\u00f3mo deben elegir entre pagar el alquiler, comprar medicamentos o financiar la comida en cuotas\u201d,<\/strong>&nbsp;expres\u00f3 el jefe comunal, en sinton\u00eda con toda la situaci\u00f3n compleja que denuncia el jefe comunal en cada oportunidad que tiene de analizar la realidad de nuestro distrito.<\/p>\n\n\n\n<p>En base a iniciativas de agrupaciones de defensa al consumidor, agrupaciones pol\u00edticas e incluso funcionarios y legisladores, la preocupaci\u00f3n estaba no s\u00f3lo por la posible derogaci\u00f3n de esta ampliaci\u00f3n de la Zona Fr\u00eda, sino tambi\u00e9n del Presupuesto mismo. \u201c<strong>Milei tiene que dejar de gobernar con el Presupuesto 2023 pero tampoco podemos permitir estos atropellos a nuestros vecinos en nombre de un ajuste que s\u00f3lo lo paga la gente\u201d<\/strong>&nbsp;se\u00f1alaron a este newsletter de una de las agrupaciones de defensa al consumidor que tambi\u00e9n particip\u00f3 de la comisi\u00f3n.<\/p>\n\n\n\n<p class=\"has-medium-font-size\"><strong>Acusaciones cruzadas en el HCD<\/strong><\/p>\n\n\n\n<figure class=\"wp-block-image size-full\"><img data-recalc-dims=\"1\" loading=\"lazy\" decoding=\"async\" width=\"800\" height=\"445\" src=\"https:\/\/i0.wp.com\/cdnoticias.com\/wp-content\/uploads\/2025\/10\/HCD-aguilera-hilario-galli.jpg?resize=800%2C445&#038;ssl=1\" alt=\"\" class=\"wp-image-184496\" srcset=\"https:\/\/i0.wp.com\/cdnoticias.com\/wp-content\/uploads\/2025\/10\/HCD-aguilera-hilario-galli.jpg?w=1000&amp;ssl=1 1000w, https:\/\/i0.wp.com\/cdnoticias.com\/wp-content\/uploads\/2025\/10\/HCD-aguilera-hilario-galli.jpg?resize=300%2C167&amp;ssl=1 300w, https:\/\/i0.wp.com\/cdnoticias.com\/wp-content\/uploads\/2025\/10\/HCD-aguilera-hilario-galli.jpg?resize=768%2C427&amp;ssl=1 768w, https:\/\/i0.wp.com\/cdnoticias.com\/wp-content\/uploads\/2025\/10\/HCD-aguilera-hilario-galli.jpg?resize=800%2C445&amp;ssl=1 800w\" sizes=\"auto, (max-width: 800px) 100vw, 800px\" \/><\/figure>\n\n\n\n<p>Esta semana&nbsp;<strong>la comisi\u00f3n de Hacienda le dio el paseo a Legislaci\u00f3n al proyecto que impuls\u00f3 la Uni\u00f3n Industrial para afectar parte de la recudaci\u00f3n de la Tasa de Seguridad e Higiene. El martes, en Legislaci\u00f3n, el Pro intent\u00f3 que el proyecto pase directo a la sesi\u00f3n del jueves, pero Uni\u00f3n por la Patria se opuso.<\/strong><\/p>\n\n\n\n<p>Ante ello,<strong>&nbsp;el Pro acus\u00f3 al oficialismo de \u201cfrenar\u201d el tema.&nbsp;<\/strong>\u201cDesde los bloques PRO-ERF y Juntos por Olavarr\u00eda busc\u00e1bamos que la iniciativa pudiera avanzar antes de la presentaci\u00f3n del Presupuesto 2026, que el Poder Ejecutivo debe elevar antes del 31 de octubre, con el objetivo de brindar una herramienta \u00fatil tanto para el sector productivo como para el propio Municipio\u201d argumentaron sobre su postura.<\/p>\n\n\n\n<p>Federico Aguilera hizo hincapi\u00e9 en que<strong>&nbsp;\u201cno tuvo tiempo de estudio en Legislaci\u00f3n&#8221;<\/strong>&nbsp;el tema con lo que &#8220;se determin\u00f3 que quede en an\u00e1lisis a la espera de opini\u00f3n y respuesta que est\u00e1 elaborando el Ejecutivo para la ordenanza con nuevas sugerencias\u201d.<\/p>\n\n\n\n<p>Adem\u00e1s, apunt\u00f3 que<strong>&nbsp;\u201cel Pro est\u00e1 apurado por sacar una ordenanza que jam\u00e1s hubieran aprobado siendo gesti\u00f3n, de hecho jam\u00e1s hubo en ocho a\u00f1os una propuesta o acci\u00f3n en ese sentido, y que no es de su autor\u00eda. Precisamente por eso la quieren llevar a sesi\u00f3n, para que se apruebe tal cual est\u00e1 sin ning\u00fan aporte del Ejecutivo\u201d.&nbsp;<\/strong>Y sigui\u00f3: \u201csi al bloque Pro le importan realmente las pymes y la industria de nuestro municipio no deber\u00eda apoyar a un gobierno nacional que las est\u00e1 destruyendo con el parate de la obra p\u00fablica, la apertura de importaciones y la ca\u00edda del consumo. Lo que hacen es pura especulaci\u00f3n pol\u00edtica\u201d.<\/p>\n\n\n\n<p>Ante estos dichos,&nbsp;<strong>Hilario Galli contest\u00f3 que el expediente ingres\u00f3 hace tres meses al egislativo, &#8220;\u00bfCu\u00e1nto m\u00e1s tiempo necesitan para \u201cestudiar\u201d un proyecto que busca dar respuesta a una falta de acci\u00f3n evidente por parte del Ejecutivo?\u201d. Asimismo cuestion\u00f3 al Ejecutivo por subejecuci\u00f3n de fondos destinados a inversiones.<\/strong><\/p>\n\n\n\n<p>En conclusi\u00f3n, el proyecto de afectaci\u00f3n de la tasa sigue en Legislaci\u00f3n.<\/p>\n\n\n\n<p>En la sesi\u00f3n del jueves del HCD no hubo proyectos destacados en tratamiento.<strong>&nbsp;S\u00ed, al cierre de la sesi\u00f3n, los bloques se expresaron en solidaridad y acompa\u00f1amiento a Javier Fr\u00edas quien fue trasladado el jueves para seguir su tratamiento en internaci\u00f3n domiciliaria por las consecuencias del disparo que sufri\u00f3 en un robo el s\u00e1bado pasado.<\/strong><\/p>\n\n\n\n<p>Su compa\u00f1era del bloque Juntos por Olavarr\u00eda, Guillermina Amespil, dijo<strong>&nbsp;\u201cno queremos solo tener que agradecerle a dios sino que hagamos todo lo posible para vivir m\u00e1s tranquilos\u201d. Al describir el hecho cont\u00f3 que \u201cfue el s\u00e1bado a la ma\u00f1ana a plena luz del d\u00eda. No s\u00e9 si hay cosa m\u00e1s digna que entregar pan y en esta circunstancia se llev\u00f3 el peor de los sustos, fue herido de bala y su vida ya no es la misma. Esperamos su pronta recuperaci\u00f3n, nos pegamos un buen susto\u201d.<\/strong><\/p>\n\n\n\n<p class=\"has-medium-font-size\"><strong>Cortitas<\/strong><\/p>\n\n\n\n<p>Apoyo a la presentaci\u00f3n judicial por la ruta 3.&nbsp;<a href=\"https:\/\/gmail.us17.list-manage.com\/track\/click?u=cba2a41506a8e26d100c3f0f8&amp;id=51c9dfb187&amp;e=b6c762679c\" target=\"_blank\" rel=\"noreferrer noopener\">En el HCD de Azul se aprob\u00f3 por mayor\u00eda una resoluci\u00f3n que avala la presentaci\u00f3n judicial del intendente Nelson Sombra.&nbsp;<\/a>Al momento de la votaci\u00f3n obtuvo el apoyo de los bloques Fuerza Patria, Peronismo para el Desarrollo, UCR para el Desarrollo, GEN, Somos Buenos Aires -ex Podemos Azul- y Nuevo Azul. Fue rechazado por los ediles de La Libertad Avanza, UCR y UCR Azul.<\/p>\n\n\n\n<p><strong>Proponen regular los sueldos de intendentes y concejales bonaerenses.<\/strong>&nbsp;Es un proyecto de Natalia Dziakowski (UCR-Cambio Federal) busca corregir inequidades en la Ley Org\u00e1nica. Establece topes y controles y determina criterios para salarios y dietas.&nbsp;<a href=\"https:\/\/gmail.us17.list-manage.com\/track\/click?u=cba2a41506a8e26d100c3f0f8&amp;id=a0e3462fa5&amp;e=b6c762679c\" target=\"_blank\" rel=\"noreferrer noopener\">Entre ellos, propone que un concejal no debe superar el sueldo de un legislador provincial y que los intendentes no puedan ganar m\u00e1s que el gobernador.&nbsp;<\/a><\/p>\n\n\n\n<p class=\"has-medium-font-size\"><strong><u>El newsletter<\/u><\/strong><\/p>\n\n\n\n<p>Esta publicaci\u00f3n es la edici\u00f3n de este domingo del newsletter Volver a las Fuentes que escriben Alexis Grierson y Josefina Bargas.<a href=\"https:\/\/linktr.ee\/volveralasfuentes\"> Tiene un sistema de suscripci\u00f3n econ\u00f3mica y aportes \u00fanicos al que se puede acceder aqu\u00ed.<\/a><\/p>\n","protected":false},"excerpt":{"rendered":"<p>Una semana de campa\u00f1a y fotos: Kicillof en Olavarr\u00eda y una mesa m\u00e1s que representativa. El llamativo detalle de la<\/p>\n","protected":false},"author":2,"featured_media":185005,"comment_status":"closed","ping_status":"closed","sticky":false,"template":"","format":"standard","meta":{"_jetpack_memberships_contains_paid_content":false,"footnotes":""},"categories":[4,1],"tags":[],"class_list":["post-185004","post","type-post","status-publish","format-standard","has-post-thumbnail","hentry","category-politica","category-portada"],"jetpack_featured_media_url":"https:\/\/i0.wp.com\/cdnoticias.com\/wp-content\/uploads\/2025\/10\/IMG_0066-e1760311891549.jpeg?fit=1398%2C714&ssl=1","jetpack_sharing_enabled":true,"_links":{"self":[{"href":"https:\/\/cdnoticias.com\/index.php\/wp-json\/wp\/v2\/posts\/185004","targetHints":{"allow":["GET"]}}],"collection":[{"href":"https:\/\/cdnoticias.com\/index.php\/wp-json\/wp\/v2\/posts"}],"about":[{"href":"https:\/\/cdnoticias.com\/index.php\/wp-json\/wp\/v2\/types\/post"}],"author":[{"embeddable":true,"href":"https:\/\/cdnoticias.com\/index.php\/wp-json\/wp\/v2\/users\/2"}],"replies":[{"embeddable":true,"href":"https:\/\/cdnoticias.com\/index.php\/wp-json\/wp\/v2\/comments?post=185004"}],"version-history":[{"count":0,"href":"https:\/\/cdnoticias.com\/index.php\/wp-json\/wp\/v2\/posts\/185004\/revisions"}],"wp:featuredmedia":[{"embeddable":true,"href":"https:\/\/cdnoticias.com\/index.php\/wp-json\/wp\/v2\/media\/185005"}],"wp:attachment":[{"href":"https:\/\/cdnoticias.com\/index.php\/wp-json\/wp\/v2\/media?parent=185004"}],"wp:term":[{"taxonomy":"category","embeddable":true,"href":"https:\/\/cdnoticias.com\/index.php\/wp-json\/wp\/v2\/categories?post=185004"},{"taxonomy":"post_tag","embeddable":true,"href":"https:\/\/cdnoticias.com\/index.php\/wp-json\/wp\/v2\/tags?post=185004"}],"curies":[{"name":"wp","href":"https:\/\/api.w.org\/{rel}","templated":true}]}}