{"id":184996,"date":"2025-10-12T20:11:53","date_gmt":"2025-10-12T23:11:53","guid":{"rendered":"https:\/\/cdnoticias.com\/?p=184996"},"modified":"2025-10-12T20:31:59","modified_gmt":"2025-10-12T23:31:59","slug":"en-bolivar-un-hombre-fue-detenido-acusado-de-intentar-prender-fuego-a-su-pareja","status":"publish","type":"post","link":"https:\/\/cdnoticias.com\/index.php\/2025\/10\/12\/en-bolivar-un-hombre-fue-detenido-acusado-de-intentar-prender-fuego-a-su-pareja\/","title":{"rendered":"En Bol\u00edvar, un hombre fue detenido acusado de intentar prender fuego a su pareja"},"content":{"rendered":"\n<p>La v\u00edctima, de 33 a\u00f1os, permanece internada en terapia intensiva con quemaduras en el rostro, t\u00f3rax y brazos. La causa pas\u00f3 de \u201cAveriguaci\u00f3n de il\u00edcito\u201d a \u201cTentativa de femicidio\u201d.<\/p>\n\n\n\n<hr class=\"wp-block-separator aligncenter has-alpha-channel-opacity\"\/>\n\n\n\n<p><em>Foto e informaci\u00f3n: Presente Noticias<\/em><\/p>\n\n\n\n<p>La Jefatura Departamental de Seguridad de Bol\u00edvar emiti\u00f3 un nuevo informe oficial sobre el <strong>grave episodio ocurrido el pasado viernes, cuando una mujer de 33 a\u00f1os ingres\u00f3 al Hospital Miguel Capredoni con quemaduras en el cuerpo y rostro.<\/strong><\/p>\n\n\n\n<p>En un primer momento, la causa hab\u00eda sido caratulada como \u201cAveriguaci\u00f3n de il\u00edcito\u201d, ya que la v\u00edctima manifest\u00f3 que las lesiones se habr\u00edan producido tras la explosi\u00f3n del horno de su domicilio.<\/p>\n\n\n\n<p>Sin embargo, <strong>un familiar de la mujer declar\u00f3 ante la Polic\u00eda que ella le hab\u00eda revelado que su pareja, un hombre de 37 a\u00f1os, le arroj\u00f3 alcohol y la prendi\u00f3 fuego, aunque a\u00fan se desconocen los motivos que originaron la agresi\u00f3n.<\/strong><\/p>\n\n\n\n<p>Ante esta declaraci\u00f3n,<strong> la Fiscal\u00eda N\u00b015 de Bol\u00edvar dispuso preservar el lugar del hecho y convocar a Polic\u00eda Cient\u00edfica, que realiz\u00f3 las pericias correspondientes.<\/strong><\/p>\n\n\n\n<p><strong>La mujer fue diagnosticada con quemaduras de primer y segundo grado en rostro, t\u00f3rax, abdomen y miembros superiores, por lo que permanece internada en la Unidad de Terapia Intensiva.<\/strong><\/p>\n\n\n\n<p>Durante la ma\u00f1ana del s\u00e1bado 11, la doctora M\u00f3nica Hern\u00e1ndez, titular de la Fiscal\u00eda local,<strong> se present\u00f3 en el hospital ante las contradicciones entre los relatos y las sospechas de que la v\u00edctima podr\u00eda encontrarse bajo amenazas. Por este motivo, se ordenaron tareas judiciales en el hospital, con la intervenci\u00f3n de la Comisar\u00eda de la Mujer y la Sub DDI Bol\u00edvar.<\/strong><\/p>\n\n\n\n<p>Tras las diligencias, <strong>se logr\u00f3 determinar la autor\u00eda del hecho por parte de la pareja de la v\u00edctima, quien la roci\u00f3 con alcohol y la prendi\u00f3 fuego.<\/strong><\/p>\n\n\n\n<p>Con las nuevas pruebas incorporadas<strong>, la investigaci\u00f3n dio un giro decisivo y la causa fue recaratulada como \u201cTentativa de femicidio\u201d.<\/strong><\/p>\n\n\n\n<p><strong>El imputado fue detenido por personal del GTO de la Comisar\u00eda de Bol\u00edvar y trasladado inicialmente a esa dependencia<\/strong>. Posteriormente, fue derivado a la Comisar\u00eda de Tapalqu\u00e9, donde qued\u00f3 a disposici\u00f3n de la Justicia.<\/p>\n","protected":false},"excerpt":{"rendered":"<p>La v\u00edctima, de 33 a\u00f1os, permanece internada en terapia intensiva con quemaduras en el rostro, t\u00f3rax y brazos. La causa<\/p>\n","protected":false},"author":2,"featured_media":184997,"comment_status":"closed","ping_status":"closed","sticky":false,"template":"","format":"standard","meta":{"_jetpack_memberships_contains_paid_content":false,"footnotes":""},"categories":[14,1],"tags":[],"class_list":["post-184996","post","type-post","status-publish","format-standard","has-post-thumbnail","hentry","category-policiales","category-portada"],"jetpack_featured_media_url":"https:\/\/i0.wp.com\/cdnoticias.com\/wp-content\/uploads\/2025\/10\/intento-femicidio-bolivar.jpg?fit=986%2C578&ssl=1","jetpack_sharing_enabled":true,"_links":{"self":[{"href":"https:\/\/cdnoticias.com\/index.php\/wp-json\/wp\/v2\/posts\/184996","targetHints":{"allow":["GET"]}}],"collection":[{"href":"https:\/\/cdnoticias.com\/index.php\/wp-json\/wp\/v2\/posts"}],"about":[{"href":"https:\/\/cdnoticias.com\/index.php\/wp-json\/wp\/v2\/types\/post"}],"author":[{"embeddable":true,"href":"https:\/\/cdnoticias.com\/index.php\/wp-json\/wp\/v2\/users\/2"}],"replies":[{"embeddable":true,"href":"https:\/\/cdnoticias.com\/index.php\/wp-json\/wp\/v2\/comments?post=184996"}],"version-history":[{"count":0,"href":"https:\/\/cdnoticias.com\/index.php\/wp-json\/wp\/v2\/posts\/184996\/revisions"}],"wp:featuredmedia":[{"embeddable":true,"href":"https:\/\/cdnoticias.com\/index.php\/wp-json\/wp\/v2\/media\/184997"}],"wp:attachment":[{"href":"https:\/\/cdnoticias.com\/index.php\/wp-json\/wp\/v2\/media?parent=184996"}],"wp:term":[{"taxonomy":"category","embeddable":true,"href":"https:\/\/cdnoticias.com\/index.php\/wp-json\/wp\/v2\/categories?post=184996"},{"taxonomy":"post_tag","embeddable":true,"href":"https:\/\/cdnoticias.com\/index.php\/wp-json\/wp\/v2\/tags?post=184996"}],"curies":[{"name":"wp","href":"https:\/\/api.w.org\/{rel}","templated":true}]}}