{"id":184971,"date":"2025-10-12T18:25:49","date_gmt":"2025-10-12T21:25:49","guid":{"rendered":"https:\/\/cdnoticias.com\/?p=184971"},"modified":"2025-10-12T18:55:16","modified_gmt":"2025-10-12T21:55:16","slug":"un-joven-fallecido-y-otro-en-estado-reservado-tras-un-despiste-en-la-ruta-73","status":"publish","type":"post","link":"https:\/\/cdnoticias.com\/index.php\/2025\/10\/12\/un-joven-fallecido-y-otro-en-estado-reservado-tras-un-despiste-en-la-ruta-73\/","title":{"rendered":"Un joven fallecido y otro en estado reservado tras un despiste en la ruta 73"},"content":{"rendered":"\n<p>El siniestro ocurri\u00f3 en la ma\u00f1ana de este domingo entre Claromec\u00f3 y San Francisco de Bellocq. El auto en el que viajaban dos j\u00f3venes impact\u00f3 contra un alambrado.<\/p>\n\n\n\n<hr class=\"wp-block-separator aligncenter has-alpha-channel-opacity\"\/>\n\n\n\n<p>Un <strong>tr\u00e1gico accidente vial se registr\u00f3 este domingo por la ma\u00f1ana en el kil\u00f3metro 18 de la ruta 73, entre Claromec\u00f3 y San Francisco de Bellocq<\/strong>, cuando un veh\u00edculo que circulaba en sentido Tres Arroyos\u2013Claromec\u00f3 se despist\u00f3 e impact\u00f3 contra un alambrado.<\/p>\n\n\n\n<p>Seg\u00fan se inform\u00f3,<strong> el Fiat Punto negro en el que viajaban dos j\u00f3venes claromequenses se sali\u00f3 de la cinta asf\u00e1ltica por causas que a\u00fan se investigan. Como consecuencia del impacto, falleci\u00f3 Nicol\u00e1s Di Benedetto, de 25 a\u00f1os, mientras que el otro ocupante, Nicol\u00e1s Pedrelli, de 30, fue trasladado al Centro Municipal de Salud de Tres Arroyos, donde permanece internado en estado reservado.<\/strong><\/p>\n\n\n\n<p>En el lugar trabajaron Bomberos Voluntarios de Claromec\u00f3 y San Francisco de Bellocq, personal del Comando de Prevenci\u00f3n Rural (CPR), una ambulancia de Claromec\u00f3 y agentes de Patrulla Urbana.<\/p>\n\n\n\n<p><strong>El hecho gener\u00f3 conmoci\u00f3n en la localidad balnearia ya que Di Benedetto era vecino de Claromec\u00f3<\/strong>, lo que dej\u00f3 un importante acompa\u00f1amiento a la familia del joven con muestras de solidaridad y afecto.<\/p>\n","protected":false},"excerpt":{"rendered":"<p>El siniestro ocurri\u00f3 en la ma\u00f1ana de este domingo entre Claromec\u00f3 y San Francisco de Bellocq. El auto en el<\/p>\n","protected":false},"author":2,"featured_media":184972,"comment_status":"closed","ping_status":"closed","sticky":false,"template":"","format":"standard","meta":{"_jetpack_memberships_contains_paid_content":false,"footnotes":""},"categories":[6,1],"tags":[],"class_list":["post-184971","post","type-post","status-publish","format-standard","has-post-thumbnail","hentry","category-nacionales","category-portada"],"jetpack_featured_media_url":"https:\/\/i0.wp.com\/cdnoticias.com\/wp-content\/uploads\/2025\/10\/accidente-claromeco.jpg?fit=867%2C515&ssl=1","jetpack_sharing_enabled":true,"_links":{"self":[{"href":"https:\/\/cdnoticias.com\/index.php\/wp-json\/wp\/v2\/posts\/184971","targetHints":{"allow":["GET"]}}],"collection":[{"href":"https:\/\/cdnoticias.com\/index.php\/wp-json\/wp\/v2\/posts"}],"about":[{"href":"https:\/\/cdnoticias.com\/index.php\/wp-json\/wp\/v2\/types\/post"}],"author":[{"embeddable":true,"href":"https:\/\/cdnoticias.com\/index.php\/wp-json\/wp\/v2\/users\/2"}],"replies":[{"embeddable":true,"href":"https:\/\/cdnoticias.com\/index.php\/wp-json\/wp\/v2\/comments?post=184971"}],"version-history":[{"count":0,"href":"https:\/\/cdnoticias.com\/index.php\/wp-json\/wp\/v2\/posts\/184971\/revisions"}],"wp:featuredmedia":[{"embeddable":true,"href":"https:\/\/cdnoticias.com\/index.php\/wp-json\/wp\/v2\/media\/184972"}],"wp:attachment":[{"href":"https:\/\/cdnoticias.com\/index.php\/wp-json\/wp\/v2\/media?parent=184971"}],"wp:term":[{"taxonomy":"category","embeddable":true,"href":"https:\/\/cdnoticias.com\/index.php\/wp-json\/wp\/v2\/categories?post=184971"},{"taxonomy":"post_tag","embeddable":true,"href":"https:\/\/cdnoticias.com\/index.php\/wp-json\/wp\/v2\/tags?post=184971"}],"curies":[{"name":"wp","href":"https:\/\/api.w.org\/{rel}","templated":true}]}}