{"id":184961,"date":"2025-10-12T17:15:10","date_gmt":"2025-10-12T20:15:10","guid":{"rendered":"https:\/\/cdnoticias.com\/?p=184961"},"modified":"2025-10-12T17:15:12","modified_gmt":"2025-10-12T20:15:12","slug":"berta-leonor-oliver-viuda-de-pena-q-e-p-d","status":"publish","type":"post","link":"https:\/\/cdnoticias.com\/index.php\/2025\/10\/12\/berta-leonor-oliver-viuda-de-pena-q-e-p-d\/","title":{"rendered":"Berta Leonor Oliver viuda de Pe\u00f1a (Q.E.P.D.)"},"content":{"rendered":"\n<hr class=\"wp-block-separator aligncenter has-alpha-channel-opacity\"\/>\n\n\n\n<p>Falleci\u00f3 en Olavarr\u00eda el 12 de octubre de 2025 a los 91 a\u00f1os. Su hija M\u00f3nica. Sus hijos pol\u00edticos Luis y Luisa. Sus nietos Florencia, Sol, Juan Mart\u00edn, Diego, Roc\u00edo y Emilio. Su nieto pol\u00edtico Alejandro. Sus bisnietos Diego, Sof\u00eda, Martina y Filippo; y dem\u00e1s deudos participan su fallecimiento.<\/p>\n\n\n\n<p>Sus restos ser\u00e1n velados en la Sala de Espa\u00f1a 2942 departamento \u201cD\u201d, comenzando a las 16:00 horas, cerrando a las 22:00 horas y reabriendo a las 08:00 horas. El responso se realizar\u00e1 en la Capilla Ardiente e inhumados en el Cementerio Loma de Paz este lunes 13 de octubre a las 10:30 horas. Servicio adherido a Coopelectric.<\/p>\n\n\n\n<p>Nacida en General Guido, vecina de barrio Roca Merlo, jubilada y pensionada.<\/p>\n","protected":false},"excerpt":{"rendered":"<p>Falleci\u00f3 en Olavarr\u00eda el 12 de octubre de 2025 a los 91 a\u00f1os. Su hija M\u00f3nica. Sus hijos pol\u00edticos Luis<\/p>\n","protected":false},"author":2,"featured_media":100390,"comment_status":"closed","ping_status":"closed","sticky":false,"template":"","format":"standard","meta":{"_jetpack_memberships_contains_paid_content":false,"footnotes":""},"categories":[10],"tags":[],"class_list":["post-184961","post","type-post","status-publish","format-standard","has-post-thumbnail","hentry","category-necrologicas"],"jetpack_featured_media_url":"https:\/\/i0.wp.com\/cdnoticias.com\/wp-content\/uploads\/2023\/10\/necrologicas-390-x-240.jpg?fit=390%2C240&ssl=1","jetpack_sharing_enabled":true,"_links":{"self":[{"href":"https:\/\/cdnoticias.com\/index.php\/wp-json\/wp\/v2\/posts\/184961","targetHints":{"allow":["GET"]}}],"collection":[{"href":"https:\/\/cdnoticias.com\/index.php\/wp-json\/wp\/v2\/posts"}],"about":[{"href":"https:\/\/cdnoticias.com\/index.php\/wp-json\/wp\/v2\/types\/post"}],"author":[{"embeddable":true,"href":"https:\/\/cdnoticias.com\/index.php\/wp-json\/wp\/v2\/users\/2"}],"replies":[{"embeddable":true,"href":"https:\/\/cdnoticias.com\/index.php\/wp-json\/wp\/v2\/comments?post=184961"}],"version-history":[{"count":0,"href":"https:\/\/cdnoticias.com\/index.php\/wp-json\/wp\/v2\/posts\/184961\/revisions"}],"wp:featuredmedia":[{"embeddable":true,"href":"https:\/\/cdnoticias.com\/index.php\/wp-json\/wp\/v2\/media\/100390"}],"wp:attachment":[{"href":"https:\/\/cdnoticias.com\/index.php\/wp-json\/wp\/v2\/media?parent=184961"}],"wp:term":[{"taxonomy":"category","embeddable":true,"href":"https:\/\/cdnoticias.com\/index.php\/wp-json\/wp\/v2\/categories?post=184961"},{"taxonomy":"post_tag","embeddable":true,"href":"https:\/\/cdnoticias.com\/index.php\/wp-json\/wp\/v2\/tags?post=184961"}],"curies":[{"name":"wp","href":"https:\/\/api.w.org\/{rel}","templated":true}]}}