{"id":18496,"date":"2021-04-10T17:27:44","date_gmt":"2021-04-10T20:27:44","guid":{"rendered":"http:\/\/www.centraldenoticias.com.ar\/?p=18496"},"modified":"2021-04-10T22:03:40","modified_gmt":"2021-04-11T01:03:40","slug":"record-de-muertes-fallecieron-en-olavarria-5-pacientes-positivos-de-coronavirus","status":"publish","type":"post","link":"https:\/\/cdnoticias.com\/index.php\/2021\/04\/10\/record-de-muertes-fallecieron-en-olavarria-5-pacientes-positivos-de-coronavirus\/","title":{"rendered":"R\u00e9cord de muertes: fallecieron en Olavarr\u00eda 5 pacientes positivos de coronavirus"},"content":{"rendered":"<p>As\u00ed fue detallado desde el Municipio, desde donde se detall\u00f3 que adem\u00e1s se detectaron m\u00e1s de un centenar de testeos positivos.<!--more--><\/p>\n<hr \/>\n<p>Siguen las malas noticias en materia sanitaria. A la <a href=\"https:\/\/cdnoticias.com\/index.php\/2021\/04\/10\/provincia-confirmo-la-circulacion-de-las-variantes-britanica-y-manaos-de-covid19-en-olavarria\/\" target=\"_blank\" rel=\"noopener\">confirmaci\u00f3n de la circulaci\u00f3n de variantes de coronavirus en la ciudad<\/a>, algo que inclusive fue <a href=\"https:\/\/cdnoticias.com\/index.php\/2021\/04\/10\/desde-el-municipio-se-ratifico-la-circulacion-de-variantes-de-covid19\/\" target=\"_blank\" rel=\"noopener\">ratificado desde el municipio<\/a>, en la tarde de este s\u00e1bado se conoci\u00f3 adem\u00e1s que fallecieron cinco pacientes activos, la cifra m\u00e1s alta desde el inicio de la pandemia. Vale recordar que <strong>el pasado viernes hab\u00edan muerto 4 pacientes, igualando la peor marca hasta ese entonces, que databa de octubre del a\u00f1o pasado, precisamente en el peor momento de la primera ola.<\/strong><\/p>\n<p>&nbsp;<\/p>\n<p>De acuerdo con lo que se precis\u00f3 desde el \u00e1rea de Salud,<strong> cinco personas con coronavirus fallecieron este s\u00e1bado. Se detall\u00f3 que \u00a0una de ellas estaba internada en una cl\u00ednica privada y cuatro en el Hospital Municipal (una en UTI, una en Cl\u00ednica M\u00e9dica y dos en guardia). Se agreg\u00f3 que eran tres mujeres, de 70, 88 y 94 a\u00f1os, y dos hombres de 60 y 78 a\u00f1os respectivamente.<\/strong><\/p>\n<p>&nbsp;<\/p>\n<p><img data-recalc-dims=\"1\" loading=\"lazy\" decoding=\"async\" class=\"alignnone size-large wp-image-18498\" src=\"https:\/\/i0.wp.com\/cdnoticias.com\/wp-content\/uploads\/2021\/04\/54e2d106-decd-4d35-af68-8bdeca452d00.jpg?resize=800%2C800&#038;ssl=1\" alt=\"\" width=\"800\" height=\"800\" srcset=\"https:\/\/i0.wp.com\/cdnoticias.com\/wp-content\/uploads\/2021\/04\/54e2d106-decd-4d35-af68-8bdeca452d00.jpg?resize=1024%2C1024&amp;ssl=1 1024w, https:\/\/i0.wp.com\/cdnoticias.com\/wp-content\/uploads\/2021\/04\/54e2d106-decd-4d35-af68-8bdeca452d00.jpg?resize=150%2C150&amp;ssl=1 150w, https:\/\/i0.wp.com\/cdnoticias.com\/wp-content\/uploads\/2021\/04\/54e2d106-decd-4d35-af68-8bdeca452d00.jpg?resize=300%2C300&amp;ssl=1 300w, https:\/\/i0.wp.com\/cdnoticias.com\/wp-content\/uploads\/2021\/04\/54e2d106-decd-4d35-af68-8bdeca452d00.jpg?resize=768%2C768&amp;ssl=1 768w, https:\/\/i0.wp.com\/cdnoticias.com\/wp-content\/uploads\/2021\/04\/54e2d106-decd-4d35-af68-8bdeca452d00.jpg?w=1200&amp;ssl=1 1200w\" sizes=\"auto, (max-width: 800px) 100vw, 800px\" \/><\/p>\n<p>&nbsp;<\/p>\n<p>En cuanto a la cantidad de testeos analizados en la jornada, que fueron 223, <strong>101 resultaron positivos<\/strong> y 122 negativos para Covid19. Adem\u00e1s , 116 personas recibieron el alta m\u00e9dica, por lo que son <strong>1034 los pacientes que transitan la enfermedad en Olavarr\u00eda: el 86% es menor a 60 a\u00f1os.<\/strong><\/p>\n<p>&nbsp;<\/p>\n<p><img data-recalc-dims=\"1\" loading=\"lazy\" decoding=\"async\" class=\"alignnone size-large wp-image-18500\" src=\"https:\/\/i0.wp.com\/cdnoticias.com\/wp-content\/uploads\/2021\/04\/af290536-761c-444a-9761-cfe5cb55575c.jpg?resize=800%2C800&#038;ssl=1\" alt=\"\" width=\"800\" height=\"800\" srcset=\"https:\/\/i0.wp.com\/cdnoticias.com\/wp-content\/uploads\/2021\/04\/af290536-761c-444a-9761-cfe5cb55575c.jpg?resize=1024%2C1024&amp;ssl=1 1024w, https:\/\/i0.wp.com\/cdnoticias.com\/wp-content\/uploads\/2021\/04\/af290536-761c-444a-9761-cfe5cb55575c.jpg?resize=150%2C150&amp;ssl=1 150w, https:\/\/i0.wp.com\/cdnoticias.com\/wp-content\/uploads\/2021\/04\/af290536-761c-444a-9761-cfe5cb55575c.jpg?resize=300%2C300&amp;ssl=1 300w, https:\/\/i0.wp.com\/cdnoticias.com\/wp-content\/uploads\/2021\/04\/af290536-761c-444a-9761-cfe5cb55575c.jpg?resize=768%2C768&amp;ssl=1 768w, https:\/\/i0.wp.com\/cdnoticias.com\/wp-content\/uploads\/2021\/04\/af290536-761c-444a-9761-cfe5cb55575c.jpg?w=1200&amp;ssl=1 1200w\" sizes=\"auto, (max-width: 800px) 100vw, 800px\" \/><\/p>\n<p>&nbsp;<\/p>\n<p>Por \u00faltimo, con respecto a la situaci\u00f3n del Hospital Municipal, se precis\u00f3 que <strong>11 personas est\u00e1n internadas en la Unidad de Terapia Intensiva del Hospital Municipal y cuarenta y cuatro en Cl\u00ednica Covid, que nuevamente est\u00e1 ocupado en un 100%.<\/strong><\/p>\n","protected":false},"excerpt":{"rendered":"<p>As\u00ed fue detallado desde el Municipio, desde donde se detall\u00f3 que adem\u00e1s se detectaron m\u00e1s de un centenar de testeos<\/p>\n","protected":false},"author":3,"featured_media":1091,"comment_status":"closed","ping_status":"closed","sticky":false,"template":"","format":"standard","meta":{"_jetpack_memberships_contains_paid_content":false,"footnotes":""},"categories":[1],"tags":[],"class_list":["post-18496","post","type-post","status-publish","format-standard","has-post-thumbnail","hentry","category-portada"],"jetpack_featured_media_url":"https:\/\/i0.wp.com\/cdnoticias.com\/wp-content\/uploads\/2020\/09\/HospitalMunicipal03.jpg?fit=4608%2C3072&ssl=1","jetpack_sharing_enabled":true,"_links":{"self":[{"href":"https:\/\/cdnoticias.com\/index.php\/wp-json\/wp\/v2\/posts\/18496","targetHints":{"allow":["GET"]}}],"collection":[{"href":"https:\/\/cdnoticias.com\/index.php\/wp-json\/wp\/v2\/posts"}],"about":[{"href":"https:\/\/cdnoticias.com\/index.php\/wp-json\/wp\/v2\/types\/post"}],"author":[{"embeddable":true,"href":"https:\/\/cdnoticias.com\/index.php\/wp-json\/wp\/v2\/users\/3"}],"replies":[{"embeddable":true,"href":"https:\/\/cdnoticias.com\/index.php\/wp-json\/wp\/v2\/comments?post=18496"}],"version-history":[{"count":0,"href":"https:\/\/cdnoticias.com\/index.php\/wp-json\/wp\/v2\/posts\/18496\/revisions"}],"wp:featuredmedia":[{"embeddable":true,"href":"https:\/\/cdnoticias.com\/index.php\/wp-json\/wp\/v2\/media\/1091"}],"wp:attachment":[{"href":"https:\/\/cdnoticias.com\/index.php\/wp-json\/wp\/v2\/media?parent=18496"}],"wp:term":[{"taxonomy":"category","embeddable":true,"href":"https:\/\/cdnoticias.com\/index.php\/wp-json\/wp\/v2\/categories?post=18496"},{"taxonomy":"post_tag","embeddable":true,"href":"https:\/\/cdnoticias.com\/index.php\/wp-json\/wp\/v2\/tags?post=18496"}],"curies":[{"name":"wp","href":"https:\/\/api.w.org\/{rel}","templated":true}]}}