{"id":184959,"date":"2025-10-12T11:44:58","date_gmt":"2025-10-12T14:44:58","guid":{"rendered":"https:\/\/cdnoticias.com\/?p=184959"},"modified":"2025-10-12T19:54:47","modified_gmt":"2025-10-12T22:54:47","slug":"acompanantes-terapeuticos-en-lucha-suspenden-prestaciones-de-ioma-en-olavarria","status":"publish","type":"post","link":"https:\/\/cdnoticias.com\/index.php\/2025\/10\/12\/acompanantes-terapeuticos-en-lucha-suspenden-prestaciones-de-ioma-en-olavarria\/","title":{"rendered":"Acompa\u00f1antes terap\u00e9uticos en Lucha suspenden prestaciones de IOMA en Olavarr\u00eda"},"content":{"rendered":"\n<p>Trabajadoras y trabajadores que brindan servicios a afiliados de IOMA denuncian recortes de entre $100.000 y $150.000 en los pagos de julio y agosto. Reclaman una respuesta inmediata del Estado bonaerense.<\/p>\n\n\n\n<hr class=\"wp-block-separator aligncenter has-alpha-channel-opacity\"\/>\n\n\n\n<p>La <strong>Asamblea de Acompa\u00f1antes Terap\u00e9uticos en Lucha de Olavarr\u00eda inform\u00f3 que este lunes 13 de octubre suspender\u00e1n todas las prestaciones de IOMA en escuelas y domicilios de la ciudad, <\/strong>en protesta por descuentos arbitrarios en los pagos correspondientes a los meses de julio y agosto.<\/p>\n\n\n\n<p>Seg\u00fan denunciaron, las y los ATs que prestan servicios a afiliados de IOMA<strong> comenzaron a recibir sus haberes con rebajas que oscilan entre $100.000 y $150.000, sin ninguna explicaci\u00f3n oficial por parte del Instituto de Obra M\u00e9dico Asistencial.<\/strong> Indicaron que las diferencias salariales fueron debitadas tras los \u201csupuestos aumentos\u201d implementados mediante el sistema TOKEN.<\/p>\n\n\n\n<p>Desde el colectivo recordaron que IOMA depende del Estado provincial bonaerense, y no de la Naci\u00f3n, por lo que atribuyen la responsabilidad directamente al gobierno provincial.<strong> Frente a lo que califican como una situaci\u00f3n \u201cinjusta y un incumplimiento del aumento prometido\u201d, exigieron una \u201csoluci\u00f3n inmediata\u201d.<\/strong><\/p>\n\n\n\n<p><strong>La concentraci\u00f3n de protesta est\u00e1 prevista para este lunes a las 10:30 horas, en la esquina de Belgrano y Riobamba, frente al Centro Cultural San Jos\u00e9.<\/strong> Convocan a las y los profesionales a participar y llevar carteles para visibilizar el reclamo.<\/p>\n","protected":false},"excerpt":{"rendered":"<p>Trabajadoras y trabajadores que brindan servicios a afiliados de IOMA denuncian recortes de entre $100.000 y $150.000 en los pagos<\/p>\n","protected":false},"author":2,"featured_media":107040,"comment_status":"closed","ping_status":"closed","sticky":false,"template":"","format":"standard","meta":{"_jetpack_memberships_contains_paid_content":false,"footnotes":""},"categories":[5,1],"tags":[],"class_list":["post-184959","post","type-post","status-publish","format-standard","has-post-thumbnail","hentry","category-informacion-general","category-portada"],"jetpack_featured_media_url":"https:\/\/i0.wp.com\/cdnoticias.com\/wp-content\/uploads\/2024\/01\/ioma-danos.png?fit=986%2C419&ssl=1","jetpack_sharing_enabled":true,"_links":{"self":[{"href":"https:\/\/cdnoticias.com\/index.php\/wp-json\/wp\/v2\/posts\/184959","targetHints":{"allow":["GET"]}}],"collection":[{"href":"https:\/\/cdnoticias.com\/index.php\/wp-json\/wp\/v2\/posts"}],"about":[{"href":"https:\/\/cdnoticias.com\/index.php\/wp-json\/wp\/v2\/types\/post"}],"author":[{"embeddable":true,"href":"https:\/\/cdnoticias.com\/index.php\/wp-json\/wp\/v2\/users\/2"}],"replies":[{"embeddable":true,"href":"https:\/\/cdnoticias.com\/index.php\/wp-json\/wp\/v2\/comments?post=184959"}],"version-history":[{"count":0,"href":"https:\/\/cdnoticias.com\/index.php\/wp-json\/wp\/v2\/posts\/184959\/revisions"}],"wp:featuredmedia":[{"embeddable":true,"href":"https:\/\/cdnoticias.com\/index.php\/wp-json\/wp\/v2\/media\/107040"}],"wp:attachment":[{"href":"https:\/\/cdnoticias.com\/index.php\/wp-json\/wp\/v2\/media?parent=184959"}],"wp:term":[{"taxonomy":"category","embeddable":true,"href":"https:\/\/cdnoticias.com\/index.php\/wp-json\/wp\/v2\/categories?post=184959"},{"taxonomy":"post_tag","embeddable":true,"href":"https:\/\/cdnoticias.com\/index.php\/wp-json\/wp\/v2\/tags?post=184959"}],"curies":[{"name":"wp","href":"https:\/\/api.w.org\/{rel}","templated":true}]}}