{"id":184952,"date":"2025-10-12T10:54:32","date_gmt":"2025-10-12T13:54:32","guid":{"rendered":"https:\/\/cdnoticias.com\/?p=184952"},"modified":"2025-10-12T11:45:19","modified_gmt":"2025-10-12T14:45:19","slug":"se-viene-la-ultima-jornada-de-la-feria-libros-en-olavarria-y-el-festival-del-libro","status":"publish","type":"post","link":"https:\/\/cdnoticias.com\/index.php\/2025\/10\/12\/se-viene-la-ultima-jornada-de-la-feria-libros-en-olavarria-y-el-festival-del-libro\/","title":{"rendered":"Se viene la \u00faltima jornada de la Feria Libros en Olavarr\u00eda y el Festival del Libro"},"content":{"rendered":"\n<p>Tras varias actividades este s\u00e1bado y con el cierre de Gonzalo Heredia, este domingo habr\u00e1 varias actividades y con la presentaci\u00f3n de Rechimuzzi, con la charla \u201cExperimento, Futuro y Locura\u201d.<\/p>\n\n\n\n<hr class=\"wp-block-separator aligncenter has-alpha-channel-opacity\"\/>\n\n\n\n<p>Este<strong> domingo culminar\u00e1 la 29\u00ba Feria Libros en Olavarr\u00eda y 4\u00ba Festival del Libro,<\/strong> propuestas que gracias a la articulaci\u00f3n del Municipio de Olavarr\u00eda y el Instituto Cultural de la Provincia de Buenos Aires se llevan a cabo de manera conjunta en el Centro Cultural Municipal San Jos\u00e9.<strong> Ser\u00e1 la cuarta jornada de un nutrido y variado programa de propuestas que se inici\u00f3 el pasado jueves y finalizar\u00e1 esta noche con la presentaci\u00f3n de Rechimuzzi en el auditorio, con la charla <em>\u201cExperimento, Futuro y Locura\u201d.<\/em><\/strong><\/p>\n\n\n\n<p>Vale destacar que<strong> el cierre del cronograma del \u00faltimo s\u00e1bado estuvo a cargo de Gonzalo Heredia, el escritor y acto que present\u00f3 su libro \u201cExtranjera\u201d. <\/strong>La actividad se desarroll\u00f3 ante un importante marco de p\u00fablico, que pese a las condiciones clim\u00e1ticas adversas se acerc\u00f3 al espacio municipal a disfrutar de la propuesta.<\/p>\n\n\n\n<figure class=\"wp-block-image size-large\"><img data-recalc-dims=\"1\" loading=\"lazy\" decoding=\"async\" width=\"800\" height=\"600\" src=\"https:\/\/i0.wp.com\/cdnoticias.com\/wp-content\/uploads\/2025\/10\/Feria-Festival-libro-1.jpeg?resize=800%2C600&#038;ssl=1\" alt=\"\" class=\"wp-image-184953\" srcset=\"https:\/\/i0.wp.com\/cdnoticias.com\/wp-content\/uploads\/2025\/10\/Feria-Festival-libro-1.jpeg?resize=1024%2C768&amp;ssl=1 1024w, https:\/\/i0.wp.com\/cdnoticias.com\/wp-content\/uploads\/2025\/10\/Feria-Festival-libro-1.jpeg?resize=300%2C225&amp;ssl=1 300w, https:\/\/i0.wp.com\/cdnoticias.com\/wp-content\/uploads\/2025\/10\/Feria-Festival-libro-1.jpeg?resize=768%2C576&amp;ssl=1 768w, https:\/\/i0.wp.com\/cdnoticias.com\/wp-content\/uploads\/2025\/10\/Feria-Festival-libro-1.jpeg?w=1280&amp;ssl=1 1280w\" sizes=\"auto, (max-width: 800px) 100vw, 800px\" \/><\/figure>\n\n\n\n<blockquote class=\"wp-block-quote is-layout-flow wp-block-quote-is-layout-flow\">\n<p>En ese sentido, vale destacar que el arribo y presencia de p\u00fablico fue permanente en toda la jornada, m\u00e1s all\u00e1 de las persistentes lluvias y tormentas que se prolongaron durante casi todo el d\u00eda.<\/p>\n<\/blockquote>\n\n\n\n<p>Este domingo las propuestas seguir\u00e1n en las distintas salas y auditorios, con el siguiente cronograma:<\/p>\n\n\n\n<p>_ 15 horas. IIAO. Actividad al Paso: \u201cClub de lectura Antropol\u00f3gica\u201d<\/p>\n\n\n\n<p>_ 16 horas. Auditorio B. Marcela Heinrich presenta el libro \u201cBibliotecas del Futuro. Un viaje desde Alejandr\u00eda a la conectividad global\u201d.<\/p>\n\n\n\n<p>_ 16 horas. Taller de Teatro, por Biblioteca Crucero General Belgrano<\/p>\n\n\n\n<p>_ 17 horas. Auditorio A. Charla taller de Diego Rojas: \u201cA m\u00ed manera, te cuento mis libros\u201d<\/p>\n\n\n\n<p>_ 17 horas. Auditorio B. Club de Lectura \u201cLa Sociedad de las Poetas Muertas\u201d<\/p>\n\n\n\n<p>_ 17 horas. Show de circo y magia a cargo del mago Eddy.<\/p>\n\n\n\n<p>_ 18 horas. Set de vinilos a cargo de Juan Fleitas.<\/p>\n\n\n\n<p>_ 18 horas. Presentaci\u00f3n del libro \u201cEventos Can\u00f3nicos\u201d -Biblioteca 1\u00ba de Mayo.<\/p>\n\n\n\n<p>_ 18 horas. Auditorio B. Actividad recreativa de escritura y lectura \u201cPostas literarias\u201d: Desde la Escuela Municipal Alfonsina acercan esta propuesta para que los asistentes tengan la experiencia de leer y escribir textos de distintos g\u00e9neros\u201d<\/p>\n\n\n\n<p>_ 18 horas. Auditorio A. Mesa de poes\u00eda. Presentaci\u00f3n de libros: Gloria Su\u00e1rez \u201cA\u00f1oranzas 1 y 2\u201d, Guillermina Massaro \u201cSomos Momentos (una historia de amor)\u201d y Eliana Wilde \u201cCicatrices\u201d.<\/p>\n\n\n\n<p>_ 20 horas. Auditorio. Rechimuzzi, Charla \u201cExperimento, futuro y locura\u201d.<\/p>\n\n\n\n<p>Por \u00faltimo, tal como sucedi\u00f3 durante toda la propuesta, <strong>habr\u00e1 actividades permanentes desde el Museo D\u00e1maso Arce y el IIAO en distintos espacios del Centro Cultural Municipal San Jos\u00e9.<\/strong><\/p>\n\n\n\n<p><\/p>\n","protected":false},"excerpt":{"rendered":"<p>Tras varias actividades este s\u00e1bado y con el cierre de Gonzalo Heredia, este domingo habr\u00e1 varias actividades y con la<\/p>\n","protected":false},"author":2,"featured_media":184954,"comment_status":"closed","ping_status":"closed","sticky":false,"template":"","format":"standard","meta":{"_jetpack_memberships_contains_paid_content":false,"footnotes":""},"categories":[9,1],"tags":[],"class_list":["post-184952","post","type-post","status-publish","format-standard","has-post-thumbnail","hentry","category-cultura","category-portada"],"jetpack_featured_media_url":"https:\/\/i0.wp.com\/cdnoticias.com\/wp-content\/uploads\/2025\/10\/Feria-Festival-libro-2-e1760277239499.jpeg?fit=1600%2C816&ssl=1","jetpack_sharing_enabled":true,"_links":{"self":[{"href":"https:\/\/cdnoticias.com\/index.php\/wp-json\/wp\/v2\/posts\/184952","targetHints":{"allow":["GET"]}}],"collection":[{"href":"https:\/\/cdnoticias.com\/index.php\/wp-json\/wp\/v2\/posts"}],"about":[{"href":"https:\/\/cdnoticias.com\/index.php\/wp-json\/wp\/v2\/types\/post"}],"author":[{"embeddable":true,"href":"https:\/\/cdnoticias.com\/index.php\/wp-json\/wp\/v2\/users\/2"}],"replies":[{"embeddable":true,"href":"https:\/\/cdnoticias.com\/index.php\/wp-json\/wp\/v2\/comments?post=184952"}],"version-history":[{"count":0,"href":"https:\/\/cdnoticias.com\/index.php\/wp-json\/wp\/v2\/posts\/184952\/revisions"}],"wp:featuredmedia":[{"embeddable":true,"href":"https:\/\/cdnoticias.com\/index.php\/wp-json\/wp\/v2\/media\/184954"}],"wp:attachment":[{"href":"https:\/\/cdnoticias.com\/index.php\/wp-json\/wp\/v2\/media?parent=184952"}],"wp:term":[{"taxonomy":"category","embeddable":true,"href":"https:\/\/cdnoticias.com\/index.php\/wp-json\/wp\/v2\/categories?post=184952"},{"taxonomy":"post_tag","embeddable":true,"href":"https:\/\/cdnoticias.com\/index.php\/wp-json\/wp\/v2\/tags?post=184952"}],"curies":[{"name":"wp","href":"https:\/\/api.w.org\/{rel}","templated":true}]}}