{"id":18493,"date":"2021-04-10T18:23:05","date_gmt":"2021-04-10T21:23:05","guid":{"rendered":"http:\/\/www.centraldenoticias.com.ar\/?p=18493"},"modified":"2021-04-10T18:23:21","modified_gmt":"2021-04-10T21:23:21","slug":"olavarria-en-zona-de-alerta-amarillo-por-lluvias-y-por-fuertes-vientos","status":"publish","type":"post","link":"https:\/\/cdnoticias.com\/index.php\/2021\/04\/10\/olavarria-en-zona-de-alerta-amarillo-por-lluvias-y-por-fuertes-vientos\/","title":{"rendered":"Olavarr\u00eda en zona de alerta &#8220;amarillo&#8221; por lluvias y por fuertes vientos"},"content":{"rendered":"<p>Ambas advertencias fueron emitidas desde el Servicio Meteorol\u00f3gico Nacional y se extender\u00e1n durante todo el s\u00e1bado y parte del domingo.<strong> Los detalles.<\/strong><!--more--><\/p>\n<hr \/>\n<p><a href=\"https:\/\/cdnoticias.com\/index.php\/2021\/04\/10\/provincia-confirmo-la-circulacion-de-las-variantes-britanica-y-manaos-de-covid19-en-olavarria\/\" target=\"_blank\" rel=\"noopener\">Como si ya las noticias malas en materia sanitaria<\/a> no fueran suficientes, en materia clim\u00e1tica tampoco llegan novedades alentadoras. La consulta a la web del Servicio Meteorol\u00f3gico Nacional, m\u00e1s precisamente al apartado del Sistema de Alerta Temprano puede apreciarse que <strong>Olavarr\u00eda se encuentra dentro del \u00e1rea de influencia no de una, sino de dos alertas meteorol\u00f3gicas.<\/strong><\/p>\n<p>&nbsp;<\/p>\n<p>Una de esas advertencias es por las lluvias, algo que ha sido una constante desde la ma\u00f1ana de este s\u00e1bado principalmente. \u201c<strong>El \u00e1rea ser\u00e1 afectada por lluvias de variada intensidad en forma persistente. Se prev\u00e9n valores de precipitaci\u00f3n acumulada entre 30 y 60 mm, pudiendo ser superados localmente\u201d<\/strong>, se precis\u00f3 en la comunicaci\u00f3n. El alerta alcanza al sector centro y sur de la provincia de Buenos Aires y se prolongar\u00e1 durante toda la jornada de este s\u00e1bado.<\/p>\n<p>&nbsp;<\/p>\n<p>De manera paralela, Olavarr\u00eda y la regi\u00f3n se encuentran incluida tambi\u00e9n en la zona de influencia de un segundo alerta pero por fuertes vientos. Al respecto se precis\u00f3 que<strong> \u201cel \u00e1rea ser\u00e1 afectada por vientos del sector sur con velocidades entre 35 y 45 km\/h, con r\u00e1fagas que podr\u00edan superar los 75 km\/h\u201d.<\/strong><\/p>\n<p>&nbsp;<\/p>\n<p>Con respecto a la situaci\u00f3n particular de nuestro partido <strong>el pron\u00f3stico anticipa que con el cierre de este s\u00e1bado podr\u00eda incrementarse, precisamente, tanto la intensidad de las lluvias como de los vientos. La temperatura en la noche disminuir\u00e1 hasta los 14 grados<\/strong>. El domingo, no obstante, la temperatura no trepar\u00e1 mucho m\u00e1s aunque a partir de la ma\u00f1ana no se anticipan precipitaciones ni vientos fuertes.<\/p>\n","protected":false},"excerpt":{"rendered":"<p>Ambas advertencias fueron emitidas desde el Servicio Meteorol\u00f3gico Nacional y se extender\u00e1n durante todo el s\u00e1bado y parte del domingo.<\/p>\n","protected":false},"author":3,"featured_media":18494,"comment_status":"closed","ping_status":"closed","sticky":false,"template":"","format":"standard","meta":{"_jetpack_memberships_contains_paid_content":false,"footnotes":""},"categories":[5],"tags":[],"class_list":["post-18493","post","type-post","status-publish","format-standard","has-post-thumbnail","hentry","category-informacion-general"],"jetpack_featured_media_url":"https:\/\/i0.wp.com\/cdnoticias.com\/wp-content\/uploads\/2021\/04\/TOP_C13_CEN_ALTA_20210410_192016Z.jpg?fit=818%2C632&ssl=1","jetpack_sharing_enabled":true,"_links":{"self":[{"href":"https:\/\/cdnoticias.com\/index.php\/wp-json\/wp\/v2\/posts\/18493","targetHints":{"allow":["GET"]}}],"collection":[{"href":"https:\/\/cdnoticias.com\/index.php\/wp-json\/wp\/v2\/posts"}],"about":[{"href":"https:\/\/cdnoticias.com\/index.php\/wp-json\/wp\/v2\/types\/post"}],"author":[{"embeddable":true,"href":"https:\/\/cdnoticias.com\/index.php\/wp-json\/wp\/v2\/users\/3"}],"replies":[{"embeddable":true,"href":"https:\/\/cdnoticias.com\/index.php\/wp-json\/wp\/v2\/comments?post=18493"}],"version-history":[{"count":0,"href":"https:\/\/cdnoticias.com\/index.php\/wp-json\/wp\/v2\/posts\/18493\/revisions"}],"wp:featuredmedia":[{"embeddable":true,"href":"https:\/\/cdnoticias.com\/index.php\/wp-json\/wp\/v2\/media\/18494"}],"wp:attachment":[{"href":"https:\/\/cdnoticias.com\/index.php\/wp-json\/wp\/v2\/media?parent=18493"}],"wp:term":[{"taxonomy":"category","embeddable":true,"href":"https:\/\/cdnoticias.com\/index.php\/wp-json\/wp\/v2\/categories?post=18493"},{"taxonomy":"post_tag","embeddable":true,"href":"https:\/\/cdnoticias.com\/index.php\/wp-json\/wp\/v2\/tags?post=18493"}],"curies":[{"name":"wp","href":"https:\/\/api.w.org\/{rel}","templated":true}]}}