{"id":184927,"date":"2025-10-11T19:10:07","date_gmt":"2025-10-11T22:10:07","guid":{"rendered":"https:\/\/cdnoticias.com\/?p=184927"},"modified":"2025-10-11T19:10:09","modified_gmt":"2025-10-11T22:10:09","slug":"tenia-pedido-de-paradero-activo-y-fue-encontrado-en-pleno-microcentro","status":"publish","type":"post","link":"https:\/\/cdnoticias.com\/index.php\/2025\/10\/11\/tenia-pedido-de-paradero-activo-y-fue-encontrado-en-pleno-microcentro\/","title":{"rendered":"Ten\u00eda pedido de paradero activo y fue encontrado en pleno microcentro"},"content":{"rendered":"\n<p>Es por un requerimiento judicial emitido por un Juzgado en Necochea. Fue puesto a disposici\u00f3n para regularizar su situaci\u00f3n procesal.<\/p>\n\n\n\n<hr class=\"wp-block-separator aligncenter has-alpha-channel-opacity\"\/>\n\n\n\n<p><strong>Un hombre de 38 a\u00f1os fue trasladado a la dependencia policial <\/strong>luego de que efectivos del Comando de Patrulla constataran que presentaba un <strong>pedido de paradero activo.<\/strong><\/p>\n\n\n\n<p>El procedimiento se llev\u00f3 a cabo este jueves en la intersecci\u00f3n de las calles<strong> San Mart\u00edn y Belgrano, en Olavarr\u00eda, durante una recorrida preventiva.<\/strong><\/p>\n\n\n\n<p>Al verificar sus datos, <strong>el sistema arroj\u00f3 que el hombre ten\u00eda un requerimiento judicial vigente emitido por el Juzgado en lo Correccional N.\u00ba 1 de Necochea.<\/strong><\/p>\n\n\n\n<p>Por tal motivo, fue trasladado a la comisar\u00eda con el fin de regularizar su situaci\u00f3n procesal.<strong> Interviene la UFI (Unidad Fiscal de Investigaci\u00f3n) N.\u00ba 9 de Azul.<\/strong><\/p>\n","protected":false},"excerpt":{"rendered":"<p>Es por un requerimiento judicial emitido por un Juzgado en Necochea. Fue puesto a disposici\u00f3n para regularizar su situaci\u00f3n procesal.<\/p>\n","protected":false},"author":2,"featured_media":184928,"comment_status":"closed","ping_status":"closed","sticky":false,"template":"","format":"standard","meta":{"_jetpack_memberships_contains_paid_content":false,"footnotes":""},"categories":[14,1],"tags":[],"class_list":["post-184927","post","type-post","status-publish","format-standard","has-post-thumbnail","hentry","category-policiales","category-portada"],"jetpack_featured_media_url":"https:\/\/i0.wp.com\/cdnoticias.com\/wp-content\/uploads\/2025\/10\/WhatsApp-Image-2025-10-11-at-17.00.47.jpeg?fit=641%2C387&ssl=1","jetpack_sharing_enabled":true,"_links":{"self":[{"href":"https:\/\/cdnoticias.com\/index.php\/wp-json\/wp\/v2\/posts\/184927","targetHints":{"allow":["GET"]}}],"collection":[{"href":"https:\/\/cdnoticias.com\/index.php\/wp-json\/wp\/v2\/posts"}],"about":[{"href":"https:\/\/cdnoticias.com\/index.php\/wp-json\/wp\/v2\/types\/post"}],"author":[{"embeddable":true,"href":"https:\/\/cdnoticias.com\/index.php\/wp-json\/wp\/v2\/users\/2"}],"replies":[{"embeddable":true,"href":"https:\/\/cdnoticias.com\/index.php\/wp-json\/wp\/v2\/comments?post=184927"}],"version-history":[{"count":0,"href":"https:\/\/cdnoticias.com\/index.php\/wp-json\/wp\/v2\/posts\/184927\/revisions"}],"wp:featuredmedia":[{"embeddable":true,"href":"https:\/\/cdnoticias.com\/index.php\/wp-json\/wp\/v2\/media\/184928"}],"wp:attachment":[{"href":"https:\/\/cdnoticias.com\/index.php\/wp-json\/wp\/v2\/media?parent=184927"}],"wp:term":[{"taxonomy":"category","embeddable":true,"href":"https:\/\/cdnoticias.com\/index.php\/wp-json\/wp\/v2\/categories?post=184927"},{"taxonomy":"post_tag","embeddable":true,"href":"https:\/\/cdnoticias.com\/index.php\/wp-json\/wp\/v2\/tags?post=184927"}],"curies":[{"name":"wp","href":"https:\/\/api.w.org\/{rel}","templated":true}]}}