{"id":184918,"date":"2025-10-11T18:50:41","date_gmt":"2025-10-11T21:50:41","guid":{"rendered":"https:\/\/cdnoticias.com\/?p=184918"},"modified":"2025-10-11T18:50:42","modified_gmt":"2025-10-11T21:50:42","slug":"jornada-de-mapeo-social-en-mapis-e-iturregui","status":"publish","type":"post","link":"https:\/\/cdnoticias.com\/index.php\/2025\/10\/11\/jornada-de-mapeo-social-en-mapis-e-iturregui\/","title":{"rendered":"Jornada de mapeo social en Mapis e Iturregui"},"content":{"rendered":"\n<p>Fue en el marco del programa Mesas de Gesti\u00f3n Territorial, con participaci\u00f3n de distintas \u00e1reas, autoridades educativas y vecinos.<\/p>\n\n\n\n<hr class=\"wp-block-separator aligncenter has-alpha-channel-opacity\"\/>\n\n\n\n<p>D\u00edas atr\u00e1s<strong> se realiz\u00f3 una jornada en los parajes Mapis e Iturregui como parte del programa municipal Mesas de Gesti\u00f3n Territorial, una iniciativa coordinada por la Direcci\u00f3n de Planificaci\u00f3n Estrat\u00e9gica <\/strong>con la participaci\u00f3n de diversas \u00e1reas municipales, autoridades educativas, equipos t\u00e9cnicos y vecinos de la zona.<\/p>\n\n\n\n<p>Durante el encuentro<strong> se desarroll\u00f3 un mapeo social colectivo, con una modalidad participativa orientada a reconstruir datos demogr\u00e1ficos, relevar caminos rurales y abordar distintas tem\u00e1ticas de inter\u00e9s comunitario. <\/strong>El trabajo conjunto permiti\u00f3 compartir miradas y aportar informaci\u00f3n clave para la planificaci\u00f3n territorial.<\/p>\n\n\n\n<figure class=\"wp-block-image size-large\"><img data-recalc-dims=\"1\" loading=\"lazy\" decoding=\"async\" width=\"800\" height=\"553\" src=\"https:\/\/i0.wp.com\/cdnoticias.com\/wp-content\/uploads\/2025\/10\/Jornada-Mapis-Iturregui-3.jpeg?resize=800%2C553&#038;ssl=1\" alt=\"\" class=\"wp-image-184921\" srcset=\"https:\/\/i0.wp.com\/cdnoticias.com\/wp-content\/uploads\/2025\/10\/Jornada-Mapis-Iturregui-3.jpeg?resize=1024%2C708&amp;ssl=1 1024w, https:\/\/i0.wp.com\/cdnoticias.com\/wp-content\/uploads\/2025\/10\/Jornada-Mapis-Iturregui-3.jpeg?resize=300%2C207&amp;ssl=1 300w, https:\/\/i0.wp.com\/cdnoticias.com\/wp-content\/uploads\/2025\/10\/Jornada-Mapis-Iturregui-3.jpeg?resize=768%2C531&amp;ssl=1 768w, https:\/\/i0.wp.com\/cdnoticias.com\/wp-content\/uploads\/2025\/10\/Jornada-Mapis-Iturregui-3.jpeg?resize=392%2C272&amp;ssl=1 392w, https:\/\/i0.wp.com\/cdnoticias.com\/wp-content\/uploads\/2025\/10\/Jornada-Mapis-Iturregui-3.jpeg?resize=130%2C90&amp;ssl=1 130w, https:\/\/i0.wp.com\/cdnoticias.com\/wp-content\/uploads\/2025\/10\/Jornada-Mapis-Iturregui-3.jpeg?w=1276&amp;ssl=1 1276w\" sizes=\"auto, (max-width: 800px) 100vw, 800px\" \/><\/figure>\n\n\n\n<p>Tomaron parte de la actividad las \u00e1reas de Gesti\u00f3n Territorial, Planificaci\u00f3n Estrat\u00e9gica, Promoci\u00f3n y Desarrollo de Localidades, Obras Rurales, Mujeres, G\u00e9nero y Diversidad, junto a representantes del sistema educativo y vecinos de ambos parajes.<\/p>\n\n\n\n<figure class=\"wp-block-image size-large\"><img data-recalc-dims=\"1\" loading=\"lazy\" decoding=\"async\" width=\"800\" height=\"600\" src=\"https:\/\/i0.wp.com\/cdnoticias.com\/wp-content\/uploads\/2025\/10\/Jornada-Mapis-Iturregui-2.jpeg?resize=800%2C600&#038;ssl=1\" alt=\"\" class=\"wp-image-184920\" srcset=\"https:\/\/i0.wp.com\/cdnoticias.com\/wp-content\/uploads\/2025\/10\/Jornada-Mapis-Iturregui-2.jpeg?resize=1024%2C768&amp;ssl=1 1024w, https:\/\/i0.wp.com\/cdnoticias.com\/wp-content\/uploads\/2025\/10\/Jornada-Mapis-Iturregui-2.jpeg?resize=300%2C225&amp;ssl=1 300w, https:\/\/i0.wp.com\/cdnoticias.com\/wp-content\/uploads\/2025\/10\/Jornada-Mapis-Iturregui-2.jpeg?resize=768%2C576&amp;ssl=1 768w, https:\/\/i0.wp.com\/cdnoticias.com\/wp-content\/uploads\/2025\/10\/Jornada-Mapis-Iturregui-2.jpeg?w=1280&amp;ssl=1 1280w\" sizes=\"auto, (max-width: 800px) 100vw, 800px\" \/><\/figure>\n\n\n\n<figure class=\"wp-block-image size-large\"><img data-recalc-dims=\"1\" loading=\"lazy\" decoding=\"async\" width=\"800\" height=\"600\" src=\"https:\/\/i0.wp.com\/cdnoticias.com\/wp-content\/uploads\/2025\/10\/Jornada-Mapis-Iturregui-1.jpeg?resize=800%2C600&#038;ssl=1\" alt=\"\" class=\"wp-image-184919\" srcset=\"https:\/\/i0.wp.com\/cdnoticias.com\/wp-content\/uploads\/2025\/10\/Jornada-Mapis-Iturregui-1.jpeg?resize=1024%2C768&amp;ssl=1 1024w, https:\/\/i0.wp.com\/cdnoticias.com\/wp-content\/uploads\/2025\/10\/Jornada-Mapis-Iturregui-1.jpeg?resize=300%2C225&amp;ssl=1 300w, https:\/\/i0.wp.com\/cdnoticias.com\/wp-content\/uploads\/2025\/10\/Jornada-Mapis-Iturregui-1.jpeg?resize=768%2C576&amp;ssl=1 768w, https:\/\/i0.wp.com\/cdnoticias.com\/wp-content\/uploads\/2025\/10\/Jornada-Mapis-Iturregui-1.jpeg?w=1280&amp;ssl=1 1280w\" sizes=\"auto, (max-width: 800px) 100vw, 800px\" \/><\/figure>\n\n\n\n<p>El programa Mesas de Gesti\u00f3n Territorial funciona como un espacio de<strong> encuentro y trabajo participativo en distintos puntos del Partido, con el prop\u00f3sito de optimizar la planificaci\u00f3n e implementaci\u00f3n de pol\u00edticas p\u00fablicas, fortalecer la integraci\u00f3n comunitaria y consolidar el v\u00ednculo institucional con la comunidad.<\/strong><\/p>\n","protected":false},"excerpt":{"rendered":"<p>Fue en el marco del programa Mesas de Gesti\u00f3n Territorial, con participaci\u00f3n de distintas \u00e1reas, autoridades educativas y vecinos. D\u00edas<\/p>\n","protected":false},"author":2,"featured_media":184922,"comment_status":"closed","ping_status":"closed","sticky":false,"template":"","format":"standard","meta":{"_jetpack_memberships_contains_paid_content":false,"footnotes":""},"categories":[5,1],"tags":[],"class_list":["post-184918","post","type-post","status-publish","format-standard","has-post-thumbnail","hentry","category-informacion-general","category-portada"],"jetpack_featured_media_url":"https:\/\/i0.wp.com\/cdnoticias.com\/wp-content\/uploads\/2025\/10\/Jornada-Mapis-Iturregui-4.jpeg?fit=1280%2C774&ssl=1","jetpack_sharing_enabled":true,"_links":{"self":[{"href":"https:\/\/cdnoticias.com\/index.php\/wp-json\/wp\/v2\/posts\/184918","targetHints":{"allow":["GET"]}}],"collection":[{"href":"https:\/\/cdnoticias.com\/index.php\/wp-json\/wp\/v2\/posts"}],"about":[{"href":"https:\/\/cdnoticias.com\/index.php\/wp-json\/wp\/v2\/types\/post"}],"author":[{"embeddable":true,"href":"https:\/\/cdnoticias.com\/index.php\/wp-json\/wp\/v2\/users\/2"}],"replies":[{"embeddable":true,"href":"https:\/\/cdnoticias.com\/index.php\/wp-json\/wp\/v2\/comments?post=184918"}],"version-history":[{"count":0,"href":"https:\/\/cdnoticias.com\/index.php\/wp-json\/wp\/v2\/posts\/184918\/revisions"}],"wp:featuredmedia":[{"embeddable":true,"href":"https:\/\/cdnoticias.com\/index.php\/wp-json\/wp\/v2\/media\/184922"}],"wp:attachment":[{"href":"https:\/\/cdnoticias.com\/index.php\/wp-json\/wp\/v2\/media?parent=184918"}],"wp:term":[{"taxonomy":"category","embeddable":true,"href":"https:\/\/cdnoticias.com\/index.php\/wp-json\/wp\/v2\/categories?post=184918"},{"taxonomy":"post_tag","embeddable":true,"href":"https:\/\/cdnoticias.com\/index.php\/wp-json\/wp\/v2\/tags?post=184918"}],"curies":[{"name":"wp","href":"https:\/\/api.w.org\/{rel}","templated":true}]}}