{"id":184907,"date":"2025-10-11T17:32:14","date_gmt":"2025-10-11T20:32:14","guid":{"rendered":"https:\/\/cdnoticias.com\/?p=184907"},"modified":"2025-10-11T17:32:16","modified_gmt":"2025-10-11T20:32:16","slug":"tu-barrio-recicla-nueva-jornada-ambiental-en-barrio-matadero","status":"publish","type":"post","link":"https:\/\/cdnoticias.com\/index.php\/2025\/10\/11\/tu-barrio-recicla-nueva-jornada-ambiental-en-barrio-matadero\/","title":{"rendered":"\u201cTu barrio recicla\u201d: nueva jornada ambiental en barrio Matadero"},"content":{"rendered":"\n<p>El Municipio impulsa una nueva propuesta para fomentar la separaci\u00f3n de residuos en origen. El viernes 24 de octubre habr\u00e1 una jornada con recolecci\u00f3n de materiales reciclables y actividades informativas.<\/p>\n\n\n\n<hr class=\"wp-block-separator aligncenter has-alpha-channel-opacity\"\/>\n\n\n\n<p>El <strong>Municipio de Olavarr\u00eda puso en marcha el programa \u201cTu barrio recicla\u201d, una iniciativa de la Coordinaci\u00f3n de Ambiente de la Secretar\u00eda de Desarrollo Econ\u00f3mico y Productivo junto a las promotoras ambientales de la Cooperativa Viento en Contra<\/strong>, con el objetivo de seguir promoviendo la correcta disposici\u00f3n de materiales reciclables en distintos puntos de la ciudad.<\/p>\n\n\n\n<p>El programa est\u00e1 destinado a<strong> barrios y sectores que a\u00fan no cuentan con la recolecci\u00f3n diferenciada de GIRO, el Programa Municipal de Gesti\u00f3n Integral de Residuos. En esta oportunidad, la jornada se desarrollar\u00e1 este viernes 24 de octubre, de 11 a 14 horas, en el Centro Deportivo y Recreativo Municipal \u201cDiego A. Maradona\u201d, ubicado en avenida Emiliozzi y calle 130.<\/strong><\/p>\n\n\n\n<blockquote class=\"wp-block-quote is-layout-flow wp-block-quote-is-layout-flow\">\n<p>Durante la actividad se podr\u00e1n acercar papeles, cart\u00f3n, botellas de vidrio y pl\u00e1stico, envases tetrabrik y de aluminio, para su recuperaci\u00f3n y tratamiento posterior en la Planta de Clasificaci\u00f3n del Programa GIRO, donde ser\u00e1n reincorporados al ciclo productivo.<\/p>\n<\/blockquote>\n\n\n\n<p>En los d\u00edas previos, <strong>promotoras ambientales recorrer\u00e1n el barrio Matadero en un relevamiento puerta a puerta para brindar informaci\u00f3n y motivar a las familias a participar de la jornada. En caso de lluvia, la actividad se reprogramar\u00e1 para el lunes 27 de octubre, en el mismo horario y lugar.<\/strong><\/p>\n\n\n\n<p>Desde la Secretar\u00eda de Desarrollo Econ\u00f3mico y Productivo se destac\u00f3 que el programa <strong>continuar\u00e1 el jueves 7 de noviembre en la zona de los barrios Bel\u00e9n, Eucaliptus e Isaura, con punto de encuentro a confirmar. Anteriormente, las jornadas se realizaron con \u00e9xito en la plaza de Independencia y Merlo y en el Servicio Territorial N\u00b0 4.<\/strong><\/p>\n\n\n\n<p>Para m\u00e1s informaci\u00f3n, las personas interesadas pueden comunicarse con la Coordinaci\u00f3n de Ambiente al correo gestionambiental@olavarria.gov.ar o al tel\u00e9fono 422135.<\/p>\n","protected":false},"excerpt":{"rendered":"<p>El Municipio impulsa una nueva propuesta para fomentar la separaci\u00f3n de residuos en origen. El viernes 24 de octubre habr\u00e1<\/p>\n","protected":false},"author":2,"featured_media":184908,"comment_status":"closed","ping_status":"closed","sticky":false,"template":"","format":"standard","meta":{"_jetpack_memberships_contains_paid_content":false,"footnotes":""},"categories":[5,1],"tags":[],"class_list":["post-184907","post","type-post","status-publish","format-standard","has-post-thumbnail","hentry","category-informacion-general","category-portada"],"jetpack_featured_media_url":"https:\/\/i0.wp.com\/cdnoticias.com\/wp-content\/uploads\/2025\/10\/Programa-Giro-camion-reciclables-3-1024x683-1-e1760214724433.jpg?fit=1024%2C543&ssl=1","jetpack_sharing_enabled":true,"_links":{"self":[{"href":"https:\/\/cdnoticias.com\/index.php\/wp-json\/wp\/v2\/posts\/184907","targetHints":{"allow":["GET"]}}],"collection":[{"href":"https:\/\/cdnoticias.com\/index.php\/wp-json\/wp\/v2\/posts"}],"about":[{"href":"https:\/\/cdnoticias.com\/index.php\/wp-json\/wp\/v2\/types\/post"}],"author":[{"embeddable":true,"href":"https:\/\/cdnoticias.com\/index.php\/wp-json\/wp\/v2\/users\/2"}],"replies":[{"embeddable":true,"href":"https:\/\/cdnoticias.com\/index.php\/wp-json\/wp\/v2\/comments?post=184907"}],"version-history":[{"count":0,"href":"https:\/\/cdnoticias.com\/index.php\/wp-json\/wp\/v2\/posts\/184907\/revisions"}],"wp:featuredmedia":[{"embeddable":true,"href":"https:\/\/cdnoticias.com\/index.php\/wp-json\/wp\/v2\/media\/184908"}],"wp:attachment":[{"href":"https:\/\/cdnoticias.com\/index.php\/wp-json\/wp\/v2\/media?parent=184907"}],"wp:term":[{"taxonomy":"category","embeddable":true,"href":"https:\/\/cdnoticias.com\/index.php\/wp-json\/wp\/v2\/categories?post=184907"},{"taxonomy":"post_tag","embeddable":true,"href":"https:\/\/cdnoticias.com\/index.php\/wp-json\/wp\/v2\/tags?post=184907"}],"curies":[{"name":"wp","href":"https:\/\/api.w.org\/{rel}","templated":true}]}}