{"id":184902,"date":"2025-10-11T16:48:07","date_gmt":"2025-10-11T19:48:07","guid":{"rendered":"https:\/\/cdnoticias.com\/?p=184902"},"modified":"2025-10-12T09:08:30","modified_gmt":"2025-10-12T12:08:30","slug":"al-alerta-por-tormentas-se-le-suma-un-alerta-amarilla-por-vientos-para-olavarria","status":"publish","type":"post","link":"https:\/\/cdnoticias.com\/index.php\/2025\/10\/11\/al-alerta-por-tormentas-se-le-suma-un-alerta-amarilla-por-vientos-para-olavarria\/","title":{"rendered":"Al alerta por tormentas se le suma un alerta amarilla por vientos para Olavarr\u00eda"},"content":{"rendered":"\n<p>Fue confirmado por el Servicio Meteorol\u00f3gico Nacional para la tarde y noche del domingo. Persiste el aviso de fuertes tormentas para este s\u00e1bado.<\/p>\n\n\n\n<hr class=\"wp-block-separator aligncenter has-alpha-channel-opacity\"\/>\n\n\n\n<p>El Servicio Meteorol\u00f3gico Nacional actualiz\u00f3 la informaci\u00f3n climatol\u00f3gica de la ciudad para este fin de semana y <strong>al alerta por fuertes tormentas para este s\u00e1bado se le sum\u00f3 un alerta por fuertes vientos para el domingo, tanto por la tarde como por la noche.<\/strong><\/p>\n\n\n\n<blockquote class=\"wp-block-quote is-layout-flow wp-block-quote-is-layout-flow\">\n<p>\u201cEl \u00e1rea ser\u00e1 afectada por vientos del sur o sudoeste, con velocidades entre 35 y 50 km\/h, y r\u00e1fagas que pueden alcanzar los 75 km\/h\u201d indicaron.<\/p>\n<\/blockquote>\n\n\n\n<p><strong>La temperatura tendr\u00e1 un descenso considerable teniendo en cuenta los \u00faltimos d\u00edas y se espera una m\u00e1xima de 17 grados y una alta probabilidad de lluvias para toda la jornada<\/strong>, en un nuevo fin de semana de mal tiempo para Olavarr\u00eda.<\/p>\n\n\n\n<p><strong>Para la semana, en principio, no se esperan lluvias y s\u00ed un clima primaveral<\/strong>, con m\u00e1ximas que oscilar\u00e1n entre los 20 y los 22 grados.<\/p>\n\n\n\n<p>Para este s\u00e1bado, mientras tanto, se estiman <em><strong>\u201ctormentas aisladas de variada intensidad, algunas localmente fuertes. Se espera que las mismas est\u00e9n acompa\u00f1adas de abundante ca\u00edda de agua en cortos per\u00edodos, frecuente actividad el\u00e9ctrica, granizo ocasional y r\u00e1fagas que podr\u00edan superar los 60 km\/h.\u201d<\/strong><\/em><\/p>\n","protected":false},"excerpt":{"rendered":"<p>Fue confirmado por el Servicio Meteorol\u00f3gico Nacional para la tarde y noche del domingo. Persiste el aviso de fuertes tormentas<\/p>\n","protected":false},"author":2,"featured_media":129538,"comment_status":"closed","ping_status":"closed","sticky":false,"template":"","format":"standard","meta":{"_jetpack_memberships_contains_paid_content":false,"footnotes":""},"categories":[5,1],"tags":[],"class_list":["post-184902","post","type-post","status-publish","format-standard","has-post-thumbnail","hentry","category-informacion-general","category-portada"],"jetpack_featured_media_url":"https:\/\/i0.wp.com\/cdnoticias.com\/wp-content\/uploads\/2024\/11\/tormenta-lluvia-viento-00.jpg?fit=1000%2C555&ssl=1","jetpack_sharing_enabled":true,"_links":{"self":[{"href":"https:\/\/cdnoticias.com\/index.php\/wp-json\/wp\/v2\/posts\/184902","targetHints":{"allow":["GET"]}}],"collection":[{"href":"https:\/\/cdnoticias.com\/index.php\/wp-json\/wp\/v2\/posts"}],"about":[{"href":"https:\/\/cdnoticias.com\/index.php\/wp-json\/wp\/v2\/types\/post"}],"author":[{"embeddable":true,"href":"https:\/\/cdnoticias.com\/index.php\/wp-json\/wp\/v2\/users\/2"}],"replies":[{"embeddable":true,"href":"https:\/\/cdnoticias.com\/index.php\/wp-json\/wp\/v2\/comments?post=184902"}],"version-history":[{"count":0,"href":"https:\/\/cdnoticias.com\/index.php\/wp-json\/wp\/v2\/posts\/184902\/revisions"}],"wp:featuredmedia":[{"embeddable":true,"href":"https:\/\/cdnoticias.com\/index.php\/wp-json\/wp\/v2\/media\/129538"}],"wp:attachment":[{"href":"https:\/\/cdnoticias.com\/index.php\/wp-json\/wp\/v2\/media?parent=184902"}],"wp:term":[{"taxonomy":"category","embeddable":true,"href":"https:\/\/cdnoticias.com\/index.php\/wp-json\/wp\/v2\/categories?post=184902"},{"taxonomy":"post_tag","embeddable":true,"href":"https:\/\/cdnoticias.com\/index.php\/wp-json\/wp\/v2\/tags?post=184902"}],"curies":[{"name":"wp","href":"https:\/\/api.w.org\/{rel}","templated":true}]}}