{"id":18484,"date":"2021-04-10T15:39:08","date_gmt":"2021-04-10T18:39:08","guid":{"rendered":"http:\/\/www.centraldenoticias.com.ar\/?p=18484"},"modified":"2021-04-10T17:28:10","modified_gmt":"2021-04-10T20:28:10","slug":"provincia-confirmo-la-circulacion-de-las-variantes-britanica-y-manaos-de-covid19-en-olavarria","status":"publish","type":"post","link":"https:\/\/cdnoticias.com\/index.php\/2021\/04\/10\/provincia-confirmo-la-circulacion-de-las-variantes-britanica-y-manaos-de-covid19-en-olavarria\/","title":{"rendered":"Provincia confirm\u00f3 la circulaci\u00f3n de las variantes Brit\u00e1nica y Manaos de Covid19 en Olavarr\u00eda"},"content":{"rendered":"<p>As\u00ed fue informado por el ministro de Salud bonaerense, Daniel Goll\u00e1n, quien pidi\u00f3 que se extremen los recaudos.<!--more--><\/p>\n<hr \/>\n<p><strong>\u201cInforme muy preocupante sobre la circulaci\u00f3n comunitaria de las variantes Brit\u00e1nica y Manaos del Covid 19 en Olavarr\u00eda\u201d<\/strong>, as\u00ed se inicia la publicaci\u00f3n que el ministro de Salud bonaerense, Daniel Goll\u00e1n, realiz\u00f3 en sus redes sociales en el inicio de la tarde de este s\u00e1bado, confirmando un temor y hasta una cierta sospecha que hab\u00edan con respecto a la circulaci\u00f3n de otras variantes del virus debido al abultado crecimiento que el distrito ha registrado en los \u00faltimos d\u00edas.<\/p>\n<p>&nbsp;<\/p>\n<p><strong>\u201cHay que extremar las medidas de cuidado, para impedir la circulaci\u00f3n viral de estas variantes m\u00e1s contagiosas que pueden complicar a\u00fan m\u00e1s la situaci\u00f3n\u201d<\/strong>, concluy\u00f3 el titular de la cartera de salud bonaerense, en un \u201ctuit\u201d que complet\u00f3 con im\u00e1genes del proyecto Pa\u00eds, en el que se plasman los resultados de los an\u00e1lisis en torno a testeos realizados a pacientes de nuestra ciudad.<\/p>\n<p>&nbsp;<\/p>\n<blockquote class=\"twitter-tweet\" data-width=\"550\" data-dnt=\"true\">\n<p lang=\"es\" dir=\"ltr\">Informe muy preocupante sobre la circulaci\u00f3n comunitaria de las variantes Brit\u00e1nica y Manaos del Covid 19 en Olavarr\u00eda. <br \/>Hay que extremar las medidas de cuidado, para impedir la circulaci\u00f3n viral de estas variantes m\u00e1s contagiosas que pueden complicar a\u00fan m\u00e1s la situaci\u00f3n. <a href=\"https:\/\/t.co\/0gSYAkMiXR\">pic.twitter.com\/0gSYAkMiXR<\/a><\/p>\n<p>&mdash; Daniel Gollan (@DrDanielGollan) <a href=\"https:\/\/twitter.com\/DrDanielGollan\/status\/1380947663173062658?ref_src=twsrc%5Etfw\">April 10, 2021<\/a><\/p><\/blockquote>\n<p><script async src=\"https:\/\/platform.twitter.com\/widgets.js\" charset=\"utf-8\"><\/script><\/p>\n<p>&nbsp;<\/p>\n<p>En esas im\u00e1genes puede verse que <strong>m\u00e1s de una decena de olavarrienses dieron positivo de la cepa brit\u00e1nica, mientras que tres registraban la variaci\u00f3n Manaos, proveniente de Brasil.<\/strong><\/p>\n<p>&nbsp;<\/p>\n<p><strong>Se concluy\u00f3 que ninguno de esos pacientes tiene antecedentes de viaje o de contacto con viajeros<\/strong>. &#8220;Ser\u00edan casos seleccionados al azar sobre un total de 394 muestras positivas analizadas&#8221;, se concluy\u00f3.<\/p>\n","protected":false},"excerpt":{"rendered":"<p>As\u00ed fue informado por el ministro de Salud bonaerense, Daniel Goll\u00e1n, quien pidi\u00f3 que se extremen los recaudos.<\/p>\n","protected":false},"author":3,"featured_media":9008,"comment_status":"closed","ping_status":"closed","sticky":false,"template":"","format":"standard","meta":{"_jetpack_memberships_contains_paid_content":false,"footnotes":""},"categories":[5,1],"tags":[],"class_list":["post-18484","post","type-post","status-publish","format-standard","has-post-thumbnail","hentry","category-informacion-general","category-portada"],"jetpack_featured_media_url":"https:\/\/i0.wp.com\/cdnoticias.com\/wp-content\/uploads\/2020\/12\/conferencia-gollan-800x445.jpg?fit=992%2C552&ssl=1","jetpack_sharing_enabled":true,"_links":{"self":[{"href":"https:\/\/cdnoticias.com\/index.php\/wp-json\/wp\/v2\/posts\/18484","targetHints":{"allow":["GET"]}}],"collection":[{"href":"https:\/\/cdnoticias.com\/index.php\/wp-json\/wp\/v2\/posts"}],"about":[{"href":"https:\/\/cdnoticias.com\/index.php\/wp-json\/wp\/v2\/types\/post"}],"author":[{"embeddable":true,"href":"https:\/\/cdnoticias.com\/index.php\/wp-json\/wp\/v2\/users\/3"}],"replies":[{"embeddable":true,"href":"https:\/\/cdnoticias.com\/index.php\/wp-json\/wp\/v2\/comments?post=18484"}],"version-history":[{"count":0,"href":"https:\/\/cdnoticias.com\/index.php\/wp-json\/wp\/v2\/posts\/18484\/revisions"}],"wp:featuredmedia":[{"embeddable":true,"href":"https:\/\/cdnoticias.com\/index.php\/wp-json\/wp\/v2\/media\/9008"}],"wp:attachment":[{"href":"https:\/\/cdnoticias.com\/index.php\/wp-json\/wp\/v2\/media?parent=18484"}],"wp:term":[{"taxonomy":"category","embeddable":true,"href":"https:\/\/cdnoticias.com\/index.php\/wp-json\/wp\/v2\/categories?post=18484"},{"taxonomy":"post_tag","embeddable":true,"href":"https:\/\/cdnoticias.com\/index.php\/wp-json\/wp\/v2\/tags?post=18484"}],"curies":[{"name":"wp","href":"https:\/\/api.w.org\/{rel}","templated":true}]}}