{"id":184721,"date":"2025-10-09T20:37:40","date_gmt":"2025-10-09T23:37:40","guid":{"rendered":"https:\/\/cdnoticias.com\/?p=184721"},"modified":"2025-10-10T09:35:25","modified_gmt":"2025-10-10T12:35:25","slug":"vecinos-del-interior-bonaerense-volveran-a-reclamar-por-las-rutas-en-mal-estado","status":"publish","type":"post","link":"https:\/\/cdnoticias.com\/index.php\/2025\/10\/09\/vecinos-del-interior-bonaerense-volveran-a-reclamar-por-las-rutas-en-mal-estado\/","title":{"rendered":"Vecinos del interior bonaerense volver\u00e1n a reclamar por las rutas en mal estado"},"content":{"rendered":"\n<p>Uno de los epicentros ser\u00e1 la ciudad de Azul, en reclamo por la Ruta N\u00ba3. En otros distritos tambi\u00e9n habr\u00e1 banderazos.<\/p>\n\n\n\n<hr class=\"wp-block-separator aligncenter has-alpha-channel-opacity\"\/>\n\n\n\n<p>En medio de la<strong> par\u00e1lisis de la obra p\u00fablica<\/strong> y el <strong>aumento de accidentes en las rutas del pa\u00eds, <\/strong>vecinos de diversas ciudades del interior bonaerense <strong>volver\u00e1n el domingo a reclamar con un banderazo por el mal estado de varios de los caminos que atraviesan el territorio.<\/strong><\/p>\n\n\n\n<p><\/p>\n\n\n\n<blockquote class=\"wp-block-quote is-layout-flow wp-block-quote-is-layout-flow\">\n<p>La actividad, que es impulsada por vecinos autoconvocados y tendr\u00e1 como referencia las 16:30 horas del domingo 12 de octubre, se replicar\u00e1 en varias de las rutas nacionales y algunas provinciales. Los epicentros ser\u00e1n rutas nacionales 3, 5, 33, 226 y 205, mientras que la ciudad de Azul ser\u00e1 uno de los lugares de mayor concentraci\u00f3n.<\/p>\n<\/blockquote>\n\n\n\n<p><\/p>\n\n\n\n<p>Se recuerda que <strong>el municipio de Azul demand\u00f3 en la Justicia al Gobierno nacional por el mal estado de la ruta 3, <\/strong>una de las v\u00edas troncales de la Argentina y que une Buenos Aires con Ushuaia, en Tierra del Fuego, en un trayecto de m\u00e1s de 3000 kil\u00f3metros.<\/p>\n\n\n\n<p><\/p>\n\n\n\n<p>M\u00e1s all\u00e1 de algunos trabajos puntuales o la apertura de sobres para la concesi\u00f3n de 741 kil\u00f3metros que corresponden a la etapa 1 de la Red Federal de Concesiones, <strong>lo cierto es que el Gobierno de Javier Milei se mantiene bajo la premisa de no reanudar la obra p\u00fablica<\/strong>. Frente a esto, los vecinos <strong>encabezar\u00e1n el tercer banderazo en lo que va del a\u00f1o <\/strong>a la espera que m\u00e1s gente se sume.<\/p>\n\n\n\n<p><\/p>\n\n\n\n<p><strong>Localidades que se suman o adhieren al banderazo<\/strong><\/p>\n\n\n\n<ul class=\"wp-block-list\">\n<li>RN 3: Azul, Olavarr\u00eda, Tandil, Chillar, Cachar\u00ed, Las Flores, Monte, Gorchs, Abbott.<\/li>\n<\/ul>\n\n\n\n<ul class=\"wp-block-list\">\n<li>RN 226: Azul, Olavarr\u00eda, Tandil, Bol\u00edvar, Urdampilleta.<\/li>\n<\/ul>\n\n\n\n<ul class=\"wp-block-list\">\n<li>RN 5: Mercedes, Suipacha, Chivilcoy, Alberti, Bragado, 9 de Julio, Carlos Casares, Pehuaj\u00f3, Pellegrini, Catril\u00f3, Lonquimay, La Gloria, Uriburu, Anguil, Santa Rosa (La Pampa).<\/li>\n<\/ul>\n\n\n\n<ul class=\"wp-block-list\">\n<li>RN 20: Urdinarrain (Entre R\u00edos).<\/li>\n<\/ul>\n\n\n\n<ul class=\"wp-block-list\">\n<li>RN 33: Tornquist, Bah\u00eda Blanca.<\/li>\n<\/ul>\n\n\n\n<ul class=\"wp-block-list\">\n<li>RP 65: Urdampilleta, Bol\u00edvar.<\/li>\n<\/ul>\n\n\n\n<ul class=\"wp-block-list\">\n<li>RP 30 \/ RN 205: Norberto de la Riestra.<\/li>\n<\/ul>\n\n\n\n<ul class=\"wp-block-list\">\n<li>RP 29 \/ RP 30 \/ RP 74: Tandil, Ayacucho.<\/li>\n<\/ul>\n\n\n\n<ul class=\"wp-block-list\">\n<li>RP 80 \/ RP 86 \/ RP 88: Necochea.\u00a0<\/li>\n<\/ul>\n\n\n\n<p><\/p>\n\n\n\n<p><em>Fuente: DIB<\/em><\/p>\n\n\n\n<p><\/p>\n","protected":false},"excerpt":{"rendered":"<p>Uno de los epicentros ser\u00e1 la ciudad de Azul, en reclamo por la Ruta N\u00ba3. En otros distritos tambi\u00e9n habr\u00e1<\/p>\n","protected":false},"author":6,"featured_media":179248,"comment_status":"closed","ping_status":"closed","sticky":false,"template":"","format":"standard","meta":{"_jetpack_memberships_contains_paid_content":false,"footnotes":""},"categories":[5,1],"tags":[],"class_list":["post-184721","post","type-post","status-publish","format-standard","has-post-thumbnail","hentry","category-informacion-general","category-portada"],"jetpack_featured_media_url":"https:\/\/i0.wp.com\/cdnoticias.com\/wp-content\/uploads\/2025\/08\/banderazos.jpg?fit=900%2C506&ssl=1","jetpack_sharing_enabled":true,"_links":{"self":[{"href":"https:\/\/cdnoticias.com\/index.php\/wp-json\/wp\/v2\/posts\/184721","targetHints":{"allow":["GET"]}}],"collection":[{"href":"https:\/\/cdnoticias.com\/index.php\/wp-json\/wp\/v2\/posts"}],"about":[{"href":"https:\/\/cdnoticias.com\/index.php\/wp-json\/wp\/v2\/types\/post"}],"author":[{"embeddable":true,"href":"https:\/\/cdnoticias.com\/index.php\/wp-json\/wp\/v2\/users\/6"}],"replies":[{"embeddable":true,"href":"https:\/\/cdnoticias.com\/index.php\/wp-json\/wp\/v2\/comments?post=184721"}],"version-history":[{"count":0,"href":"https:\/\/cdnoticias.com\/index.php\/wp-json\/wp\/v2\/posts\/184721\/revisions"}],"wp:featuredmedia":[{"embeddable":true,"href":"https:\/\/cdnoticias.com\/index.php\/wp-json\/wp\/v2\/media\/179248"}],"wp:attachment":[{"href":"https:\/\/cdnoticias.com\/index.php\/wp-json\/wp\/v2\/media?parent=184721"}],"wp:term":[{"taxonomy":"category","embeddable":true,"href":"https:\/\/cdnoticias.com\/index.php\/wp-json\/wp\/v2\/categories?post=184721"},{"taxonomy":"post_tag","embeddable":true,"href":"https:\/\/cdnoticias.com\/index.php\/wp-json\/wp\/v2\/tags?post=184721"}],"curies":[{"name":"wp","href":"https:\/\/api.w.org\/{rel}","templated":true}]}}