{"id":184701,"date":"2025-10-09T16:23:55","date_gmt":"2025-10-09T19:23:55","guid":{"rendered":"https:\/\/cdnoticias.com\/?p=184701"},"modified":"2025-10-09T16:23:58","modified_gmt":"2025-10-09T19:23:58","slug":"tras-22-anos-facon-lanzo-un-nuevo-disco-ave-fenix","status":"publish","type":"post","link":"https:\/\/cdnoticias.com\/index.php\/2025\/10\/09\/tras-22-anos-facon-lanzo-un-nuevo-disco-ave-fenix\/","title":{"rendered":"Tras 22 a\u00f1os Fac\u00f3n lanz\u00f3 un nuevo disco: Ave F\u00e9nix"},"content":{"rendered":"\n<p>La banda azule\u00f1a presenta un nuevo \u00e1lbum que re\u00fane a figuras como Santiago y Valent\u00edn Andersen (El Plan de la Mariposa), Nano Campoliete (Bersuit Vergarabat), Ignacio Montoya Carlotto y Abril Alconada.<\/p>\n\n\n\n<hr class=\"wp-block-separator aligncenter has-alpha-channel-opacity\"\/>\n\n\n\n<p>Despu\u00e9s de <strong>m\u00e1s de dos d\u00e9cadas sin editar material, Fac\u00f3n vuelve al ruedo con Ave F\u00e9nix, un disco que reafirma su identidad entre el folklore y el rock, mientras se abre a nuevos matices sonoros.<\/strong> Desde el coraz\u00f3n bonaerense, el grupo resurge con un esp\u00edritu festivo y combativo, retratando lo cotidiano en tiempos de incertidumbre.<\/p>\n\n\n\n<p>El regreso tom\u00f3 forma a comienzos de a\u00f1o, cuando la banda ingres\u00f3 a los Estudios Nakao, en La Plata, para grabar las diez canciones del \u00e1lbum. <strong>La formaci\u00f3n actual est\u00e1 integrada por Turco Chiodi (guitarra y voz principal), Pieri Salda\u00f1o (charango y voz), Ricardo Rodr\u00edguez (viol\u00edn, trompeta y voz), Agust\u00edn Scillone (bajo, guitarra y coros), Vicente Chiodi (clarinete y saxof\u00f3n) y Bernardo Lupo (bater\u00eda, bombo y coros).<\/strong><\/p>\n\n\n\n<p class=\"has-medium-font-size\">Colaboraciones y nuevas sonoridades<\/p>\n\n\n\n<p>Ave F\u00e9nix, el cuarto disco de estudio de Fac\u00f3n, cuenta con invitados de peso.<strong> Santiago y Valent\u00edn Andersen, de El Plan de la Mariposa, aportan viol\u00edn y guitarra el\u00e9ctrica en Un Long Play; Nano Campoliete, de Bersuit Vergarabat, suma acorde\u00f3n en Barrio la F\u00e9; Pablo Vignali interviene en bombo para Sonrisas Nuevas; Ignacio Montoya Carlotto deja su sello en piano para Cuando Veo Mi Cara, y Abril Alconada completa la lista en Qu\u00e9 Bien, con coros y sintetizadores.<\/strong><\/p>\n\n\n\n<p>Con la producci\u00f3n art\u00edstica de Ponche Abraham, el disco se mueve entre carnavalitos, pop, chamam\u00e9 y chacarera, <strong>sin perder el pulso rockero que siempre distingui\u00f3 a la banda. La voz de Turco Chiodi y las guitarras sostienen ese esp\u00edritu que atraviesa todo el repertorio.<\/strong><\/p>\n\n\n\n<p class=\"has-medium-font-size\">Entre la ra\u00edz y la reinvenci\u00f3n<\/p>\n\n\n\n<p><em><strong>\u201cVengo desde el barro sin poder, vengo de las cosas sin lugar, vengo donde nadie puede m\u00e1s, vengo de morir y de matar\u201d<\/strong><\/em>, canta Chiodi en Deshabit\u00e1ndome, el primer adelanto del \u00e1lbum. La letra condensa la impronta de Fac\u00f3n: una mirada cruda, realista y profundamente humana.<\/p>\n\n\n\n<p>El segundo anticipo, Noche de luna, abre un paisaje m\u00e1s bailable, con el sonido del saxof\u00f3n y un clima festivo que se replica en cada presentaci\u00f3n desde el reencuentro con su p\u00fablico, en septiembre del a\u00f1o pasado.<\/p>\n\n\n\n<p class=\"has-medium-font-size\">Una historia con identidad bonaerense<\/p>\n\n\n\n<p><strong>Fac\u00f3n naci\u00f3 en Azul en 1994 y pronto se destac\u00f3 por su fusi\u00f3n de folklore y rock,<\/strong> abordando temas como la soledad, la verdad y la esperanza, con un lenguaje directo y popular.<\/p>\n\n\n\n<p><strong>En 1998 lanz\u00f3 Peleador, un debut cargado de energ\u00eda y arraigo al interior bonaerense, con canciones como Yo soy ella, Traicionero y la hom\u00f3nima Peleador, que le dieron visibilidad en el centro de la provincia.<\/strong><\/p>\n\n\n\n<p>Dos a\u00f1os despu\u00e9s lleg\u00f3 <strong>Mundo Caparaz\u00f3n, que marc\u00f3 su consagraci\u00f3n nacional. <\/strong>El tema Maquillando las noticias fue elegido como cortina del programa Primicias (Canal 13), mientras otras canciones como Siguiendo el ritmo de las hojas, Azul y De cart\u00f3n vivienda reafirmaron su estilo comprometido y po\u00e9tico.<\/p>\n\n\n\n<p>En 2003 editaron \u00a1\u00a1Adentro!!, su tercer trabajo, donde se animaron a nuevos sonidos \u2014como Sobre una nube\u2014 y a una veta m\u00e1s rockera con El llamado del sexo.<\/p>\n\n\n\n<p><strong>Tras un largo silencio discogr\u00e1fico, el 21 de septiembre de 2024 Fac\u00f3n volvi\u00f3 a los escenarios con una noche inolvidable en Olavarr\u00eda. <\/strong>Desde entonces, sus shows recorren un abanico de ritmos populares: carnavalitos, candombes, cumbias, chacareras, cuecas y joropos, siempre con el pulso inconfundible del rock argentino.<\/p>\n","protected":false},"excerpt":{"rendered":"<p>La banda azule\u00f1a presenta un nuevo \u00e1lbum que re\u00fane a figuras como Santiago y Valent\u00edn Andersen (El Plan de la<\/p>\n","protected":false},"author":2,"featured_media":184702,"comment_status":"closed","ping_status":"closed","sticky":false,"template":"","format":"standard","meta":{"_jetpack_memberships_contains_paid_content":false,"footnotes":""},"categories":[9,1],"tags":[],"class_list":["post-184701","post","type-post","status-publish","format-standard","has-post-thumbnail","hentry","category-cultura","category-portada"],"jetpack_featured_media_url":"https:\/\/i0.wp.com\/cdnoticias.com\/wp-content\/uploads\/2025\/10\/facon-prensa-34-scaled.jpg?fit=2560%2C1920&ssl=1","jetpack_sharing_enabled":true,"_links":{"self":[{"href":"https:\/\/cdnoticias.com\/index.php\/wp-json\/wp\/v2\/posts\/184701","targetHints":{"allow":["GET"]}}],"collection":[{"href":"https:\/\/cdnoticias.com\/index.php\/wp-json\/wp\/v2\/posts"}],"about":[{"href":"https:\/\/cdnoticias.com\/index.php\/wp-json\/wp\/v2\/types\/post"}],"author":[{"embeddable":true,"href":"https:\/\/cdnoticias.com\/index.php\/wp-json\/wp\/v2\/users\/2"}],"replies":[{"embeddable":true,"href":"https:\/\/cdnoticias.com\/index.php\/wp-json\/wp\/v2\/comments?post=184701"}],"version-history":[{"count":0,"href":"https:\/\/cdnoticias.com\/index.php\/wp-json\/wp\/v2\/posts\/184701\/revisions"}],"wp:featuredmedia":[{"embeddable":true,"href":"https:\/\/cdnoticias.com\/index.php\/wp-json\/wp\/v2\/media\/184702"}],"wp:attachment":[{"href":"https:\/\/cdnoticias.com\/index.php\/wp-json\/wp\/v2\/media?parent=184701"}],"wp:term":[{"taxonomy":"category","embeddable":true,"href":"https:\/\/cdnoticias.com\/index.php\/wp-json\/wp\/v2\/categories?post=184701"},{"taxonomy":"post_tag","embeddable":true,"href":"https:\/\/cdnoticias.com\/index.php\/wp-json\/wp\/v2\/tags?post=184701"}],"curies":[{"name":"wp","href":"https:\/\/api.w.org\/{rel}","templated":true}]}}