{"id":18470,"date":"2021-04-10T11:14:05","date_gmt":"2021-04-10T14:14:05","guid":{"rendered":"http:\/\/www.centraldenoticias.com.ar\/?p=18470"},"modified":"2021-04-10T11:42:51","modified_gmt":"2021-04-10T14:42:51","slug":"debate-por-horario-corrido-el-centro-de-panaderos-mostro-honda-preocupacion","status":"publish","type":"post","link":"https:\/\/cdnoticias.com\/index.php\/2021\/04\/10\/debate-por-horario-corrido-el-centro-de-panaderos-mostro-honda-preocupacion\/","title":{"rendered":"Debate por horario corrido: el Centro de Panaderos mostr\u00f3 \u201chonda preocupaci\u00f3n\u201d"},"content":{"rendered":"<p>As\u00ed lo hicieron saber tras la presentaci\u00f3n de un proyecto que busca implementar el horario corrido por la crisis sanitaria de la ciudad. Expresaron que \u201cno fueron convocados\u201d a debatir.\u00a0<!--more--><\/p>\n<hr \/>\n<p>Tras la presentaci\u00f3n de un<strong> proyecto que busca implementar el horario corrido en la ciudad luego de \u201cla positiva experiencia\u201d del 2020, el Centro de Panaderos de Olavarr\u00eda mostr\u00f3 \u201chonda preocupaci\u00f3n\u201d por lo negativo de esta medida.<\/strong><\/p>\n<p>&nbsp;<\/p>\n<blockquote><p>Indicaron que \u201cno fueron convocados\u201d para expresar opini\u00f3n o sumar alg\u00fan aporte al proyecto, y que esto generar\u00eda complicaciones en el rubro panaderil en la ciudad.<\/p><\/blockquote>\n<p>&nbsp;<\/p>\n<p><strong>A esto se le suman las diversas adversidades que sufri\u00f3 el sector en el \u00faltimo tiempo: desde las subas que se reflejaron en el precio del kilo de pan, pasando por la baja en las ventas y el impacto que tuvo la pandemia en el rubro, como en tantos otros.<\/strong><\/p>\n<p>&nbsp;<\/p>\n<p>El proyecto, presentado por el interbloque del Frente de Todos en el Concejo Deliberante, busca <strong>establecer el horario corrido de actividades comerciales y de servicios en la franja horaria de 7 a 19 horas de lunes a viernes y de 7 a 13 los d\u00edas s\u00e1bados.<\/strong><\/p>\n<p>&nbsp;<\/p>\n<p>Se articular\u00eda con los comerciantes, las c\u00e1maras y sindicatos los diversos horarios de los rubros comerciales para garantizar, adem\u00e1s, la jornada de 8 horas para los trabajadores, y un dato a tener en cuenta es que tanto domingos como feriados ser\u00eda \u201cde cierre obligatorio\u201d.<\/p>\n<p>&nbsp;<\/p>\n<p>Entre los considerandos, <strong>adem\u00e1s del aprovechamiento de la luz solar y el uso eficiente de la energ\u00eda -tambi\u00e9n en sus costos- habr\u00eda mejoras en el tr\u00e1nsito y la siniestralidad vial, sumado a la reducci\u00f3n de circulaci\u00f3n en un contexto complejo por la pandemia en Olavarr\u00eda.<\/strong><\/p>\n","protected":false},"excerpt":{"rendered":"<p>As\u00ed lo hicieron saber tras la presentaci\u00f3n de un proyecto que busca implementar el horario corrido por la crisis sanitaria<\/p>\n","protected":false},"author":2,"featured_media":7485,"comment_status":"closed","ping_status":"closed","sticky":false,"template":"","format":"standard","meta":{"_jetpack_memberships_contains_paid_content":false,"footnotes":""},"categories":[5,1],"tags":[],"class_list":["post-18470","post","type-post","status-publish","format-standard","has-post-thumbnail","hentry","category-informacion-general","category-portada"],"jetpack_featured_media_url":"https:\/\/i0.wp.com\/cdnoticias.com\/wp-content\/uploads\/2020\/11\/Olavarria01.jpg?fit=1280%2C789&ssl=1","jetpack_sharing_enabled":true,"_links":{"self":[{"href":"https:\/\/cdnoticias.com\/index.php\/wp-json\/wp\/v2\/posts\/18470","targetHints":{"allow":["GET"]}}],"collection":[{"href":"https:\/\/cdnoticias.com\/index.php\/wp-json\/wp\/v2\/posts"}],"about":[{"href":"https:\/\/cdnoticias.com\/index.php\/wp-json\/wp\/v2\/types\/post"}],"author":[{"embeddable":true,"href":"https:\/\/cdnoticias.com\/index.php\/wp-json\/wp\/v2\/users\/2"}],"replies":[{"embeddable":true,"href":"https:\/\/cdnoticias.com\/index.php\/wp-json\/wp\/v2\/comments?post=18470"}],"version-history":[{"count":0,"href":"https:\/\/cdnoticias.com\/index.php\/wp-json\/wp\/v2\/posts\/18470\/revisions"}],"wp:featuredmedia":[{"embeddable":true,"href":"https:\/\/cdnoticias.com\/index.php\/wp-json\/wp\/v2\/media\/7485"}],"wp:attachment":[{"href":"https:\/\/cdnoticias.com\/index.php\/wp-json\/wp\/v2\/media?parent=18470"}],"wp:term":[{"taxonomy":"category","embeddable":true,"href":"https:\/\/cdnoticias.com\/index.php\/wp-json\/wp\/v2\/categories?post=18470"},{"taxonomy":"post_tag","embeddable":true,"href":"https:\/\/cdnoticias.com\/index.php\/wp-json\/wp\/v2\/tags?post=18470"}],"curies":[{"name":"wp","href":"https:\/\/api.w.org\/{rel}","templated":true}]}}