{"id":184681,"date":"2025-10-09T17:03:10","date_gmt":"2025-10-09T20:03:10","guid":{"rendered":"https:\/\/cdnoticias.com\/?p=184681"},"modified":"2025-10-09T20:07:17","modified_gmt":"2025-10-09T23:07:17","slug":"reprograman-el-paseo-turistico-cultural-e-historico-por-loma-negra","status":"publish","type":"post","link":"https:\/\/cdnoticias.com\/index.php\/2025\/10\/09\/reprograman-el-paseo-turistico-cultural-e-historico-por-loma-negra\/","title":{"rendered":"Reprograman el Paseo Tur\u00edstico, Cultural e Hist\u00f3rico por Loma Negra"},"content":{"rendered":"\n<p>Debido a las condiciones clim\u00e1ticas previstas para el fin de semana, la propuesta se realizar\u00e1 el 1 de noviembre.<\/p>\n\n\n\n<hr class=\"wp-block-separator has-alpha-channel-opacity\"\/>\n\n\n\n<p>El Municipio de Olavarr\u00eda inform\u00f3 que, debido al pron\u00f3stico de condiciones clim\u00e1ticas desfavorables, se ha decidido <strong>reprogramar el Paseo Tur\u00edstico, Cultural e Hist\u00f3rico en Villa Alfredo Fortabat que se iba a desarrollar este s\u00e1bado 11 de octubre.<\/strong><\/p>\n\n\n\n<p><\/p>\n\n\n\n<blockquote class=\"wp-block-quote is-layout-flow wp-block-quote-is-layout-flow\">\n<p>De esta forma, la propuesta se realizar\u00e1 el pr\u00f3ximo 1\u00b0 de noviembre, enmarcado en el festejo del aniversario de la localidad.<\/p>\n<\/blockquote>\n\n\n\n<p><\/p>\n\n\n\n<p>La actividad surge por iniciativa de la Casa de la Cultura y Turismo VAF de la localidad de Loma Negra, organizada en forma conjunta por el Municipio de Olavarr\u00eda, a trav\u00e9s de la Coordinaci\u00f3n de Turismo de la Secretar\u00eda de Desarrollo Econ\u00f3mico y Productivo.<\/p>\n\n\n\n<p><\/p>\n\n\n\n<p><strong>Detalle del recorrido<\/strong><\/p>\n\n\n\n<p><\/p>\n\n\n\n<p>El itinerario comenzar\u00e1 en la <strong>Plaza de los Inmigrantes<\/strong> para llegar hasta la Plaza de la Eficiencia y el Trabajo, donde se retomar\u00e1 el pasado de las comunidades originarias en el territorio a trav\u00e9s de Batalla de San Jacinto, y en un segundo momento se realizar\u00e1 un breve recorrido por el surgimiento de la f\u00e1brica. En la misma plaza se hablar\u00e1 sobre el surgimiento del pueblo y su centro hist\u00f3rico.<\/p>\n\n\n\n<p><\/p>\n\n\n\n<p>Luego se trasladar\u00e1n hasta el<strong> cartel de Loma Negra<\/strong> para adentrarse al v\u00ednculo de Alfredo Fortabat con los trabajadores y los distintos espacios de sociabilidad que surgieron en la \u00e9poca. Tambi\u00e9n se repasar\u00e1 el surgimiento de la iglesia y en el <strong>Museo Hogar Loma Negra <\/strong>se recuperar\u00e1 la historia de espacio y se recorrer\u00e1n las distintas salas.<\/p>\n\n\n\n<p><\/p>\n\n\n\n<p>En la sede de<strong> Kamen (Colectividad de eslovenos) l<\/strong>a comitiva ser\u00e1 recibida por descendientes de la Colectividad Eslovena de Loma Negra, donde nos contar\u00e1n su historia. Mientras que en la sede de la <strong>Casa de Cultura y Turismo VAF<\/strong>, integrantes del grupo contar\u00e1n brevemente su historia. El cierre de la actividad ser\u00e1 en la Plaza de los Inmigrantes donde compartir\u00e1n una merienda.<\/p>\n","protected":false},"excerpt":{"rendered":"<p>Debido a las condiciones clim\u00e1ticas previstas para el fin de semana, la propuesta se realizar\u00e1 el 1 de noviembre. El<\/p>\n","protected":false},"author":5,"featured_media":119799,"comment_status":"closed","ping_status":"closed","sticky":false,"template":"","format":"standard","meta":{"_jetpack_memberships_contains_paid_content":false,"footnotes":""},"categories":[9,1],"tags":[],"class_list":["post-184681","post","type-post","status-publish","format-standard","has-post-thumbnail","hentry","category-cultura","category-portada"],"jetpack_featured_media_url":"https:\/\/i0.wp.com\/cdnoticias.com\/wp-content\/uploads\/2024\/07\/Loma-Negra-villa-fortabat-01.jpg?fit=1000%2C556&ssl=1","jetpack_sharing_enabled":true,"_links":{"self":[{"href":"https:\/\/cdnoticias.com\/index.php\/wp-json\/wp\/v2\/posts\/184681","targetHints":{"allow":["GET"]}}],"collection":[{"href":"https:\/\/cdnoticias.com\/index.php\/wp-json\/wp\/v2\/posts"}],"about":[{"href":"https:\/\/cdnoticias.com\/index.php\/wp-json\/wp\/v2\/types\/post"}],"author":[{"embeddable":true,"href":"https:\/\/cdnoticias.com\/index.php\/wp-json\/wp\/v2\/users\/5"}],"replies":[{"embeddable":true,"href":"https:\/\/cdnoticias.com\/index.php\/wp-json\/wp\/v2\/comments?post=184681"}],"version-history":[{"count":0,"href":"https:\/\/cdnoticias.com\/index.php\/wp-json\/wp\/v2\/posts\/184681\/revisions"}],"wp:featuredmedia":[{"embeddable":true,"href":"https:\/\/cdnoticias.com\/index.php\/wp-json\/wp\/v2\/media\/119799"}],"wp:attachment":[{"href":"https:\/\/cdnoticias.com\/index.php\/wp-json\/wp\/v2\/media?parent=184681"}],"wp:term":[{"taxonomy":"category","embeddable":true,"href":"https:\/\/cdnoticias.com\/index.php\/wp-json\/wp\/v2\/categories?post=184681"},{"taxonomy":"post_tag","embeddable":true,"href":"https:\/\/cdnoticias.com\/index.php\/wp-json\/wp\/v2\/tags?post=184681"}],"curies":[{"name":"wp","href":"https:\/\/api.w.org\/{rel}","templated":true}]}}