{"id":184675,"date":"2025-10-09T13:08:25","date_gmt":"2025-10-09T16:08:25","guid":{"rendered":"https:\/\/cdnoticias.com\/?p=184675"},"modified":"2025-10-09T17:03:29","modified_gmt":"2025-10-09T20:03:29","slug":"feria-y-festival-del-libro-las-bibliotecas-populares-dicen-presente","status":"publish","type":"post","link":"https:\/\/cdnoticias.com\/index.php\/2025\/10\/09\/feria-y-festival-del-libro-las-bibliotecas-populares-dicen-presente\/","title":{"rendered":"Feria y Festival del Libro: las Bibliotecas Populares dicen presente"},"content":{"rendered":"\n<p>Se suman con propuestas y actividades al evento cultural que se desarrolla desde este jueves 9 al domingo 12, en el Centro Cultural San Jos\u00e9.<\/p>\n\n\n\n<hr class=\"wp-block-separator has-alpha-channel-opacity\"\/>\n\n\n\n<p>Este jueves comenz\u00f3 la<strong> 29\u00b0 edici\u00f3n de la Feria Libros en Olavarr\u00eda y el 4\u00b0 Festival del Libro. <\/strong>El evento cultural es organizado por el Municipio en conjunto con el Instituto Cultural de la Provincia de Buenos Aires.<\/p>\n\n\n\n<p><\/p>\n\n\n\n<p>Las Bibliotecas Populares se suman con diferentes propuestas que comprenden<strong> talleres de poes\u00eda, dibujo, caligraf\u00eda, teatro, postas literarias, y lectura de cuentos, <\/strong>que<strong> se desarrollar\u00e1n desde este jueves 9 hasta el domingo 12 de octubre,<\/strong> en los distintos espacios del Centro Cultural Municipal \u201cSan Jos\u00e9\u201d.<\/p>\n\n\n\n<p><\/p>\n\n\n\n<figure class=\"wp-block-image size-full\"><img data-recalc-dims=\"1\" loading=\"lazy\" decoding=\"async\" width=\"800\" height=\"998\" src=\"https:\/\/i0.wp.com\/cdnoticias.com\/wp-content\/uploads\/2025\/10\/Bibliotecas-821x1024-1.jpeg?resize=800%2C998&#038;ssl=1\" alt=\"\" class=\"wp-image-184676\" srcset=\"https:\/\/i0.wp.com\/cdnoticias.com\/wp-content\/uploads\/2025\/10\/Bibliotecas-821x1024-1.jpeg?w=821&amp;ssl=1 821w, https:\/\/i0.wp.com\/cdnoticias.com\/wp-content\/uploads\/2025\/10\/Bibliotecas-821x1024-1.jpeg?resize=241%2C300&amp;ssl=1 241w, https:\/\/i0.wp.com\/cdnoticias.com\/wp-content\/uploads\/2025\/10\/Bibliotecas-821x1024-1.jpeg?resize=768%2C958&amp;ssl=1 768w\" sizes=\"auto, (max-width: 800px) 100vw, 800px\" \/><\/figure>\n\n\n\n<p><\/p>\n\n\n\n<p>Asimismo, se record\u00f3 que durante el transcurso de la tarde habr\u00e1 <strong>Talleres al Paso<\/strong>, a cargo del Museo D\u00e1maso Arce y del Instituto de Investigaciones Antropol\u00f3gicas de Olavarr\u00eda, que se desarrollar\u00e1n sin inscripci\u00f3n, por orden de llegada. Cabe aclarar que en este tipo de actividades los ni\u00f1os deber\u00e1n estar acompa\u00f1ados por un adulto.<\/p>\n\n\n\n<p><\/p>\n\n\n\n<p>En el patio, <strong>todos los d\u00edas, desde las 15:00 horas habr\u00e1 diferentes propuestas para las infancias<\/strong>, que comprenden juegos, dibujo, shows de circo y magia, entre otras opciones destinadas para las infancias.<\/p>\n\n\n\n<p><\/p>\n\n\n\n<p>En el marco de la Feria y Festival del Libro habr\u00e1 <a href=\"https:\/\/cdnoticias.com\/index.php\/2025\/10\/06\/feria-y-festival-del-libro-cuales-son-las-visitas-y-presentaciones-confirmadas\/\" data-type=\"link\" data-id=\"https:\/\/cdnoticias.com\/index.php\/2025\/10\/06\/feria-y-festival-del-libro-cuales-son-las-visitas-y-presentaciones-confirmadas\/\">destacadas presentaciones<\/a> que se dar\u00e1n durante cada uno de los d\u00edas en los que se prolongar\u00e1 la<a href=\"https:\/\/cdnoticias.com\/index.php\/2025\/10\/08\/feria-y-festival-del-libro-en-olavarria-todas-las-propuestas-y-actividades\/\" data-type=\"link\" data-id=\"https:\/\/cdnoticias.com\/index.php\/2025\/10\/08\/feria-y-festival-del-libro-en-olavarria-todas-las-propuestas-y-actividades\/\"> propuesta literaria y cultural.<\/a><\/p>\n\n\n\n<p><\/p>\n\n\n\n<blockquote class=\"wp-block-quote is-layout-flow wp-block-quote-is-layout-flow\">\n<p>Cabe recordar que la 29\u00ba Feria Libros en Olavarr\u00eda y el 4\u00ba Festival del Libro abrir\u00e1 sus puertas: jueves de 9:00 a 12:00 y de 14:00 a 20:00 horas, viernes de 9:00 a 12:00 y de 15:00 a 21:00 horas, mientras que el s\u00e1bado y domingo el horario ser\u00e1 de 15:00 a 21:00 horas.<\/p>\n<\/blockquote>\n","protected":false},"excerpt":{"rendered":"<p>Se suman con propuestas y actividades al evento cultural que se desarrolla desde este jueves 9 al domingo 12, en<\/p>\n","protected":false},"author":5,"featured_media":129867,"comment_status":"closed","ping_status":"closed","sticky":false,"template":"","format":"standard","meta":{"_jetpack_memberships_contains_paid_content":false,"footnotes":""},"categories":[9,1],"tags":[],"class_list":["post-184675","post","type-post","status-publish","format-standard","has-post-thumbnail","hentry","category-cultura","category-portada"],"jetpack_featured_media_url":"https:\/\/i0.wp.com\/cdnoticias.com\/wp-content\/uploads\/2024\/11\/muni-feria-libro6.jpg?fit=900%2C470&ssl=1","jetpack_sharing_enabled":true,"_links":{"self":[{"href":"https:\/\/cdnoticias.com\/index.php\/wp-json\/wp\/v2\/posts\/184675","targetHints":{"allow":["GET"]}}],"collection":[{"href":"https:\/\/cdnoticias.com\/index.php\/wp-json\/wp\/v2\/posts"}],"about":[{"href":"https:\/\/cdnoticias.com\/index.php\/wp-json\/wp\/v2\/types\/post"}],"author":[{"embeddable":true,"href":"https:\/\/cdnoticias.com\/index.php\/wp-json\/wp\/v2\/users\/5"}],"replies":[{"embeddable":true,"href":"https:\/\/cdnoticias.com\/index.php\/wp-json\/wp\/v2\/comments?post=184675"}],"version-history":[{"count":0,"href":"https:\/\/cdnoticias.com\/index.php\/wp-json\/wp\/v2\/posts\/184675\/revisions"}],"wp:featuredmedia":[{"embeddable":true,"href":"https:\/\/cdnoticias.com\/index.php\/wp-json\/wp\/v2\/media\/129867"}],"wp:attachment":[{"href":"https:\/\/cdnoticias.com\/index.php\/wp-json\/wp\/v2\/media?parent=184675"}],"wp:term":[{"taxonomy":"category","embeddable":true,"href":"https:\/\/cdnoticias.com\/index.php\/wp-json\/wp\/v2\/categories?post=184675"},{"taxonomy":"post_tag","embeddable":true,"href":"https:\/\/cdnoticias.com\/index.php\/wp-json\/wp\/v2\/tags?post=184675"}],"curies":[{"name":"wp","href":"https:\/\/api.w.org\/{rel}","templated":true}]}}