{"id":184671,"date":"2025-10-09T11:10:35","date_gmt":"2025-10-09T14:10:35","guid":{"rendered":"https:\/\/cdnoticias.com\/?p=184671"},"modified":"2025-10-09T11:10:36","modified_gmt":"2025-10-09T14:10:36","slug":"por-cuestiones-climaticas-se-reprogramo-la-fiesta-por-el-115-aniversario-de-espigas","status":"publish","type":"post","link":"https:\/\/cdnoticias.com\/index.php\/2025\/10\/09\/por-cuestiones-climaticas-se-reprogramo-la-fiesta-por-el-115-aniversario-de-espigas\/","title":{"rendered":"Por cuestiones clim\u00e1ticas se reprogram\u00f3 la fiesta por el 115\u00b0 aniversario de Espigas"},"content":{"rendered":"<p>Se iba a desarrollar este domingo, pero se reprogram\u00f3 para el pr\u00f3ximo 19 de octubre.<!--more--><\/p>\n<hr \/>\n<p>El Municipio de Olavarr\u00eda inform\u00f3 que, <strong>debido a las condiciones clim\u00e1ticas desfavorables<\/strong> pronosticadas para el fin de semana venidero, se decidi\u00f3 <strong>reprogramar la fiesta pro el 115\u00b0 aniversario de Espigas<\/strong>, que estaba dispuesta para el domingo 12.<\/p>\n<blockquote><p>\u201cDesde el Servicio Meteorol\u00f3gico Nacional se anuncian precipitaciones para las jornadas del s\u00e1bado y domingo, por lo que se decidi\u00f3 reprogramarla para el domingo 19 de octubre\u201d se indic\u00f3.<\/p><\/blockquote>\n","protected":false},"excerpt":{"rendered":"<p>Se iba a desarrollar este domingo, pero se reprogram\u00f3 para el pr\u00f3ximo 19 de octubre.<\/p>\n","protected":false},"author":4,"featured_media":121190,"comment_status":"closed","ping_status":"closed","sticky":false,"template":"","format":"standard","meta":{"_jetpack_memberships_contains_paid_content":false,"footnotes":""},"categories":[9,1],"tags":[],"class_list":["post-184671","post","type-post","status-publish","format-standard","has-post-thumbnail","hentry","category-cultura","category-portada"],"jetpack_featured_media_url":"https:\/\/i0.wp.com\/cdnoticias.com\/wp-content\/uploads\/2024\/07\/espigas.jpg?fit=1000%2C556&ssl=1","jetpack_sharing_enabled":true,"_links":{"self":[{"href":"https:\/\/cdnoticias.com\/index.php\/wp-json\/wp\/v2\/posts\/184671","targetHints":{"allow":["GET"]}}],"collection":[{"href":"https:\/\/cdnoticias.com\/index.php\/wp-json\/wp\/v2\/posts"}],"about":[{"href":"https:\/\/cdnoticias.com\/index.php\/wp-json\/wp\/v2\/types\/post"}],"author":[{"embeddable":true,"href":"https:\/\/cdnoticias.com\/index.php\/wp-json\/wp\/v2\/users\/4"}],"replies":[{"embeddable":true,"href":"https:\/\/cdnoticias.com\/index.php\/wp-json\/wp\/v2\/comments?post=184671"}],"version-history":[{"count":0,"href":"https:\/\/cdnoticias.com\/index.php\/wp-json\/wp\/v2\/posts\/184671\/revisions"}],"wp:featuredmedia":[{"embeddable":true,"href":"https:\/\/cdnoticias.com\/index.php\/wp-json\/wp\/v2\/media\/121190"}],"wp:attachment":[{"href":"https:\/\/cdnoticias.com\/index.php\/wp-json\/wp\/v2\/media?parent=184671"}],"wp:term":[{"taxonomy":"category","embeddable":true,"href":"https:\/\/cdnoticias.com\/index.php\/wp-json\/wp\/v2\/categories?post=184671"},{"taxonomy":"post_tag","embeddable":true,"href":"https:\/\/cdnoticias.com\/index.php\/wp-json\/wp\/v2\/tags?post=184671"}],"curies":[{"name":"wp","href":"https:\/\/api.w.org\/{rel}","templated":true}]}}