{"id":184661,"date":"2025-10-09T09:34:11","date_gmt":"2025-10-09T12:34:11","guid":{"rendered":"https:\/\/cdnoticias.com\/?p=184661"},"modified":"2025-10-09T13:11:06","modified_gmt":"2025-10-09T16:11:06","slug":"wesner-definio-una-situacion-con-caida-de-actividad-y-que-se-ha-sostenido-en-el-tiempo","status":"publish","type":"post","link":"https:\/\/cdnoticias.com\/index.php\/2025\/10\/09\/wesner-definio-una-situacion-con-caida-de-actividad-y-que-se-ha-sostenido-en-el-tiempo\/","title":{"rendered":"Wesner defini\u00f3 \u201cuna situaci\u00f3n con ca\u00edda de actividad y que se ha sostenido en el tiempo\u201d"},"content":{"rendered":"<p>Lo dijo el intendente en el encuentro con referentes del entramado productivo local junto al gobernador Axel Kicillof.<!--more--><\/p>\n<hr \/>\n<p><a href=\"https:\/\/cdnoticias.com\/index.php\/2025\/10\/08\/kicillof-vs-el-modelo-economico-de-milei-se-juega-en-las-urnas-si-esto-se-profundiza-o-si-cambia\/\" target=\"_blank\" rel=\"noopener\">Tal como se inform\u00f3<\/a>, este mi\u00e9rcoles <strong>estuvo en Olavarr\u00eda el gobernador de la provincia de Buenos Aires, Axel Kicillof<\/strong>, quien lleg\u00f3 acompa\u00f1ado por integrantes de su gabinete. Fue recibido por el <strong>intendente municipal Maximiliano Wesner<\/strong> y ambos encabezaron <a href=\"https:\/\/cdnoticias.com\/index.php\/2025\/10\/08\/kicillof-en-olavarria-reunion-con-productores-comerciantes-y-representantes-gremiales\/\" target=\"_blank\" rel=\"noopener\">varias actividades<\/a>. El cierre fue un <strong>encuentro en el Sal\u00f3n Rivadavia, donde se dieron cita m\u00e1s de un centenar de personas, todas integrantes del entramado productivo local<\/strong>.<\/p>\n<p>Referentes empresariales, industriales, comerciales, del sector agropecuario, como as\u00ed tambi\u00e9n del \u00e1mbito acad\u00e9mico y sindical estuvieron presentes.<\/p>\n<p>El mandatario bonaerense arrib\u00f3 acompa\u00f1ado por la<em> Jefa de Asesores Mar\u00eda Cristina \u00c1lvarez Rodr\u00edguez, el ministro de Producci\u00f3n Augusto Costa, el ministro de Trabajo Walter Correa, el Ministro de Desarrollo Agrario Jorge Rodr\u00edguez y la ministra de H\u00e1bitat y Desarrollo Urbano Silvina Batakis<\/em>.<\/p>\n<p><img data-recalc-dims=\"1\" loading=\"lazy\" decoding=\"async\" class=\"alignnone size-full wp-image-184663 aligncenter\" src=\"https:\/\/i0.wp.com\/cdnoticias.com\/wp-content\/uploads\/2025\/10\/wesner-kicillof-reunion-sectores-productivos-01.jpg?resize=800%2C445&#038;ssl=1\" alt=\"\" width=\"800\" height=\"445\" srcset=\"https:\/\/i0.wp.com\/cdnoticias.com\/wp-content\/uploads\/2025\/10\/wesner-kicillof-reunion-sectores-productivos-01.jpg?w=1000&amp;ssl=1 1000w, https:\/\/i0.wp.com\/cdnoticias.com\/wp-content\/uploads\/2025\/10\/wesner-kicillof-reunion-sectores-productivos-01.jpg?resize=300%2C167&amp;ssl=1 300w, https:\/\/i0.wp.com\/cdnoticias.com\/wp-content\/uploads\/2025\/10\/wesner-kicillof-reunion-sectores-productivos-01.jpg?resize=768%2C427&amp;ssl=1 768w, https:\/\/i0.wp.com\/cdnoticias.com\/wp-content\/uploads\/2025\/10\/wesner-kicillof-reunion-sectores-productivos-01.jpg?resize=800%2C445&amp;ssl=1 800w\" sizes=\"auto, (max-width: 800px) 100vw, 800px\" \/><\/p>\n<p>\u201cLa verdad que para nosotros <strong>es importante este encuentro, para poder caracterizar entre todos lo que estamos viviendo<\/strong> a diario. Cuando uno los visita, cuando tenemos una conversaci\u00f3n, o cuando vienen y me visitan y hablamos de lo que nos est\u00e1 sucediendo\u201d, expres\u00f3 el intendente de Olavarr\u00eda. Wesner <strong>puso en valor precisamente la presencia de funcionarios provinciales<\/strong> de carteras clave para entender y analizar el estado de situaci\u00f3n.<\/p>\n<blockquote><p>A\u00f1adi\u00f3 que \u201cla situaci\u00f3n no es alentadora y no solamente eso, sino que ha sido una situaci\u00f3n con ca\u00edda de actividad y que se ha sostenido en el tiempo y eso es lo preocupante\u201d.<\/p><\/blockquote>\n<p>El jefe comunal plante\u00f3 a los asistentes \u201cme parece oportuno caracterizar,<strong> hacer un diagn\u00f3stico, poder abrir la palabra<\/strong> para que cada uno pueda contar la situaci\u00f3n particular, puertas adentro de su comercio, de su industria\u201d.<\/p>\n<p><img data-recalc-dims=\"1\" loading=\"lazy\" decoding=\"async\" class=\"alignnone size-full wp-image-184664 aligncenter\" src=\"https:\/\/i0.wp.com\/cdnoticias.com\/wp-content\/uploads\/2025\/10\/wesner-kicillof-reunion-sectores-productivos-02.jpg?resize=800%2C445&#038;ssl=1\" alt=\"\" width=\"800\" height=\"445\" srcset=\"https:\/\/i0.wp.com\/cdnoticias.com\/wp-content\/uploads\/2025\/10\/wesner-kicillof-reunion-sectores-productivos-02.jpg?w=1000&amp;ssl=1 1000w, https:\/\/i0.wp.com\/cdnoticias.com\/wp-content\/uploads\/2025\/10\/wesner-kicillof-reunion-sectores-productivos-02.jpg?resize=300%2C167&amp;ssl=1 300w, https:\/\/i0.wp.com\/cdnoticias.com\/wp-content\/uploads\/2025\/10\/wesner-kicillof-reunion-sectores-productivos-02.jpg?resize=768%2C427&amp;ssl=1 768w, https:\/\/i0.wp.com\/cdnoticias.com\/wp-content\/uploads\/2025\/10\/wesner-kicillof-reunion-sectores-productivos-02.jpg?resize=800%2C445&amp;ssl=1 800w\" sizes=\"auto, (max-width: 800px) 100vw, 800px\" \/><\/p>\n<p>Tras repasar diversos \u00edndices que plasman la ca\u00edda del sector productivo en numerosos rubros y actividades, Wesner concluy\u00f3 diciendo que \u201ccuando golpea lo econ\u00f3mico, cuando el modelo golpea, no solamente golpea contra el ingreso familiar, contra la rentabilidad Pyme, sino que<strong> golpea en contra de la dignidad de los vecinos. Y eso es lo que no podemos permitir<\/strong> y eso es lo que no voy a permitir. <strong>Estamos a disposici\u00f3n para continuar el acompa\u00f1amiento<\/strong> del gobierno municipal y del gobierno de la provincia\u201d, concluy\u00f3.<\/p>\n<p>En representaci\u00f3n del Municipio tambi\u00e9n estuvieron <em>la Jefa de Gabinete Mercedes Land\u00edvar, el secretario de Desarrollo Econ\u00f3mico y Productivo Pablo Di Uno y el subsecretario de Empresas e Inversiones Bernardo Baldino<\/em>.<\/p>\n<blockquote><p>Al tomar la palabra el gobernador Kicillof tambi\u00e9n agradeci\u00f3 y ponder\u00f3 la masiva y representativa concurrencia. Luego, se diferenci\u00f3 completamente de la pol\u00edtica econ\u00f3mica del Gobierno Nacional: \u201cLa provincia de Buenos Aires es la principal provincia industrial del pa\u00eds. La provincia de Buenos Aires es la principal provincia productiva en general, tambi\u00e9n agropecuaria del pa\u00eds. Y tenemos un presidente que tiene una pol\u00edtica econ\u00f3mica que va en contra, que destruye la producci\u00f3n del trabajo\u201d, agreg\u00f3.<\/p><\/blockquote>\n<p><img data-recalc-dims=\"1\" loading=\"lazy\" decoding=\"async\" class=\"alignnone size-full wp-image-184665 aligncenter\" src=\"https:\/\/i0.wp.com\/cdnoticias.com\/wp-content\/uploads\/2025\/10\/wesner-kicillof-reunion-sectores-productivos-03.jpg?resize=800%2C445&#038;ssl=1\" alt=\"\" width=\"800\" height=\"445\" srcset=\"https:\/\/i0.wp.com\/cdnoticias.com\/wp-content\/uploads\/2025\/10\/wesner-kicillof-reunion-sectores-productivos-03.jpg?w=1000&amp;ssl=1 1000w, https:\/\/i0.wp.com\/cdnoticias.com\/wp-content\/uploads\/2025\/10\/wesner-kicillof-reunion-sectores-productivos-03.jpg?resize=300%2C167&amp;ssl=1 300w, https:\/\/i0.wp.com\/cdnoticias.com\/wp-content\/uploads\/2025\/10\/wesner-kicillof-reunion-sectores-productivos-03.jpg?resize=768%2C427&amp;ssl=1 768w, https:\/\/i0.wp.com\/cdnoticias.com\/wp-content\/uploads\/2025\/10\/wesner-kicillof-reunion-sectores-productivos-03.jpg?resize=800%2C445&amp;ssl=1 800w\" sizes=\"auto, (max-width: 800px) 100vw, 800px\" \/><\/p>\n<p>\u201cEscuchamos que el agro tiene dificultades, comercio que tiene dificultades, miner\u00eda que tiene dificultades, e industria que tiene dificultades, no queda nada\u201d, a\u00f1adi\u00f3.<\/p>\n<p>Por \u00faltimo, Kicillof subray\u00f3 que <strong>\u201ces la pol\u00edtica econ\u00f3mica de este gobierno y hay que pararla<\/strong>. Hay que pararla porque Argentina si tiene posibilidades es con industria. No es que eso es contra el campo, por supuesto que tiene que haber campo, por supuesto que tiene que haber miner\u00eda, pero tiene que haber valor agregado, lo entienden en todos los pa\u00edses del mundo. <strong>Hay que defender la industria Argentina, hay que defender el trabajo argentino<\/strong>\u201d, concluy\u00f3.<\/p>\n<h3>M\u00e1s actividades<\/h3>\n<p>Vale mencionar que el inicio de la agenda se llev\u00f3 a cabo en la<strong> planta de la f\u00e1brica Cerro Negro<\/strong>, donde se concret\u00f3 <strong>una recorrida<\/strong> que fue guiada por referentes de la planta ubicada sobre la Ruta Nacional N\u00ba 226.<\/p>\n<p><img data-recalc-dims=\"1\" loading=\"lazy\" decoding=\"async\" class=\"alignnone size-full wp-image-184666 aligncenter\" src=\"https:\/\/i0.wp.com\/cdnoticias.com\/wp-content\/uploads\/2025\/10\/wesner-kicillof-reunion-sectores-productivos-04.jpg?resize=800%2C445&#038;ssl=1\" alt=\"\" width=\"800\" height=\"445\" srcset=\"https:\/\/i0.wp.com\/cdnoticias.com\/wp-content\/uploads\/2025\/10\/wesner-kicillof-reunion-sectores-productivos-04.jpg?w=1000&amp;ssl=1 1000w, https:\/\/i0.wp.com\/cdnoticias.com\/wp-content\/uploads\/2025\/10\/wesner-kicillof-reunion-sectores-productivos-04.jpg?resize=300%2C167&amp;ssl=1 300w, https:\/\/i0.wp.com\/cdnoticias.com\/wp-content\/uploads\/2025\/10\/wesner-kicillof-reunion-sectores-productivos-04.jpg?resize=768%2C427&amp;ssl=1 768w, https:\/\/i0.wp.com\/cdnoticias.com\/wp-content\/uploads\/2025\/10\/wesner-kicillof-reunion-sectores-productivos-04.jpg?resize=800%2C445&amp;ssl=1 800w\" sizes=\"auto, (max-width: 800px) 100vw, 800px\" \/><\/p>\n<p>En la ocasi\u00f3n se les narr\u00f3 cu\u00e1l es <strong>la actualidad de la firma, que en los \u00faltimos meses ha visto severamente perjudicada por las medidas macroecon\u00f3micas<\/strong>, principalmente con la apertura de las importaciones.<\/p>\n<p>Posteriormente, <strong>visitaron el barrio CECO III<\/strong>, donde semanas atr\u00e1s <a href=\"https:\/\/cdnoticias.com\/index.php\/2025\/08\/13\/a-partir-de-hoy-deja-de-ser-una-vivienda-para-transformarse-en-un-hogar\/\" target=\"_blank\" rel=\"noopener\">hab\u00edan participado de la entrega de las viviendas<\/a>. En la ocasi\u00f3n visitaros familias y dialogaron con vecinos y vecinas que ya se encuentran viviendo en los nuevos hogares.<\/p>\n","protected":false},"excerpt":{"rendered":"<p>Lo dijo el intendente en el encuentro con referentes del entramado productivo local junto al gobernador Axel Kicillof.<\/p>\n","protected":false},"author":4,"featured_media":184662,"comment_status":"closed","ping_status":"closed","sticky":false,"template":"","format":"standard","meta":{"_jetpack_memberships_contains_paid_content":false,"footnotes":""},"categories":[4,1],"tags":[],"class_list":["post-184661","post","type-post","status-publish","format-standard","has-post-thumbnail","hentry","category-politica","category-portada"],"jetpack_featured_media_url":"https:\/\/i0.wp.com\/cdnoticias.com\/wp-content\/uploads\/2025\/10\/wesner-kicillof-reunion-sectores-productivos-00.jpg?fit=1000%2C556&ssl=1","jetpack_sharing_enabled":true,"_links":{"self":[{"href":"https:\/\/cdnoticias.com\/index.php\/wp-json\/wp\/v2\/posts\/184661","targetHints":{"allow":["GET"]}}],"collection":[{"href":"https:\/\/cdnoticias.com\/index.php\/wp-json\/wp\/v2\/posts"}],"about":[{"href":"https:\/\/cdnoticias.com\/index.php\/wp-json\/wp\/v2\/types\/post"}],"author":[{"embeddable":true,"href":"https:\/\/cdnoticias.com\/index.php\/wp-json\/wp\/v2\/users\/4"}],"replies":[{"embeddable":true,"href":"https:\/\/cdnoticias.com\/index.php\/wp-json\/wp\/v2\/comments?post=184661"}],"version-history":[{"count":0,"href":"https:\/\/cdnoticias.com\/index.php\/wp-json\/wp\/v2\/posts\/184661\/revisions"}],"wp:featuredmedia":[{"embeddable":true,"href":"https:\/\/cdnoticias.com\/index.php\/wp-json\/wp\/v2\/media\/184662"}],"wp:attachment":[{"href":"https:\/\/cdnoticias.com\/index.php\/wp-json\/wp\/v2\/media?parent=184661"}],"wp:term":[{"taxonomy":"category","embeddable":true,"href":"https:\/\/cdnoticias.com\/index.php\/wp-json\/wp\/v2\/categories?post=184661"},{"taxonomy":"post_tag","embeddable":true,"href":"https:\/\/cdnoticias.com\/index.php\/wp-json\/wp\/v2\/tags?post=184661"}],"curies":[{"name":"wp","href":"https:\/\/api.w.org\/{rel}","templated":true}]}}