{"id":18465,"date":"2021-04-10T10:37:34","date_gmt":"2021-04-10T13:37:34","guid":{"rendered":"http:\/\/www.centraldenoticias.com.ar\/?p=18465"},"modified":"2021-04-10T11:14:17","modified_gmt":"2021-04-10T14:14:17","slug":"el-intendente-galli-recorrio-la-obra-de-ampliacion-del-hospital","status":"publish","type":"post","link":"https:\/\/cdnoticias.com\/index.php\/2021\/04\/10\/el-intendente-galli-recorrio-la-obra-de-ampliacion-del-hospital\/","title":{"rendered":"El intendente Galli recorri\u00f3 la obra de ampliaci\u00f3n del Hospital"},"content":{"rendered":"<p>Fue catalogada como uno de los proyectos \u201cm\u00e1s significativos\u201d de los \u00faltimos 30 a\u00f1os en materia de inversi\u00f3n en infraestructura sanitaria.\u00a0<!--more--><\/p>\n<hr \/>\n<p><strong>El intendente Galli encabez\u00f3, este s\u00e1bado, una recorrida por la obra de ampliaci\u00f3n del Hospital<\/strong>, que avanza en medio de una segunda ola de casos de COVID.<\/p>\n<p>&nbsp;<\/p>\n<p>Fue catalogado como <strong><em>\u201cuno de los proyectos m\u00e1s significativos de los \u00faltimos 30 a\u00f1os en materia de inversi\u00f3n en infraestructura sanitaria y que implicar\u00e1 una importante reestructuraci\u00f3n edilicia\u201d.<\/em><\/strong><\/p>\n<p>&nbsp;<\/p>\n<p><img data-recalc-dims=\"1\" loading=\"lazy\" decoding=\"async\" class=\"alignnone size-full wp-image-18466\" src=\"https:\/\/i0.wp.com\/cdnoticias.com\/wp-content\/uploads\/2021\/04\/Obras-Ampliacion-Hospital-1-scaled.jpg?resize=800%2C535&#038;ssl=1\" alt=\"\" width=\"800\" height=\"535\" srcset=\"https:\/\/i0.wp.com\/cdnoticias.com\/wp-content\/uploads\/2021\/04\/Obras-Ampliacion-Hospital-1-scaled.jpg?w=2560&amp;ssl=1 2560w, https:\/\/i0.wp.com\/cdnoticias.com\/wp-content\/uploads\/2021\/04\/Obras-Ampliacion-Hospital-1-scaled.jpg?resize=300%2C201&amp;ssl=1 300w, https:\/\/i0.wp.com\/cdnoticias.com\/wp-content\/uploads\/2021\/04\/Obras-Ampliacion-Hospital-1-scaled.jpg?resize=768%2C513&amp;ssl=1 768w, https:\/\/i0.wp.com\/cdnoticias.com\/wp-content\/uploads\/2021\/04\/Obras-Ampliacion-Hospital-1-scaled.jpg?resize=1024%2C684&amp;ssl=1 1024w, https:\/\/i0.wp.com\/cdnoticias.com\/wp-content\/uploads\/2021\/04\/Obras-Ampliacion-Hospital-1-scaled.jpg?resize=272%2C182&amp;ssl=1 272w, https:\/\/i0.wp.com\/cdnoticias.com\/wp-content\/uploads\/2021\/04\/Obras-Ampliacion-Hospital-1-scaled.jpg?w=1600&amp;ssl=1 1600w, https:\/\/i0.wp.com\/cdnoticias.com\/wp-content\/uploads\/2021\/04\/Obras-Ampliacion-Hospital-1-scaled.jpg?w=2400&amp;ssl=1 2400w\" sizes=\"auto, (max-width: 800px) 100vw, 800px\" \/><\/p>\n<p>&nbsp;<\/p>\n<p><strong>La obra de ampliaci\u00f3n consiste en la construcci\u00f3n de un edificio totalmente nuevo que tendr\u00e1 aproximadamente unos 1.200 metros cuadrados cubiertos, distribuidos en tres niveles<\/strong>: en planta baja se ubicar\u00e1 el sector de quir\u00f3fano de gastroenterolog\u00eda y sala de espera, administraci\u00f3n, informes, accesos a internaci\u00f3n. Mientras que en el primer y segundo piso, pasar\u00e1 a funcionar el sector de internaci\u00f3n, enfermer\u00eda y cocina.<\/p>\n<p>&nbsp;<\/p>\n<blockquote><p>Cabe recordar que una vez finalizada esta primera etapa, se prev\u00e9 la remodelaci\u00f3n para vincular ambos edificios y unificar los servicios de Cl\u00ednica M\u00e9dica y Cl\u00ednica Quir\u00fargica, en una segunda instancia.<\/p><\/blockquote>\n<p>&nbsp;<\/p>\n<p><strong>El \u00e1rea total, con el edificio nuevo m\u00e1s la remodelaci\u00f3n del edificio actual (que no se encuentra contemplada en esta primera etapa), ser\u00e1 de 2.300 metros cuadrados<\/strong>, con mayor capacidad para internaci\u00f3n, distribuidos en dos plantas y planta baja para gastroenterolog\u00eda.<\/p>\n<p>&nbsp;<\/p>\n<p><em>\u201cEstamos reactivando la primera etapa del nuevo edificio de Internaci\u00f3n y Servicio de Gastroenterolog\u00eda de nuestro Hospital Municipal. Proyectamos realizar mejoras en el \u00e1rea de cuidados cr\u00edticos, laboratorio, consultorios externos e internaci\u00f3n general\u201d<\/em>, se\u00f1al\u00f3 Galli.<\/p>\n<p>&nbsp;<\/p>\n<p><img data-recalc-dims=\"1\" loading=\"lazy\" decoding=\"async\" class=\"alignnone size-full wp-image-18468\" src=\"https:\/\/i0.wp.com\/cdnoticias.com\/wp-content\/uploads\/2021\/04\/Obras-Ampliacion-Hospital-3-scaled.jpg?resize=800%2C535&#038;ssl=1\" alt=\"\" width=\"800\" height=\"535\" srcset=\"https:\/\/i0.wp.com\/cdnoticias.com\/wp-content\/uploads\/2021\/04\/Obras-Ampliacion-Hospital-3-scaled.jpg?w=2560&amp;ssl=1 2560w, https:\/\/i0.wp.com\/cdnoticias.com\/wp-content\/uploads\/2021\/04\/Obras-Ampliacion-Hospital-3-scaled.jpg?resize=300%2C201&amp;ssl=1 300w, https:\/\/i0.wp.com\/cdnoticias.com\/wp-content\/uploads\/2021\/04\/Obras-Ampliacion-Hospital-3-scaled.jpg?resize=768%2C513&amp;ssl=1 768w, https:\/\/i0.wp.com\/cdnoticias.com\/wp-content\/uploads\/2021\/04\/Obras-Ampliacion-Hospital-3-scaled.jpg?resize=1024%2C684&amp;ssl=1 1024w, https:\/\/i0.wp.com\/cdnoticias.com\/wp-content\/uploads\/2021\/04\/Obras-Ampliacion-Hospital-3-scaled.jpg?resize=272%2C182&amp;ssl=1 272w, https:\/\/i0.wp.com\/cdnoticias.com\/wp-content\/uploads\/2021\/04\/Obras-Ampliacion-Hospital-3-scaled.jpg?w=1600&amp;ssl=1 1600w, https:\/\/i0.wp.com\/cdnoticias.com\/wp-content\/uploads\/2021\/04\/Obras-Ampliacion-Hospital-3-scaled.jpg?w=2400&amp;ssl=1 2400w\" sizes=\"auto, (max-width: 800px) 100vw, 800px\" \/><\/p>\n<p>&nbsp;<\/p>\n<p><em>\u201cEsta obra que va a quedar marcada en la historia de la ciudad permitir\u00e1 aumentar la cantidad de camas, brindar mejores condiciones para pacientes y familiares y para los trabajadores de la salud, que particularmente en esta pandemia que estamos atravesando han demostrado su compromiso y su valor, que le ponen cada d\u00eda el alma y el cuerpo, siendo el orgullo de todos los olavarrienses\u201d<\/em>, sostuvo.<\/p>\n<p>&nbsp;<\/p>\n<p>Durante la recorrida, el Intendente estuvo acompa\u00f1ado por el Secretario de Mantenimiento y Obras P\u00fablicas de la Municipalidad, Julio Ferraro, quien al referirse sobre el estado de los trabajos, indic\u00f3 que actualmente se realiza la colocaci\u00f3n de carpinter\u00edas.<\/p>\n<p>&nbsp;<\/p>\n<p>La obra se reanud\u00f3 a mediados del mes de marzo del corriente a\u00f1o y se encuentra a cargo de la empresa Visan Ingenier\u00eda S.A.<\/p>\n","protected":false},"excerpt":{"rendered":"<p>Fue catalogada como uno de los proyectos \u201cm\u00e1s significativos\u201d de los \u00faltimos 30 a\u00f1os en materia de inversi\u00f3n en infraestructura<\/p>\n","protected":false},"author":2,"featured_media":18467,"comment_status":"closed","ping_status":"closed","sticky":false,"template":"","format":"standard","meta":{"_jetpack_memberships_contains_paid_content":false,"footnotes":""},"categories":[5,1],"tags":[],"class_list":["post-18465","post","type-post","status-publish","format-standard","has-post-thumbnail","hentry","category-informacion-general","category-portada"],"jetpack_featured_media_url":"https:\/\/i0.wp.com\/cdnoticias.com\/wp-content\/uploads\/2021\/04\/Obras-Ampliacion-Hospital-2-scaled.jpg?fit=2560%2C1711&ssl=1","jetpack_sharing_enabled":true,"_links":{"self":[{"href":"https:\/\/cdnoticias.com\/index.php\/wp-json\/wp\/v2\/posts\/18465","targetHints":{"allow":["GET"]}}],"collection":[{"href":"https:\/\/cdnoticias.com\/index.php\/wp-json\/wp\/v2\/posts"}],"about":[{"href":"https:\/\/cdnoticias.com\/index.php\/wp-json\/wp\/v2\/types\/post"}],"author":[{"embeddable":true,"href":"https:\/\/cdnoticias.com\/index.php\/wp-json\/wp\/v2\/users\/2"}],"replies":[{"embeddable":true,"href":"https:\/\/cdnoticias.com\/index.php\/wp-json\/wp\/v2\/comments?post=18465"}],"version-history":[{"count":0,"href":"https:\/\/cdnoticias.com\/index.php\/wp-json\/wp\/v2\/posts\/18465\/revisions"}],"wp:featuredmedia":[{"embeddable":true,"href":"https:\/\/cdnoticias.com\/index.php\/wp-json\/wp\/v2\/media\/18467"}],"wp:attachment":[{"href":"https:\/\/cdnoticias.com\/index.php\/wp-json\/wp\/v2\/media?parent=18465"}],"wp:term":[{"taxonomy":"category","embeddable":true,"href":"https:\/\/cdnoticias.com\/index.php\/wp-json\/wp\/v2\/categories?post=18465"},{"taxonomy":"post_tag","embeddable":true,"href":"https:\/\/cdnoticias.com\/index.php\/wp-json\/wp\/v2\/tags?post=18465"}],"curies":[{"name":"wp","href":"https:\/\/api.w.org\/{rel}","templated":true}]}}