{"id":184639,"date":"2025-10-08T19:43:27","date_gmt":"2025-10-08T22:43:27","guid":{"rendered":"https:\/\/cdnoticias.com\/?p=184639"},"modified":"2025-10-09T08:49:15","modified_gmt":"2025-10-09T11:49:15","slug":"si-les-conviene-electoralmente-ahora-les-sobra-plata","status":"publish","type":"post","link":"https:\/\/cdnoticias.com\/index.php\/2025\/10\/08\/si-les-conviene-electoralmente-ahora-les-sobra-plata\/","title":{"rendered":"\u201cSi les conviene electoralmente, ahora les sobra plata\u201d"},"content":{"rendered":"<p>Axel Kicillof fue duro contra la postura de La Libertad Avanza sobre la reimpresi\u00f3n de boletas en la provincia. \u201cSon unos caraduras\u201d sostuvo el gobernador en Olavarr\u00eda.<!--more--><\/p>\n<hr \/>\n<p>El <strong>gobernador Axel Kicillof cuestion\u00f3 en duros t\u00e9rminos a La Libertad Avanza<\/strong> sobre la postura presentada para la <strong>reimpresi\u00f3n de boletas<\/strong> en la provincia de Buenos Aires: <strong>\u201cson unos caraduras\u201d<\/strong> lanz\u00f3 el mandatario bonaerense.<\/p>\n<p>Este mi\u00e9rcoles<a href=\"https:\/\/cdnoticias.com\/index.php\/2025\/10\/08\/kicillof-en-olavarria-reunion-con-productores-comerciantes-y-representantes-gremiales\/\" target=\"_blank\" rel=\"noopener\"> el gobernador estuvo en Olavarr\u00eda<\/a> para encabezar diversas actividades. Luego <a href=\"https:\/\/cdnoticias.com\/index.php\/2025\/10\/08\/kicillof-vs-el-modelo-economico-de-milei-se-juega-en-las-urnas-si-esto-se-profundiza-o-si-cambia\/\" target=\"_blank\" rel=\"noopener\">brind\u00f3 una conferencia de prensa<\/a> en la que <strong>fue consultado por los argumentos que present\u00f3 La Libertad Avanza en la audiencia de partidos<\/strong> convocada por la Junta Electoral Nacional para definir la <strong>reimpresi\u00f3n de boletas solicitada <\/strong>a partir de la renuncia de su primer candidato, Jos\u00e9 Luis Espert. En ese \u00e1mbito, <a href=\"https:\/\/cdnoticias.com\/index.php\/2025\/10\/08\/la-justicia-rechazo-que-santilli-encabece-la-lista-de-lla-y-se-debatio-la-reimpresion-de-boletas\/\" target=\"_blank\" rel=\"noopener\">el oficialismo nacional calcul\u00f3 el gasto en 12.000 millones de pesos, asegur\u00f3 que el partido LLA no puede afrontar ese gasto<\/a> y<strong> el ministro del Interior inform\u00f3 que hay \u201cun excedente de 15.000 millones de pesos\u201d para asumir el costo desde el estado<\/strong>.<\/p>\n<blockquote><p>\u201cSon unas caraduras\u201d repiti\u00f3 el Gobernador y sigui\u00f3 \u201cporque justamente es un gobierno que ha hecho bandera de no darle una ayuda ni una asistencia a una familia que tiene una persona con discapacidad. Es capaz de privar de eso, pero si les conviene electoralmente, ahora le sobra plata. Mir\u00e1 vos\u201d.<\/p><\/blockquote>\n<p>Kicillof se refiri\u00f3 al <strong>proceso electoral bonaerense<\/strong> del mes pasado, <strong>\u201ccon la boleta de siempre, no hubo una denuncia de fraude<\/strong>. Dec\u00edan que era para el fraude. \u00bfD\u00f3nde est\u00e1 el fraude? Perdieron por paliza, pero no por fraude\u201d. Asimismo dijo que<strong> \u201clas boletas a nosotros, al estado provincial, le salieron en el peor escenario 5.000 millones de pesos.<\/strong> Porque las pagan los partidos y nosotros las reintegramos si los partidos nos piden. Algunos partidos tienen financiamiento, no nos piden.<em> El PRO, por ejemplo, no pide que el Estado le pague la boleta, la pagan ellos\u201d.<\/em><\/p>\n<p><img data-recalc-dims=\"1\" loading=\"lazy\" decoding=\"async\" class=\"alignnone size-full wp-image-184630 aligncenter\" src=\"https:\/\/i0.wp.com\/cdnoticias.com\/wp-content\/uploads\/2025\/10\/kicillof-wesner-01.jpg?resize=800%2C445&#038;ssl=1\" alt=\"\" width=\"800\" height=\"445\" srcset=\"https:\/\/i0.wp.com\/cdnoticias.com\/wp-content\/uploads\/2025\/10\/kicillof-wesner-01.jpg?w=1000&amp;ssl=1 1000w, https:\/\/i0.wp.com\/cdnoticias.com\/wp-content\/uploads\/2025\/10\/kicillof-wesner-01.jpg?resize=300%2C167&amp;ssl=1 300w, https:\/\/i0.wp.com\/cdnoticias.com\/wp-content\/uploads\/2025\/10\/kicillof-wesner-01.jpg?resize=768%2C427&amp;ssl=1 768w, https:\/\/i0.wp.com\/cdnoticias.com\/wp-content\/uploads\/2025\/10\/kicillof-wesner-01.jpg?resize=800%2C445&amp;ssl=1 800w\" sizes=\"auto, (max-width: 800px) 100vw, 800px\" \/><\/p>\n<p>M\u00e1s adelante contrapuso<strong> \u201cahora estamos hablando de 15.000 millones.<\/strong> F\u00edjense, la boleta \u00fanica de papel, la mentira, la estafa que hicieron que era para ahorrarse guita. Y ahora la quieren pagar dos veces\u201d.<\/p>\n<p>Sobre el cambio del primer candidato en la lista libertaria el gobernador asegur\u00f3 \u201csi es una modelo, o si es el colorado, o si es el otro, si va en una camioneta, si se mueve en un avi\u00f3n de Fred Machado no me importa, porque defiende la pol\u00edtica de Milei. <strong>Van ah\u00ed a defender la pol\u00edtica de Milei y es lo mismo. Ac\u00e1 el problema es la Libertad Avanza y Milei\u201d<\/strong>. En cuanto a la salida de Espert de la lista de candidatos y la acusaci\u00f3n de haber recibido 200.000 d\u00f3lares de un hombre acusado de traficar drogas ilegales, se\u00f1al\u00f3 que <strong>\u201cno es por eso que lo desplaza Milei. Milei lo sosten\u00eda, con todo eso lo sosten\u00eda. Lo corren porque la gente se dio cuenta y no lo quer\u00eda votar. Lo corren por las encuestas, no por lo que hizo. Es escandaloso\u201d<\/strong>.<\/p>\n<blockquote><p>\u201cNi siquiera me preocupa, ni me da gracia, ni el espect\u00e1culo deprimente que dieron el otro d\u00eda cantando, no me da gracia y no me importa. Me importa lo que est\u00e1 pasando ac\u00e1, lo que pasa en cada pueblo de la Provincia de Buenos Aires, en cada sector, la gente no se puede pagar los remedios, se ha quedado sin trabajo, el que tiene trabajo no le alcanza o piensa que lo va a perder\u201d consider\u00f3 Kicillof.<\/p><\/blockquote>\n<p>Finalmente, el gobernador opin\u00f3 que lo<strong>s cambios imprevistos en el proceso electoral nacional<\/strong> a partir de los movimientos en La Libertad Avanza<strong> \u201cnunca pas\u00f3 esto, es grav\u00edsimo.<\/strong> Y ahora qu\u00e9, quieren cambiar el candidato, quieren cambiar la boleta, ponen en riesgo probablemente la elecci\u00f3n por todo el proceso de impresi\u00f3n de boletas, m\u00e1s all\u00e1 de lo econ\u00f3mico. <strong>A m\u00ed lo que me preocupa es, loco, basta, son problemas de ellos. No podemos pagarlos todos<\/strong>\u201d.<\/p>\n<blockquote class=\"wp-embedded-content\" data-secret=\"5cOKMYj6r8\"><p><a href=\"https:\/\/cdnoticias.com\/index.php\/2025\/10\/08\/kicillof-vs-el-modelo-economico-de-milei-se-juega-en-las-urnas-si-esto-se-profundiza-o-si-cambia\/\">Kicillof vs el modelo econ\u00f3mico de Milei: \u201cSe juega en las urnas si esto se profundiza o si cambia\u201d<\/a><\/p><\/blockquote>\n<p><iframe loading=\"lazy\" class=\"wp-embedded-content\" sandbox=\"allow-scripts\" security=\"restricted\" style=\"position: absolute; visibility: hidden;\" title=\"&#8220;Kicillof vs el modelo econ\u00f3mico de Milei: \u201cSe juega en las urnas si esto se profundiza o si cambia\u201d&#8221; &#8212; Central de Noticias | Olavarr\u00eda\" src=\"https:\/\/cdnoticias.com\/index.php\/2025\/10\/08\/kicillof-vs-el-modelo-economico-de-milei-se-juega-en-las-urnas-si-esto-se-profundiza-o-si-cambia\/embed\/#?secret=RwapN1KF23#?secret=5cOKMYj6r8\" data-secret=\"5cOKMYj6r8\" width=\"600\" height=\"338\" frameborder=\"0\" marginwidth=\"0\" marginheight=\"0\" scrolling=\"no\"><\/iframe><\/p>\n","protected":false},"excerpt":{"rendered":"<p>Axel Kicillof fue duro contra la postura de La Libertad Avanza sobre la reimpresi\u00f3n de boletas en la provincia. \u201cSon<\/p>\n","protected":false},"author":4,"featured_media":184628,"comment_status":"closed","ping_status":"closed","sticky":false,"template":"","format":"standard","meta":{"_jetpack_memberships_contains_paid_content":false,"footnotes":""},"categories":[4,1],"tags":[],"class_list":["post-184639","post","type-post","status-publish","format-standard","has-post-thumbnail","hentry","category-politica","category-portada"],"jetpack_featured_media_url":"https:\/\/i0.wp.com\/cdnoticias.com\/wp-content\/uploads\/2025\/10\/axel-kicillof-00.jpg?fit=1000%2C556&ssl=1","jetpack_sharing_enabled":true,"_links":{"self":[{"href":"https:\/\/cdnoticias.com\/index.php\/wp-json\/wp\/v2\/posts\/184639","targetHints":{"allow":["GET"]}}],"collection":[{"href":"https:\/\/cdnoticias.com\/index.php\/wp-json\/wp\/v2\/posts"}],"about":[{"href":"https:\/\/cdnoticias.com\/index.php\/wp-json\/wp\/v2\/types\/post"}],"author":[{"embeddable":true,"href":"https:\/\/cdnoticias.com\/index.php\/wp-json\/wp\/v2\/users\/4"}],"replies":[{"embeddable":true,"href":"https:\/\/cdnoticias.com\/index.php\/wp-json\/wp\/v2\/comments?post=184639"}],"version-history":[{"count":0,"href":"https:\/\/cdnoticias.com\/index.php\/wp-json\/wp\/v2\/posts\/184639\/revisions"}],"wp:featuredmedia":[{"embeddable":true,"href":"https:\/\/cdnoticias.com\/index.php\/wp-json\/wp\/v2\/media\/184628"}],"wp:attachment":[{"href":"https:\/\/cdnoticias.com\/index.php\/wp-json\/wp\/v2\/media?parent=184639"}],"wp:term":[{"taxonomy":"category","embeddable":true,"href":"https:\/\/cdnoticias.com\/index.php\/wp-json\/wp\/v2\/categories?post=184639"},{"taxonomy":"post_tag","embeddable":true,"href":"https:\/\/cdnoticias.com\/index.php\/wp-json\/wp\/v2\/tags?post=184639"}],"curies":[{"name":"wp","href":"https:\/\/api.w.org\/{rel}","templated":true}]}}