{"id":184619,"date":"2025-10-08T19:16:57","date_gmt":"2025-10-08T22:16:57","guid":{"rendered":"https:\/\/cdnoticias.com\/?p=184619"},"modified":"2025-10-08T19:17:00","modified_gmt":"2025-10-08T22:17:00","slug":"la-justicia-rechazo-que-santilli-encabece-la-lista-de-lla-y-se-debatio-la-reimpresion-de-boletas","status":"publish","type":"post","link":"https:\/\/cdnoticias.com\/index.php\/2025\/10\/08\/la-justicia-rechazo-que-santilli-encabece-la-lista-de-lla-y-se-debatio-la-reimpresion-de-boletas\/","title":{"rendered":"La Justicia rechaz\u00f3 que Santilli encabece la lista de LLA y se debati\u00f3 la reimpresi\u00f3n de boletas"},"content":{"rendered":"\n<p>El magistrado Alejo Ramos Padilla acept\u00f3 la renuncia de Jos\u00e9 Luis Espert pero no el corrimiento de nombres. En la audiencia con los partidos, LLA dijo que no puede hacerse cargo del costo de reimpresi\u00f3n de boletas, pero afirman que hay \u201cun excedente de 15.000 millones\u201d para ese gasto.<\/p>\n\n\n\n<hr class=\"wp-block-separator aligncenter has-alpha-channel-opacity\"\/>\n\n\n\n<p>A menos de <strong>tres semanas de las elecciones generales,<\/strong> La Libertad Avanza choc\u00f3 con uno de sus primeros objetivos tras la renuncia de Jos\u00e9 Luis Espert: <strong>la Justicia con competencia electoral rechaz\u00f3 que Diego Santilli encabece la lista libertaria a diputados nacionales en la provincia de Buenos Aires.<\/strong> Adem\u00e1s, la\u00a0<strong>Junta Electoral<\/strong>\u00a0<strong>Nacional\u00a0<\/strong>con competencia en la provincia de Buenos Aires realiz\u00f3 este mi\u00e9rcoles una\u00a0<strong>audiencia clave<\/strong>\u00a0para definir si da el visto bueno para\u00a0<strong>reimprimir las boletas\u00a0<\/strong>para las elecciones del 26 de octubre tras <a href=\"https:\/\/cdnoticias.com\/index.php\/2025\/10\/05\/jose-luis-espert-renuncio-a-su-candidatura-a-diputado-por-la-libertad-avanza\/\" target=\"_blank\" rel=\"noreferrer noopener\">la baja de\u00a0<strong>Jos\u00e9 Luis Espert<\/strong><\/a>\u00a0y el pedido de\u00a0<strong>La Libertad Avanza\u00a0(LLA)<\/strong>.<\/p>\n\n\n\n<p><\/p>\n\n\n\n<p>El juez federal con competencia electoral <strong>Alejo Ramos Padilla<\/strong>, en sinton\u00eda con lo que hab\u00eda dictaminado la fiscal, rechaz\u00f3 que sea Santilli quien pase al primer lugar de la lista libertaria que aparecer\u00e1 en la Boleta \u00danica Papel (BUP). <strong>De esta manera, quedar\u00e1 en segundo lugar, debajo de Karina Celia V\u00e1zquez, m\u00e1s conocida como Karen Reichardt.<\/strong><\/p>\n\n\n\n<p><\/p>\n\n\n\n<p><em>\u201cDeclarar la inconstitucionalidad de la aplicaci\u00f3n del art. 7 del Decreto 171\/19 para el reemplazo del primer candidato titular de la lista, conforme los alcances establecidos en el punto VII de los considerandos de la presente\u201d,<\/em> dice el fallo al que accedi\u00f3 Agencia DIB. Por lo que agrega, que no hace lugar a los corrimientos solicitados por la alianza La Libertad Avanza para adecuar la lista de candidatos a diputados nacionales.<\/p>\n\n\n\n<p><\/p>\n\n\n\n<p>En su solicitud a la Justicia, los apoderados libertarios Luciano Mart\u00edn G\u00f3mez Alvari\u00f1o, Juan Esteban Osaba y Alejandro Carrancio se hab\u00edan basado en el art\u00edculo 7 del Decreto 171\/2019 para que se ordene \u201c<strong>el corrimiento ascendente por g\u00e9nero de las candidatas mujeres a partir del orden n\u00famero 34, y de los candidatos varones a partir de Santilli\u201d,<\/strong> de modo que quedara n\u00famero uno del listado.<\/p>\n\n\n\n<p><\/p>\n\n\n\n<figure class=\"wp-block-image size-full\"><img data-recalc-dims=\"1\" loading=\"lazy\" decoding=\"async\" width=\"800\" height=\"445\" src=\"https:\/\/i0.wp.com\/cdnoticias.com\/wp-content\/uploads\/2025\/09\/diego-santilli-ezequiel-galli-jose-luis-espert-01.jpg?resize=800%2C445&#038;ssl=1\" alt=\"\" class=\"wp-image-183901\" srcset=\"https:\/\/i0.wp.com\/cdnoticias.com\/wp-content\/uploads\/2025\/09\/diego-santilli-ezequiel-galli-jose-luis-espert-01.jpg?w=1000&amp;ssl=1 1000w, https:\/\/i0.wp.com\/cdnoticias.com\/wp-content\/uploads\/2025\/09\/diego-santilli-ezequiel-galli-jose-luis-espert-01.jpg?resize=300%2C167&amp;ssl=1 300w, https:\/\/i0.wp.com\/cdnoticias.com\/wp-content\/uploads\/2025\/09\/diego-santilli-ezequiel-galli-jose-luis-espert-01.jpg?resize=768%2C427&amp;ssl=1 768w, https:\/\/i0.wp.com\/cdnoticias.com\/wp-content\/uploads\/2025\/09\/diego-santilli-ezequiel-galli-jose-luis-espert-01.jpg?resize=800%2C445&amp;ssl=1 800w\" sizes=\"auto, (max-width: 800px) 100vw, 800px\" \/><\/figure>\n\n\n\n<p><strong>La resoluci\u00f3n de Alejo Ramos Padilla<\/strong><\/p>\n\n\n\n<p>En su resoluci\u00f3n, Ramos Padilla enumer\u00f3 las presentaciones en contra de la voluntad del Gobierno que llegaron de parte de sectores opositores: la de Mar\u00eda Eugenia Talerico, la de Malena Galmarini y la de Uni\u00f3n Federal. Adem\u00e1s, tom\u00f3 en cuenta el dictamen de la fiscal federal con competencia electoral de la provincia de Buenos Aires, Laura Roteta.<\/p>\n\n\n\n<p><\/p>\n\n\n\n<p>Entre sus justificativos, se\u00f1al\u00f3 que a trav\u00e9s de la Ley 27.412 <strong>se defini\u00f3 que haya paridad de g\u00e9nero en los \u00e1mbitos de representaci\u00f3n pol\u00edtica, <\/strong>pero repar\u00f3 en que, sin embargo, \u201c<em>ninguna ley establece el modo en que deben sustanciarse los reemplazos de los candidatos ya oficializados en caso de renuncia, fallecimiento, incapacidad permanente, entre otras\u201d.<\/em><\/p>\n\n\n\n<p><\/p>\n\n\n\n<blockquote class=\"wp-block-quote is-layout-flow wp-block-quote-is-layout-flow\">\n<p>&#8220;Resulta evidente que el esp\u00edritu de las normas de rango constitucional a las que el decreto pretendi\u00f3 dar operatividad a trav\u00e9s de la reglamentaci\u00f3n de la ley de paridad de g\u00e9nero buscan categ\u00f3ricamente garantizar \u201cmediante acciones positivas\u201d la \u201cigualdad real\u201d de oportunidades entre varones y mujeres, dijo el juez en el fallo.<\/p>\n<\/blockquote>\n\n\n\n<p><\/p>\n\n\n\n<p>El criterio aplicado respeta lo manifestado por la fiscal quien hab\u00eda se\u00f1alado que, ante la renuncia del primer candidato de la lista de Diputados\/as nacionales por la Provincia de Buenos Aires (y de dos candidatas mujeres m\u00e1s), <em>&#8220;no corresponde poner a otro var\u00f3n en el primer lugar como pidi\u00f3 la alianza. En cambio, se propone el corrimiento \u201cnatural\u201d de la lista: sube la persona que estaba segunda, una mujer, y as\u00ed sucesivamente, manteniendo la alternancia mujer-var\u00f3n que ya ten\u00eda -y que por ley debe tener- la n\u00f3mina original&#8221;.&nbsp;<\/em><\/p>\n\n\n\n<p><\/p>\n\n\n\n<p><strong>Audiencia por la reimpresi\u00f3n de boletas<\/strong><\/p>\n\n\n\n<p><\/p>\n\n\n\n<p><strong>La Junta Electoral realiz\u00f3 este mi\u00e9rcoles una audiencia clave para definir si da el visto bueno para reimprimir las boletas <\/strong>para las elecciones del 26 de octubre. Con un <strong>costo total de m\u00e1s de $12.000 millones, 15 d\u00edas de para la reimpresi\u00f3n y distribuci\u00f3n de las papeletas y la oposici\u00f3n de todas las fuerzas pol\u00edticas<\/strong>, LLA qued\u00f3 en una posici\u00f3n de debilidad a la espera de la Junta liderada por el juez Alejo Ramos Padilla. Pese a que <strong>desde el Gobierno nacional aseguraron que los tiempos dan<\/strong> para llegar con la log\u00edstica, lo cierto es que <strong>las boletas llegar\u00edan los distritos bonaerenses muy sobre la fecha del domingo 26 de octubre<\/strong>.<\/p>\n\n\n\n<p><\/p>\n\n\n\n<blockquote class=\"wp-block-quote is-layout-flow wp-block-quote-is-layout-flow\">\n<p>\u201cLa impresi\u00f3n de la boleta \u00fanica insumi\u00f3 aproximadamente quince d\u00edas en el proceso anterior, lo que obliga a considerar los plazos operativos para evitar retrasos que puedan afectar el acto electoral\u201d, dijo Ramos Padilla al inicio del encuentro. Esa fecha, que minutos despu\u00e9s fue rebatida por representantes del Gobierno, pareci\u00f3 marcar una clara posici\u00f3n del magistrado.<\/p>\n<\/blockquote>\n\n\n\n<p><\/p>\n\n\n\n<p>En la audiencia de La Plata, los integrantes del cuerpo como la presidenta de la Suprema Corte de Justicia, Hilda Kogan y el camarista federal Jorge Di Lorenzo, escucharon los argumentos de todas las partes. En primer lugar, <strong>el ministro del Interior, Lisandro Catal\u00e1n, present\u00f3 un informe sobre el costo de impresi\u00f3n<\/strong> de las boletas para el electorado bonaerense: <strong>$ 12.169.655.000<\/strong>.<\/p>\n\n\n\n<figure class=\"wp-block-image size-full\"><img data-recalc-dims=\"1\" loading=\"lazy\" decoding=\"async\" width=\"800\" height=\"533\" src=\"https:\/\/i0.wp.com\/cdnoticias.com\/wp-content\/uploads\/2025\/10\/boleta-unica-elecciones-00.jpg?resize=800%2C533&#038;ssl=1\" alt=\"\" class=\"wp-image-184460\" srcset=\"https:\/\/i0.wp.com\/cdnoticias.com\/wp-content\/uploads\/2025\/10\/boleta-unica-elecciones-00.jpg?w=1000&amp;ssl=1 1000w, https:\/\/i0.wp.com\/cdnoticias.com\/wp-content\/uploads\/2025\/10\/boleta-unica-elecciones-00.jpg?resize=300%2C200&amp;ssl=1 300w, https:\/\/i0.wp.com\/cdnoticias.com\/wp-content\/uploads\/2025\/10\/boleta-unica-elecciones-00.jpg?resize=768%2C511&amp;ssl=1 768w, https:\/\/i0.wp.com\/cdnoticias.com\/wp-content\/uploads\/2025\/10\/boleta-unica-elecciones-00.jpg?resize=272%2C182&amp;ssl=1 272w\" sizes=\"auto, (max-width: 800px) 100vw, 800px\" \/><\/figure>\n\n\n\n<p><\/p>\n\n\n\n<blockquote class=\"wp-block-quote is-layout-flow wp-block-quote-is-layout-flow\">\n<blockquote class=\"wp-block-quote is-layout-flow wp-block-quote-is-layout-flow\">\n<p>Y ante la aclaraci\u00f3n sobre que LLA no puede hacerse cargo del costo, Catal\u00e1n dijo que esa cifra saldr\u00e1 de las arcas del Gobierno. \u201cFue todo tan transparente y eficiente que las partidas previstas de Hacienda resultaron con un excedente de 15.000 millones y va a ser utilizado para la reimpresi\u00f3n de boletas o, caso contrario, o ser\u00e1 devuelto a Hacienda\u201d, se\u00f1al\u00f3.<\/p>\n<\/blockquote>\n<\/blockquote>\n\n\n\n<p><\/p>\n\n\n\n<p>Desde el <strong>Correo Argentino<\/strong>, se destac\u00f3 que la reimpresi\u00f3n de m\u00e1s de 14 millones de boletas tardar\u00eda nueve d\u00edas, mientras que <strong>los bolsones para distribuir llegar\u00edan a toda la provincia el jueves 23, 72 horas antes de la elecci\u00f3n. Muy sobre la fecha<\/strong>. Sin embargo, el director del Correo Argentino, Camilo Baldini, asegur\u00f3 que<strong> hay seis imprentas listas para participar en el proceso de impresi\u00f3n<\/strong> y que se demorar\u00eda cinco d\u00edas una vez que este todo el procedimiento legal y la nueva boleta oficializada.<\/p>\n\n\n\n<p><\/p>\n\n\n\n<p>Pero<strong> tras la audiencia, Ramos Padilla, que tomar\u00e1 una decisi\u00f3n en las pr\u00f3ximas horas<\/strong>, dej\u00f3 en claro <strong>lo dif\u00edcil que es cumplir con los plazos <\/strong>que aduce la Rosada. Es que hay que tener en cuenta no s\u00f3lo la impresi\u00f3n de boletas, sino<strong> &#8220;la impugnaci\u00f3n y apelaci\u00f3n&#8221; que pueden hacer las diferentes fuerzas pol\u00edticas <\/strong>y que estiran los tiempos. En ese sentido, el juez dijo que si hubiesen estado todos de acuerdo en reimprimir, la situaci\u00f3n ser\u00eda diferente.<\/p>\n\n\n\n<p><\/p>\n\n\n\n<p><strong>Qu\u00e9 dijeron los apoderados<\/strong><\/p>\n\n\n\n<p><\/p>\n\n\n\n<p>Como era de esperar, <strong>salvo el apoderado libertario, el resto no acompa\u00f1\u00f3 la postura de reimpresi\u00f3n de boletas<\/strong>, ya sea por el costo que significa como por los tiempos que eso lleva. \u201cComo casi todas las boletas est\u00e1n distribuidas, no existir\u00eda riesgo de reimprimir las boletas\u201d, dijo el representante de LLA, Luciano G\u00f3mez Salvarini.<\/p>\n\n\n\n<p><\/p>\n\n\n\n<p>Sin embargo, <strong>el apoderado de Fuerza Patria, Eduardo L\u00f3pez, dijo que no le encuentran sentido a la reimpresi\u00f3n<\/strong> y destac\u00f3: \u201cLa ciudadan\u00eda ya tiene casi decidido el voto; no creo que haya nada que vaya al biombo y se fije en la foto\u201d.<\/p>\n\n\n\n<p><\/p>\n\n\n\n<p>Tambi\u00e9n <strong>desde Provincias Unidas, la lista de Florencio Randazzo<\/strong>, se opusieron por una cuesti\u00f3n t\u00e9cnica y adem\u00e1s de \u201csentido com\u00fan\u201d. Lo mismo hizo la <strong>izquierda, Alberto Samid y Santiago Cuneo<\/strong>.<\/p>\n\n\n\n<p><\/p>\n\n\n\n<p><em>Fuente: DIB&nbsp;<\/em><\/p>\n","protected":false},"excerpt":{"rendered":"<p>El magistrado Alejo Ramos Padilla acept\u00f3 la renuncia de Jos\u00e9 Luis Espert pero no el corrimiento de nombres. En la<\/p>\n","protected":false},"author":6,"featured_media":184621,"comment_status":"closed","ping_status":"closed","sticky":false,"template":"","format":"standard","meta":{"_jetpack_memberships_contains_paid_content":false,"footnotes":""},"categories":[6,1],"tags":[],"class_list":["post-184619","post","type-post","status-publish","format-standard","has-post-thumbnail","hentry","category-nacionales","category-portada"],"jetpack_featured_media_url":"https:\/\/i0.wp.com\/cdnoticias.com\/wp-content\/uploads\/2025\/10\/santilli-y-reichardt.webp?fit=1000%2C750&ssl=1","jetpack_sharing_enabled":true,"_links":{"self":[{"href":"https:\/\/cdnoticias.com\/index.php\/wp-json\/wp\/v2\/posts\/184619","targetHints":{"allow":["GET"]}}],"collection":[{"href":"https:\/\/cdnoticias.com\/index.php\/wp-json\/wp\/v2\/posts"}],"about":[{"href":"https:\/\/cdnoticias.com\/index.php\/wp-json\/wp\/v2\/types\/post"}],"author":[{"embeddable":true,"href":"https:\/\/cdnoticias.com\/index.php\/wp-json\/wp\/v2\/users\/6"}],"replies":[{"embeddable":true,"href":"https:\/\/cdnoticias.com\/index.php\/wp-json\/wp\/v2\/comments?post=184619"}],"version-history":[{"count":0,"href":"https:\/\/cdnoticias.com\/index.php\/wp-json\/wp\/v2\/posts\/184619\/revisions"}],"wp:featuredmedia":[{"embeddable":true,"href":"https:\/\/cdnoticias.com\/index.php\/wp-json\/wp\/v2\/media\/184621"}],"wp:attachment":[{"href":"https:\/\/cdnoticias.com\/index.php\/wp-json\/wp\/v2\/media?parent=184619"}],"wp:term":[{"taxonomy":"category","embeddable":true,"href":"https:\/\/cdnoticias.com\/index.php\/wp-json\/wp\/v2\/categories?post=184619"},{"taxonomy":"post_tag","embeddable":true,"href":"https:\/\/cdnoticias.com\/index.php\/wp-json\/wp\/v2\/tags?post=184619"}],"curies":[{"name":"wp","href":"https:\/\/api.w.org\/{rel}","templated":true}]}}