{"id":184580,"date":"2025-10-08T15:53:31","date_gmt":"2025-10-08T18:53:31","guid":{"rendered":"https:\/\/cdnoticias.com\/?p=184580"},"modified":"2025-10-08T18:44:56","modified_gmt":"2025-10-08T21:44:56","slug":"kicillof-en-olavarria-reunion-con-productores-comerciantes-y-representantes-gremiales","status":"publish","type":"post","link":"https:\/\/cdnoticias.com\/index.php\/2025\/10\/08\/kicillof-en-olavarria-reunion-con-productores-comerciantes-y-representantes-gremiales\/","title":{"rendered":"Kicillof en Olavarr\u00eda: reuni\u00f3n con productores, comerciantes y representantes gremiales"},"content":{"rendered":"<p>Adem\u00e1s, el Gobernador visit\u00f3 la f\u00e1brica Canteras Cerro Negro y recorri\u00f3 los avances de obra de las nuevas viviendas en el barrio CECO III. Atac\u00f3 a la gesti\u00f3n de Milei: \u201chay que ponerle un freno el 26 de octubre\u201d.<!--more--><\/p>\n<hr \/>\n<p>El <strong>gobernador de la provincia de Buenos Aires, Axel Kicillof<\/strong>, encabez\u00f3 este mi\u00e9rcoles <strong>una reuni\u00f3n con representantes de diferentes sectores productivos, comerciantes y referentes gremiales<\/strong> del municipio de<strong> Olavarr\u00eda<\/strong>, junto al <strong>ministro de Producci\u00f3n, Ciencia e Innovaci\u00f3n Tecnol\u00f3gica, Augusto Costa<\/strong>; y el <strong>intendente local, Maximiliano Wesner<\/strong>.<\/p>\n<blockquote><p>En el encuentro llevado a cabo en el Sal\u00f3n Rivadavia del Palacio Municipal, Kicillof afirm\u00f3: \u201cEl desastre que vemos en la industria, el comercio, el agro y la miner\u00eda no es una casualidad: es el resultado de las pol\u00edticas de un Gobierno nacional que se propuso destruir la producci\u00f3n y el trabajo\u201d. \u201cTenemos un Presidente que habla de bonos y t\u00edtulos p\u00fablicos, pero que no se interesa por lo que ocurre en las pymes y en las f\u00e1bricas de nuestro pa\u00eds\u201d, explic\u00f3.<\/p><\/blockquote>\n<p><img data-recalc-dims=\"1\" loading=\"lazy\" decoding=\"async\" class=\"size-full wp-image-184579 aligncenter\" src=\"https:\/\/i0.wp.com\/cdnoticias.com\/wp-content\/uploads\/2025\/10\/kicillof-empresarios-01.jpg?resize=800%2C445&#038;ssl=1\" alt=\"\" width=\"800\" height=\"445\" srcset=\"https:\/\/i0.wp.com\/cdnoticias.com\/wp-content\/uploads\/2025\/10\/kicillof-empresarios-01.jpg?w=1000&amp;ssl=1 1000w, https:\/\/i0.wp.com\/cdnoticias.com\/wp-content\/uploads\/2025\/10\/kicillof-empresarios-01.jpg?resize=300%2C167&amp;ssl=1 300w, https:\/\/i0.wp.com\/cdnoticias.com\/wp-content\/uploads\/2025\/10\/kicillof-empresarios-01.jpg?resize=768%2C427&amp;ssl=1 768w, https:\/\/i0.wp.com\/cdnoticias.com\/wp-content\/uploads\/2025\/10\/kicillof-empresarios-01.jpg?resize=800%2C445&amp;ssl=1 800w\" sizes=\"auto, (max-width: 800px) 100vw, 800px\" \/><\/p>\n<p>\u201cLa \u00fanica novedad que trajo Milei fue la rabia y la crueldad para llevar adelante su plan de ajuste: <strong>en menos de dos a\u00f1os se han perdido m\u00e1s de 200 mil puestos de empleo y se han derrumbado los salarios\u201d<\/strong>, sostuvo el Gobernador y a\u00f1adi\u00f3: \u201cLo que vemos aqu\u00ed en Olavarr\u00eda est\u00e1 ocurriendo en los 135 municipios bonaerenses: nosotros <strong>nos oponemos a este modelo de exterminio de la industria<\/strong> porque nuestro mandato es defender la salud, la educaci\u00f3n, la producci\u00f3n y el trabajo\u201d.<\/p>\n<p>Durante la jornada, <strong>Kicillof y el ministro de Trabajo, Walter Correa, visitaron las instalaciones de la f\u00e1brica Cantera Cerro Negro<\/strong>, dedicada a la fabricaci\u00f3n de cer\u00e1micos, porcelanatos y ladrillos huecos. En ese marco, mantuvieron una<strong> reuni\u00f3n con los trabajadores al respecto de la situaci\u00f3n cr\u00edtica<\/strong> que vive la firma, debido a la <strong>ca\u00edda del sector de la construcci\u00f3n<\/strong>.<\/p>\n<p><img data-recalc-dims=\"1\" loading=\"lazy\" decoding=\"async\" class=\"size-full wp-image-184577 aligncenter\" src=\"https:\/\/i0.wp.com\/cdnoticias.com\/wp-content\/uploads\/2025\/10\/kicillof-cerro-negro.jpg?resize=800%2C445&#038;ssl=1\" alt=\"\" width=\"800\" height=\"445\" srcset=\"https:\/\/i0.wp.com\/cdnoticias.com\/wp-content\/uploads\/2025\/10\/kicillof-cerro-negro.jpg?w=1000&amp;ssl=1 1000w, https:\/\/i0.wp.com\/cdnoticias.com\/wp-content\/uploads\/2025\/10\/kicillof-cerro-negro.jpg?resize=300%2C167&amp;ssl=1 300w, https:\/\/i0.wp.com\/cdnoticias.com\/wp-content\/uploads\/2025\/10\/kicillof-cerro-negro.jpg?resize=768%2C427&amp;ssl=1 768w, https:\/\/i0.wp.com\/cdnoticias.com\/wp-content\/uploads\/2025\/10\/kicillof-cerro-negro.jpg?resize=800%2C445&amp;ssl=1 800w\" sizes=\"auto, (max-width: 800px) 100vw, 800px\" \/><\/p>\n<p>Por su parte, <strong>Wesner<\/strong> subray\u00f3:<strong> &#8220;Estamos sufriendo las consecuencias de un modelo econ\u00f3mico nacional que repercute muy negativamente<\/strong> en nuestra provincia y en Olavarr\u00eda\u201d. &#8220;Desde nuestro municipio <strong>agradecemos al Gobierno provincial por fomentar estos espacios de di\u00e1logo<\/strong> para apoyar a nuestros productores y productoras: es primordial abrir la palabra, conocer las realidades de nuestra gente y trabajar codo a codo&#8221;, agreg\u00f3.<\/p>\n<blockquote><p>\u201cHay que ponerle un freno a todo esto el pr\u00f3ximo 26 de octubre. La \u00fanica fuerza pol\u00edtica que ya ha demostrado que no negocia sus principios, que no se vende y que no se asusta es Fuerza Patria: llenemos las urnas de votos para defender a Olavarr\u00eda y a la provincia de Buenos Aires\u201d, concluy\u00f3 Kicillof.<\/p><\/blockquote>\n<p><img data-recalc-dims=\"1\" loading=\"lazy\" decoding=\"async\" class=\"size-full wp-image-184576 aligncenter\" src=\"https:\/\/i0.wp.com\/cdnoticias.com\/wp-content\/uploads\/2025\/10\/kicillof-barrio-ceco-3.jpg?resize=800%2C445&#038;ssl=1\" alt=\"\" width=\"800\" height=\"445\" srcset=\"https:\/\/i0.wp.com\/cdnoticias.com\/wp-content\/uploads\/2025\/10\/kicillof-barrio-ceco-3.jpg?w=1000&amp;ssl=1 1000w, https:\/\/i0.wp.com\/cdnoticias.com\/wp-content\/uploads\/2025\/10\/kicillof-barrio-ceco-3.jpg?resize=300%2C167&amp;ssl=1 300w, https:\/\/i0.wp.com\/cdnoticias.com\/wp-content\/uploads\/2025\/10\/kicillof-barrio-ceco-3.jpg?resize=768%2C427&amp;ssl=1 768w, https:\/\/i0.wp.com\/cdnoticias.com\/wp-content\/uploads\/2025\/10\/kicillof-barrio-ceco-3.jpg?resize=800%2C445&amp;ssl=1 800w\" sizes=\"auto, (max-width: 800px) 100vw, 800px\" \/><\/p>\n<p>Por \u00faltimo, <strong>el Gobernador y la ministra de H\u00e1bitat y Desarrollo Urbano, Silvina Batakis<\/strong>, recorrieron las obras en ejecuci\u00f3n para la <strong>construcci\u00f3n de 20 nuevas casas en el barrio CECO III<\/strong>. Tras una inversi\u00f3n total de<strong> $4.162 millones<\/strong>, estas viviendas se sumar\u00e1n a las ya 80 entregadas en el complejo.<\/p>\n<p>Estuvieron presentes la<strong> jefa de Asesores del Gobernador, Cristina \u00c1lvarez Rodr\u00edguez<\/strong>;<strong> el ministro de Desarrollo Agrario, Javier Rodr\u00edguez<\/strong>; el administrador General del Instituto de la Vivienda, Diego Men\u00e9ndez; y el subadministrador del organismo, Hern\u00e1n Ralinqueo; las subsecretarias de Industria y Pymes, Mariela Bembi; de Miner\u00eda, Laura Delgado; su par de Desarrollo Comercial y promoci\u00f3n de Inversiones, Ariel Aguilar; el <strong>intendente de Azul, Nelson Sombra<\/strong>; la concejala de Azul, Mar\u00eda In\u00e9s Laurini; la jefa de Gabinete municipal, Mercedes Landivar; la directora municipal de Habilitaciones, Evelyn D\u00edaz; el dirigente C\u00e9sar Valicenti.<\/p>\n","protected":false},"excerpt":{"rendered":"<p>Adem\u00e1s, el Gobernador visit\u00f3 la f\u00e1brica Canteras Cerro Negro y recorri\u00f3 los avances de obra de las nuevas viviendas en<\/p>\n","protected":false},"author":5,"featured_media":184578,"comment_status":"closed","ping_status":"closed","sticky":false,"template":"","format":"standard","meta":{"_jetpack_memberships_contains_paid_content":false,"footnotes":""},"categories":[4,1],"tags":[],"class_list":["post-184580","post","type-post","status-publish","format-standard","has-post-thumbnail","hentry","category-politica","category-portada"],"jetpack_featured_media_url":"https:\/\/i0.wp.com\/cdnoticias.com\/wp-content\/uploads\/2025\/10\/kicillof-empresarios-00.jpg?fit=1000%2C556&ssl=1","jetpack_sharing_enabled":true,"_links":{"self":[{"href":"https:\/\/cdnoticias.com\/index.php\/wp-json\/wp\/v2\/posts\/184580","targetHints":{"allow":["GET"]}}],"collection":[{"href":"https:\/\/cdnoticias.com\/index.php\/wp-json\/wp\/v2\/posts"}],"about":[{"href":"https:\/\/cdnoticias.com\/index.php\/wp-json\/wp\/v2\/types\/post"}],"author":[{"embeddable":true,"href":"https:\/\/cdnoticias.com\/index.php\/wp-json\/wp\/v2\/users\/5"}],"replies":[{"embeddable":true,"href":"https:\/\/cdnoticias.com\/index.php\/wp-json\/wp\/v2\/comments?post=184580"}],"version-history":[{"count":0,"href":"https:\/\/cdnoticias.com\/index.php\/wp-json\/wp\/v2\/posts\/184580\/revisions"}],"wp:featuredmedia":[{"embeddable":true,"href":"https:\/\/cdnoticias.com\/index.php\/wp-json\/wp\/v2\/media\/184578"}],"wp:attachment":[{"href":"https:\/\/cdnoticias.com\/index.php\/wp-json\/wp\/v2\/media?parent=184580"}],"wp:term":[{"taxonomy":"category","embeddable":true,"href":"https:\/\/cdnoticias.com\/index.php\/wp-json\/wp\/v2\/categories?post=184580"},{"taxonomy":"post_tag","embeddable":true,"href":"https:\/\/cdnoticias.com\/index.php\/wp-json\/wp\/v2\/tags?post=184580"}],"curies":[{"name":"wp","href":"https:\/\/api.w.org\/{rel}","templated":true}]}}