{"id":184567,"date":"2025-10-10T17:48:07","date_gmt":"2025-10-10T20:48:07","guid":{"rendered":"https:\/\/cdnoticias.com\/?p=184567"},"modified":"2025-10-10T17:48:09","modified_gmt":"2025-10-10T20:48:09","slug":"convocatoria-a-instituciones-para-participar-del-aplauso-al-asador-3","status":"publish","type":"post","link":"https:\/\/cdnoticias.com\/index.php\/2025\/10\/10\/convocatoria-a-instituciones-para-participar-del-aplauso-al-asador-3\/","title":{"rendered":"Convocatoria a instituciones para participar del Aplauso al Asador"},"content":{"rendered":"\n<p>La inscripci\u00f3n ser\u00e1 del 13 al 24 de octubre. La Fiesta se realizar\u00e1 el 9 de noviembre en el Parque \u201cHelios Eseverri\u201d.<\/p>\n\n\n\n<hr class=\"wp-block-separator has-alpha-channel-opacity\"\/>\n\n\n\n<p>La Municipalidad del Partido de Olavarr\u00eda, a trav\u00e9s de la Subsecretar\u00eda de Cultura, convoc\u00f3 a las instituciones de nuestra ciudad a participar de una nueva edici\u00f3n de \u201cUn aplauso al Asador\u201d, la 40\u00ba Edici\u00f3n de la Fiesta que el pr\u00f3ximo <strong>domingo 9 de noviembre <\/strong>se realizar\u00e1 en el Parque \u201cHelios Eseverri\u201d.<\/p>\n\n\n\n<p><\/p>\n\n\n\n<p>Podr\u00e1n participar <strong>entidades de bien p\u00fablico que est\u00e9n debidamente acreditadas, clubes de madres y asociaciones cooperadoras, sociedades de fomento, juntas vecinales, agrupaciones tradicionalistas, etc.<\/strong><\/p>\n\n\n\n<p><\/p>\n\n\n\n<blockquote class=\"wp-block-quote is-layout-flow wp-block-quote-is-layout-flow\">\n<p>La inscripci\u00f3n ser\u00e1 desde el 13 hasta el 24 de octubre inclusive, de lunes a viernes de 8 a 13 horas, en la Direcci\u00f3n de Relaciones con la Comunidad ubicada en el Palacio San Mart\u00edn (Rivadavia 2801), planta baja.<\/p>\n<\/blockquote>\n\n\n\n<p><\/p>\n\n\n\n<p>Los interesados deber\u00e1n acercar una nota de la instituci\u00f3n a la que pertenecen en la que conste la solicitud para participar del evento y los datos de contactos del referente (n\u00famero de tel\u00e9fono y direcci\u00f3n de correo electr\u00f3nico), as\u00ed como tambi\u00e9n la documentaci\u00f3n que avale a la instituci\u00f3n. <strong>Se informa tambi\u00e9n que los cupos ser\u00e1n limitados.<\/strong><\/p>\n\n\n\n<p><\/p>\n","protected":false},"excerpt":{"rendered":"<p>La inscripci\u00f3n ser\u00e1 del 13 al 24 de octubre. La Fiesta se realizar\u00e1 el 9 de noviembre en el Parque<\/p>\n","protected":false},"author":5,"featured_media":130652,"comment_status":"closed","ping_status":"closed","sticky":false,"template":"","format":"standard","meta":{"_jetpack_memberships_contains_paid_content":false,"footnotes":""},"categories":[5,1],"tags":[],"class_list":["post-184567","post","type-post","status-publish","format-standard","has-post-thumbnail","hentry","category-informacion-general","category-portada"],"jetpack_featured_media_url":"https:\/\/i0.wp.com\/cdnoticias.com\/wp-content\/uploads\/2024\/11\/aplauso-al-asador-18.jpg?fit=1000%2C563&ssl=1","jetpack_sharing_enabled":true,"_links":{"self":[{"href":"https:\/\/cdnoticias.com\/index.php\/wp-json\/wp\/v2\/posts\/184567","targetHints":{"allow":["GET"]}}],"collection":[{"href":"https:\/\/cdnoticias.com\/index.php\/wp-json\/wp\/v2\/posts"}],"about":[{"href":"https:\/\/cdnoticias.com\/index.php\/wp-json\/wp\/v2\/types\/post"}],"author":[{"embeddable":true,"href":"https:\/\/cdnoticias.com\/index.php\/wp-json\/wp\/v2\/users\/5"}],"replies":[{"embeddable":true,"href":"https:\/\/cdnoticias.com\/index.php\/wp-json\/wp\/v2\/comments?post=184567"}],"version-history":[{"count":0,"href":"https:\/\/cdnoticias.com\/index.php\/wp-json\/wp\/v2\/posts\/184567\/revisions"}],"wp:featuredmedia":[{"embeddable":true,"href":"https:\/\/cdnoticias.com\/index.php\/wp-json\/wp\/v2\/media\/130652"}],"wp:attachment":[{"href":"https:\/\/cdnoticias.com\/index.php\/wp-json\/wp\/v2\/media?parent=184567"}],"wp:term":[{"taxonomy":"category","embeddable":true,"href":"https:\/\/cdnoticias.com\/index.php\/wp-json\/wp\/v2\/categories?post=184567"},{"taxonomy":"post_tag","embeddable":true,"href":"https:\/\/cdnoticias.com\/index.php\/wp-json\/wp\/v2\/tags?post=184567"}],"curies":[{"name":"wp","href":"https:\/\/api.w.org\/{rel}","templated":true}]}}