{"id":184545,"date":"2025-10-08T09:45:29","date_gmt":"2025-10-08T12:45:29","guid":{"rendered":"https:\/\/cdnoticias.com\/?p=184545"},"modified":"2025-10-08T16:18:29","modified_gmt":"2025-10-08T19:18:29","slug":"docentes-realizan-una-jornada-nacional-en-defensa-de-la-educacion-publica","status":"publish","type":"post","link":"https:\/\/cdnoticias.com\/index.php\/2025\/10\/08\/docentes-realizan-una-jornada-nacional-en-defensa-de-la-educacion-publica\/","title":{"rendered":"Docentes realizan una Jornada Nacional en defensa de la educaci\u00f3n p\u00fablica"},"content":{"rendered":"\n<p>La convocatoria ser\u00e1 este mi\u00e9rcoles 8 de octubre, de 10 a 15, en la esquina de Necochea y Brown. Reclaman por financiamiento educativo, paritaria nacional y restituci\u00f3n del FONID.<\/p>\n\n\n\n<hr class=\"wp-block-separator aligncenter has-alpha-channel-opacity\"\/>\n\n\n\n<p>Organizaciones docentes y educativas convocaron a una<strong> Jornada Nacional en Defensa de la Educaci\u00f3n P\u00fablica y el Derecho Social a la Educaci\u00f3n, que se llevar\u00e1 a cabo este mi\u00e9rcoles 8 de octubre, de 10 a 15, en la intersecci\u00f3n de Necochea y Brown.<\/strong><\/p>\n\n\n\n<p>La jornada es convocada desde <strong>CTERA y se suman gremios tales como Suteba, Udo, Udocba y Sadop, entre otros.\u00a0<\/strong><\/p>\n\n\n\n<p>All\u00ed, los participantes reclamar\u00e1n por <strong>una nueva ley de financiamiento educativo, la convocatoria inmediata a la Paritaria Nacional Docente, la restituci\u00f3n del Fondo Nacional de Incentivo Docente (FONID) y el pago de las sumas adeudadas. Adem\u00e1s, manifestar\u00e1n su apoyo a la defensa del r\u00e9gimen previsional y del 82% m\u00f3vil.<\/strong><\/p>\n\n\n\n<p>La jornada se enmarca en una <strong>serie de acciones federales impulsadas en distintos puntos del pa\u00eds en defensa del derecho social a la educaci\u00f3n y de las condiciones laborales del sector docente.<\/strong><\/p>\n","protected":false},"excerpt":{"rendered":"<p>La convocatoria ser\u00e1 este mi\u00e9rcoles 8 de octubre, de 10 a 15, en la esquina de Necochea y Brown. Reclaman<\/p>\n","protected":false},"author":2,"featured_media":184546,"comment_status":"closed","ping_status":"closed","sticky":false,"template":"","format":"standard","meta":{"_jetpack_memberships_contains_paid_content":false,"footnotes":""},"categories":[5,1],"tags":[],"class_list":["post-184545","post","type-post","status-publish","format-standard","has-post-thumbnail","hentry","category-informacion-general","category-portada"],"jetpack_featured_media_url":"https:\/\/i0.wp.com\/cdnoticias.com\/wp-content\/uploads\/2025\/10\/Diseno-sin-titulo-2.jpg?fit=800%2C445&ssl=1","jetpack_sharing_enabled":true,"_links":{"self":[{"href":"https:\/\/cdnoticias.com\/index.php\/wp-json\/wp\/v2\/posts\/184545","targetHints":{"allow":["GET"]}}],"collection":[{"href":"https:\/\/cdnoticias.com\/index.php\/wp-json\/wp\/v2\/posts"}],"about":[{"href":"https:\/\/cdnoticias.com\/index.php\/wp-json\/wp\/v2\/types\/post"}],"author":[{"embeddable":true,"href":"https:\/\/cdnoticias.com\/index.php\/wp-json\/wp\/v2\/users\/2"}],"replies":[{"embeddable":true,"href":"https:\/\/cdnoticias.com\/index.php\/wp-json\/wp\/v2\/comments?post=184545"}],"version-history":[{"count":0,"href":"https:\/\/cdnoticias.com\/index.php\/wp-json\/wp\/v2\/posts\/184545\/revisions"}],"wp:featuredmedia":[{"embeddable":true,"href":"https:\/\/cdnoticias.com\/index.php\/wp-json\/wp\/v2\/media\/184546"}],"wp:attachment":[{"href":"https:\/\/cdnoticias.com\/index.php\/wp-json\/wp\/v2\/media?parent=184545"}],"wp:term":[{"taxonomy":"category","embeddable":true,"href":"https:\/\/cdnoticias.com\/index.php\/wp-json\/wp\/v2\/categories?post=184545"},{"taxonomy":"post_tag","embeddable":true,"href":"https:\/\/cdnoticias.com\/index.php\/wp-json\/wp\/v2\/tags?post=184545"}],"curies":[{"name":"wp","href":"https:\/\/api.w.org\/{rel}","templated":true}]}}