{"id":184536,"date":"2025-10-08T08:34:36","date_gmt":"2025-10-08T11:34:36","guid":{"rendered":"https:\/\/cdnoticias.com\/?p=184536"},"modified":"2025-10-08T16:18:16","modified_gmt":"2025-10-08T19:18:16","slug":"todo-listo-para-la-llegada-del-gobernador-kicillof-en-olavarria","status":"publish","type":"post","link":"https:\/\/cdnoticias.com\/index.php\/2025\/10\/08\/todo-listo-para-la-llegada-del-gobernador-kicillof-en-olavarria\/","title":{"rendered":"Todo listo para la llegada del gobernador Kicillof a Olavarr\u00eda"},"content":{"rendered":"\n<p>Visitar\u00e1 la f\u00e1brica Cerro Negro, visitar\u00e1 a beneficiarios del barrio CECO III y mantendr\u00e1 una reuni\u00f3n con productores rurales y gremios.&nbsp;<\/p>\n\n\n\n<hr class=\"wp-block-separator aligncenter has-alpha-channel-opacity\"\/>\n\n\n\n<p>Desde la ma\u00f1ana de este mi\u00e9rcoles, <strong>el gobernador Axel Kicillof visitar\u00e1 Olavarr\u00eda en el marco de varias reuniones con sectores econ\u00f3micos golpeados por la crisis y, adem\u00e1s, a menos de 20 d\u00edas de las elecciones legislativas nacionales.<\/strong><\/p>\n\n\n\n<p>Acompa\u00f1ar\u00e1n a <strong>Kicillof el ministro de Desarrollo Agrario, Javier Rodr\u00edguez, la jefa de Asesores, Cristina Alvarez Rodr\u00edguez, la ministra H\u00e1bitat, Silvina Batakis, y el ministro de Trabajo, Walter Correa, adem\u00e1s del intendente Wesner<\/strong>, funcionarios municipales, concejales y otros dirigentes.\u00a0<\/p>\n\n\n\n<p>Cerca de las 11 ser\u00e1 su arribo a nuestra ciudad, y <strong>se estima una recorrida por la F\u00e1brica de Cer\u00e1micos y Revestimiento \u201cCerro Negro\u201d, empresa que tuvo en el \u00faltimo tiempo despidos y diversas medidas de ajuste para con los trabajadores, como corte de vacaciones y corte de horas extra.\u00a0<\/strong><\/p>\n\n\n\n<p>De all\u00ed,<strong> la comitiva encabezada por el Gobernador recorrer\u00e1 la obra de las \u00faltimas viviendas del barrio CECO III, <\/strong>que tuvo la entrega de cerca de 80 casas y aguarda la entrega de las \u00faltimas 20, completando un centenar de nuevas viviendas para los afiliados de empleados de comercio. Tambi\u00e9n se estima un di\u00e1logo con beneficiarios que ya viven en el nuevo barrio de la ciudad.<\/p>\n\n\n\n<p>La tercera actividad ser\u00e1 <strong>una reuni\u00f3n con productores rurales, comerciantes y gremialistas en la que se dialogar\u00e1 sobre la realidad del sector, todos en crisis por las medidas del gobierno nacional de Javier Milei.\u00a0<\/strong><\/p>\n\n\n\n<p>Finalmente, se estima que <strong>brinde una conferencia de prensa junto al jefe comunal Wesner<\/strong> para charlar sobre la coyuntura de la ciudad y la Provincia.<\/p>\n\n\n\n<p><strong>La \u00faltima vez que el gobernador estuvo en Olavarr\u00eda fue hace menos de dos meses, el pasado 13 de agosto, <\/strong>donde tuvo un largo recorrido de gesti\u00f3n con entrega de viviendas, de escrituras y recorrida por obras.<\/p>\n","protected":false},"excerpt":{"rendered":"<p>Visitar\u00e1 la f\u00e1brica Cerro Negro, visitar\u00e1 a beneficiarios del barrio CECO III y mantendr\u00e1 una reuni\u00f3n con productores rurales y<\/p>\n","protected":false},"author":2,"featured_media":179428,"comment_status":"closed","ping_status":"closed","sticky":false,"template":"","format":"standard","meta":{"_jetpack_memberships_contains_paid_content":false,"footnotes":""},"categories":[4,1],"tags":[],"class_list":["post-184536","post","type-post","status-publish","format-standard","has-post-thumbnail","hentry","category-politica","category-portada"],"jetpack_featured_media_url":"https:\/\/i0.wp.com\/cdnoticias.com\/wp-content\/uploads\/2025\/08\/kicillof-barrio-ceco-3-00.jpg?fit=1000%2C556&ssl=1","jetpack_sharing_enabled":true,"_links":{"self":[{"href":"https:\/\/cdnoticias.com\/index.php\/wp-json\/wp\/v2\/posts\/184536","targetHints":{"allow":["GET"]}}],"collection":[{"href":"https:\/\/cdnoticias.com\/index.php\/wp-json\/wp\/v2\/posts"}],"about":[{"href":"https:\/\/cdnoticias.com\/index.php\/wp-json\/wp\/v2\/types\/post"}],"author":[{"embeddable":true,"href":"https:\/\/cdnoticias.com\/index.php\/wp-json\/wp\/v2\/users\/2"}],"replies":[{"embeddable":true,"href":"https:\/\/cdnoticias.com\/index.php\/wp-json\/wp\/v2\/comments?post=184536"}],"version-history":[{"count":0,"href":"https:\/\/cdnoticias.com\/index.php\/wp-json\/wp\/v2\/posts\/184536\/revisions"}],"wp:featuredmedia":[{"embeddable":true,"href":"https:\/\/cdnoticias.com\/index.php\/wp-json\/wp\/v2\/media\/179428"}],"wp:attachment":[{"href":"https:\/\/cdnoticias.com\/index.php\/wp-json\/wp\/v2\/media?parent=184536"}],"wp:term":[{"taxonomy":"category","embeddable":true,"href":"https:\/\/cdnoticias.com\/index.php\/wp-json\/wp\/v2\/categories?post=184536"},{"taxonomy":"post_tag","embeddable":true,"href":"https:\/\/cdnoticias.com\/index.php\/wp-json\/wp\/v2\/tags?post=184536"}],"curies":[{"name":"wp","href":"https:\/\/api.w.org\/{rel}","templated":true}]}}