{"id":184519,"date":"2025-10-07T18:59:18","date_gmt":"2025-10-07T21:59:18","guid":{"rendered":"https:\/\/cdnoticias.com\/?p=184519"},"modified":"2025-10-07T18:59:19","modified_gmt":"2025-10-07T21:59:19","slug":"la-corte-suprema-habilito-la-extradicion-de-fred-machado-y-el-gobierno-aprobo-el-pedido-quedo-detenido","status":"publish","type":"post","link":"https:\/\/cdnoticias.com\/index.php\/2025\/10\/07\/la-corte-suprema-habilito-la-extradicion-de-fred-machado-y-el-gobierno-aprobo-el-pedido-quedo-detenido\/","title":{"rendered":"La Corte Suprema habilit\u00f3 la extradici\u00f3n de Fred Machado y el Gobierno aprob\u00f3 el pedido: qued\u00f3 detenido"},"content":{"rendered":"\n<p>Todo fue este martes: fue en un fallo un\u00e1nime firmado por los tres jueces de la Corte. El caso cobr\u00f3 trascendencia por los aportes realizados a Jos\u00e9 Luis Espert en 2019, que le costaron la renuncia a la candidatura a diputado nacional este a\u00f1o.<\/p>\n\n\n\n<hr class=\"wp-block-separator aligncenter has-alpha-channel-opacity\"\/>\n\n\n\n<p>La <strong>Corte Suprema de Justicia de la Naci\u00f3n<\/strong> confirm\u00f3 este lunes la decisi\u00f3n del juez federal de Neuqu\u00e9n que hab\u00eda ratificado la procedencia de la extradici\u00f3n a Estados Unidos del empresario <strong>Federico \u201cFred\u201d Machado<\/strong>, acusado de delitos vinculados al narcotr\u00e1fico, lavado de dinero y estafas. Horas despu\u00e9s del fallo, el Gobierno nacional aprob\u00f3 el pedido y la <strong>Polic\u00eda Federal<\/strong> lo detuvo.<\/p>\n\n\n\n<p>El m\u00e1ximo tribunal, en un fallo un\u00e1nime firmado por <strong>Horacio Rosatti, Carlos Rosenkrantz y Ricardo Lorenzetti<\/strong>, rechaz\u00f3 todos los recursos presentados por la defensa y consider\u00f3 que est\u00e1n dadas las condiciones para avanzar con la entrega del empresario a la justicia estadounidense.<\/p>\n\n\n\n<p>Machado est\u00e1 acusado en Estados Unidos de <strong>conspiraci\u00f3n para cometer delitos de narcotr\u00e1fico, lavado de activos y fraude<\/strong>, y fue se\u00f1alado adem\u00e1s como aportante de fondos no declarados para la campa\u00f1a presidencial de 2019 del diputado nacional <strong>Jos\u00e9 Luis Espert<\/strong>.<\/p>\n\n\n\n<h3 class=\"wp-block-heading\">La decisi\u00f3n del Ejecutivo<\/h3>\n\n\n\n<p>Una vez notificado el fallo de la Corte, el Gobierno instruy\u00f3 a la <strong>Canciller\u00eda<\/strong>, la <strong>Secretar\u00eda Legal y T\u00e9cnica<\/strong> y la <strong>Jefatura de Gabinete<\/strong> para avanzar con el procedimiento de extradici\u00f3n. De acuerdo con la ley de <strong>Cooperaci\u00f3n Internacional en Materia Penal<\/strong>, el Poder Ejecutivo contaba con diez d\u00edas h\u00e1biles para pronunciarse. Si no lo hac\u00eda, el silencio equival\u00eda a una aprobaci\u00f3n t\u00e1cita. En este caso, la administraci\u00f3n decidi\u00f3 <strong>habilitar expresamente la extradici\u00f3n<\/strong>.<\/p>\n\n\n\n<p>El caso presenta una particularidad: el abogado defensor de Machado es <strong>Francisco Oneto<\/strong>, actual abogado personal del presidente Javier Milei.<\/p>\n\n\n\n<h3 class=\"wp-block-heading\">Detenci\u00f3n y antecedentes<\/h3>\n\n\n\n<p>Machado hab\u00eda sido detenido inicialmente el <strong>16 de abril de 2021<\/strong> por la Polic\u00eda de Seguridad Aeroportuaria en Neuqu\u00e9n, en el marco del pedido internacional de captura. Al d\u00eda siguiente, el juez federal Gustavo Villanueva orden\u00f3 su arresto preventivo, y desde entonces permanec\u00eda a disposici\u00f3n de la justicia.<\/p>\n\n\n\n<p>Actualmente cumpl\u00eda prisi\u00f3n domiciliaria en la ciudad de <strong>Viedma<\/strong>, con tobillera electr\u00f3nica. Tras la aprobaci\u00f3n de la extradici\u00f3n, <strong>fue detenido nuevamente por la Polic\u00eda Federal en la casa de su madre<\/strong>, donde cumpl\u00eda el arresto domiciliario.<\/p>\n","protected":false},"excerpt":{"rendered":"<p>Todo fue este martes: fue en un fallo un\u00e1nime firmado por los tres jueces de la Corte. El caso cobr\u00f3<\/p>\n","protected":false},"author":2,"featured_media":184520,"comment_status":"closed","ping_status":"closed","sticky":false,"template":"","format":"standard","meta":{"_jetpack_memberships_contains_paid_content":false,"footnotes":""},"categories":[6,1],"tags":[],"class_list":["post-184519","post","type-post","status-publish","format-standard","has-post-thumbnail","hentry","category-nacionales","category-portada"],"jetpack_featured_media_url":"https:\/\/i0.wp.com\/cdnoticias.com\/wp-content\/uploads\/2025\/10\/fred-machado.jpg?fit=892%2C590&ssl=1","jetpack_sharing_enabled":true,"_links":{"self":[{"href":"https:\/\/cdnoticias.com\/index.php\/wp-json\/wp\/v2\/posts\/184519","targetHints":{"allow":["GET"]}}],"collection":[{"href":"https:\/\/cdnoticias.com\/index.php\/wp-json\/wp\/v2\/posts"}],"about":[{"href":"https:\/\/cdnoticias.com\/index.php\/wp-json\/wp\/v2\/types\/post"}],"author":[{"embeddable":true,"href":"https:\/\/cdnoticias.com\/index.php\/wp-json\/wp\/v2\/users\/2"}],"replies":[{"embeddable":true,"href":"https:\/\/cdnoticias.com\/index.php\/wp-json\/wp\/v2\/comments?post=184519"}],"version-history":[{"count":0,"href":"https:\/\/cdnoticias.com\/index.php\/wp-json\/wp\/v2\/posts\/184519\/revisions"}],"wp:featuredmedia":[{"embeddable":true,"href":"https:\/\/cdnoticias.com\/index.php\/wp-json\/wp\/v2\/media\/184520"}],"wp:attachment":[{"href":"https:\/\/cdnoticias.com\/index.php\/wp-json\/wp\/v2\/media?parent=184519"}],"wp:term":[{"taxonomy":"category","embeddable":true,"href":"https:\/\/cdnoticias.com\/index.php\/wp-json\/wp\/v2\/categories?post=184519"},{"taxonomy":"post_tag","embeddable":true,"href":"https:\/\/cdnoticias.com\/index.php\/wp-json\/wp\/v2\/tags?post=184519"}],"curies":[{"name":"wp","href":"https:\/\/api.w.org\/{rel}","templated":true}]}}