{"id":184509,"date":"2025-10-07T18:07:10","date_gmt":"2025-10-07T21:07:10","guid":{"rendered":"https:\/\/cdnoticias.com\/?p=184509"},"modified":"2025-10-08T07:54:37","modified_gmt":"2025-10-08T10:54:37","slug":"un-joven-olavarriense-resulto-herido-tras-un-despiste-y-vuelco-cerca-de-libano","status":"publish","type":"post","link":"https:\/\/cdnoticias.com\/index.php\/2025\/10\/07\/un-joven-olavarriense-resulto-herido-tras-un-despiste-y-vuelco-cerca-de-libano\/","title":{"rendered":"Un joven olavarriense result\u00f3 herido tras un despiste y vuelco cerca de L\u00edbano"},"content":{"rendered":"\n<p>Fue el pasado lunes en la ruta provincial 76. Debi\u00f3 ser trasladado al Hospital \u201cMariano Etchegaray\u201d.<\/p>\n\n\n\n<hr class=\"wp-block-separator aligncenter has-alpha-channel-opacity\"\/>\n\n\n\n<p><em>Foto e informaci\u00f3n: InfoGL<\/em><\/p>\n\n\n\n<p>Este lunes por la ma\u00f1ana <strong>se registr\u00f3 un despiste y vuelco en inmediaciones de la localidad de L\u00edbano, que dej\u00f3 como saldo un hombre de 27 a\u00f1os con lesiones leves.<\/strong><\/p>\n\n\n\n<p>El hecho ocurri\u00f3 sobre la <strong>Ruta Provincial 76, a unos mil metros del acceso a la localidad. Por motivos que a\u00fan se investigan, el autom\u00f3vil en el que viajaba el joven \u2014quien se desplazaba desde Coronel Su\u00e1rez hacia Olavarr\u00eda\u2014 perdi\u00f3 el control, sali\u00f3 de la calzada y termin\u00f3 volcado en la banquina.<\/strong><\/p>\n\n\n\n<p>El conductor fue asistido en el lugar por <strong>personal m\u00e9dico del CAPS de L\u00edbano y trasladado de manera preventiva al Hospital \u201cDr. Mariano Etchegaray\u201d<\/strong>, donde se constat\u00f3 que presentaba <strong>escoriaciones, golpes y un corte en una de sus manos.<\/strong><\/p>\n\n\n\n<p>En el lugar trabajaron<strong> efectivos del Destacamento de la Polic\u00eda Vial, quienes realizaron las actuaciones correspondientes.<\/strong><\/p>\n","protected":false},"excerpt":{"rendered":"<p>Fue el pasado lunes en la ruta provincial 76. Debi\u00f3 ser trasladado al Hospital \u201cMariano Etchegaray\u201d. Foto e informaci\u00f3n: InfoGL<\/p>\n","protected":false},"author":2,"featured_media":184511,"comment_status":"closed","ping_status":"closed","sticky":false,"template":"","format":"standard","meta":{"_jetpack_memberships_contains_paid_content":false,"footnotes":""},"categories":[14,1],"tags":[],"class_list":["post-184509","post","type-post","status-publish","format-standard","has-post-thumbnail","hentry","category-policiales","category-portada"],"jetpack_featured_media_url":"https:\/\/i0.wp.com\/cdnoticias.com\/wp-content\/uploads\/2025\/10\/accidente-libano-76.jpg?fit=771%2C449&ssl=1","jetpack_sharing_enabled":true,"_links":{"self":[{"href":"https:\/\/cdnoticias.com\/index.php\/wp-json\/wp\/v2\/posts\/184509","targetHints":{"allow":["GET"]}}],"collection":[{"href":"https:\/\/cdnoticias.com\/index.php\/wp-json\/wp\/v2\/posts"}],"about":[{"href":"https:\/\/cdnoticias.com\/index.php\/wp-json\/wp\/v2\/types\/post"}],"author":[{"embeddable":true,"href":"https:\/\/cdnoticias.com\/index.php\/wp-json\/wp\/v2\/users\/2"}],"replies":[{"embeddable":true,"href":"https:\/\/cdnoticias.com\/index.php\/wp-json\/wp\/v2\/comments?post=184509"}],"version-history":[{"count":0,"href":"https:\/\/cdnoticias.com\/index.php\/wp-json\/wp\/v2\/posts\/184509\/revisions"}],"wp:featuredmedia":[{"embeddable":true,"href":"https:\/\/cdnoticias.com\/index.php\/wp-json\/wp\/v2\/media\/184511"}],"wp:attachment":[{"href":"https:\/\/cdnoticias.com\/index.php\/wp-json\/wp\/v2\/media?parent=184509"}],"wp:term":[{"taxonomy":"category","embeddable":true,"href":"https:\/\/cdnoticias.com\/index.php\/wp-json\/wp\/v2\/categories?post=184509"},{"taxonomy":"post_tag","embeddable":true,"href":"https:\/\/cdnoticias.com\/index.php\/wp-json\/wp\/v2\/tags?post=184509"}],"curies":[{"name":"wp","href":"https:\/\/api.w.org\/{rel}","templated":true}]}}