{"id":184507,"date":"2025-10-08T15:30:24","date_gmt":"2025-10-08T18:30:24","guid":{"rendered":"https:\/\/cdnoticias.com\/?p=184507"},"modified":"2025-10-08T15:30:25","modified_gmt":"2025-10-08T18:30:25","slug":"la-facultad-de-ciencias-sociales-abrio-la-inscripcion-para-el-2026","status":"publish","type":"post","link":"https:\/\/cdnoticias.com\/index.php\/2025\/10\/08\/la-facultad-de-ciencias-sociales-abrio-la-inscripcion-para-el-2026\/","title":{"rendered":"La Facultad de Ciencias Sociales abri\u00f3 la inscripci\u00f3n para el 2026"},"content":{"rendered":"\n<p>Entre octubre y diciembre estar\u00e1 abierta la preinscripci\u00f3n a las carreras de grado de Comunicaci\u00f3n Social, Periodismo, Antropolog\u00eda, Arqueolog\u00eda y los Profesorados de Antropolog\u00eda y Comunicaci\u00f3n.<\/p>\n\n\n\n<hr class=\"wp-block-separator aligncenter has-alpha-channel-opacity\"\/>\n\n\n\n<p>La <strong>Facultad de Ciencias Sociales <\/strong>de la Universidad Nacional del Centro de la Provincia de Buenos Aires <strong>abri\u00f3 el periodo de preinscripci\u00f3n para las seis carreras de grado presenciales,<\/strong> destinadas a quienes tengan <strong>inter\u00e9s en comenzar a cursar en el a\u00f1o 2026<\/strong>.<\/p>\n\n\n\n<p><\/p>\n\n\n\n<p>Anualmente <strong>estudiantes de Olavarr\u00eda y la regi\u00f3n, <\/strong>as\u00ed como de<strong> otras ciudades de la provincia de Buenos Aires y del resto del pa\u00eds <\/strong>eligen a la Facultad de Ciencias Sociales para iniciar sus estudios universitarios.<\/p>\n\n\n\n<p><\/p>\n\n\n\n<blockquote class=\"wp-block-quote is-layout-flow wp-block-quote-is-layout-flow\">\n<p>FACSO ofrece las carreras de Licenciatura en Antropolog\u00eda orientaci\u00f3n Social, Licenciatura en Antropolog\u00eda orientaci\u00f3n Arqueolog\u00eda, Licenciatura en Comunicaci\u00f3n Social, Periodismo y los Profesorados de Comunicaci\u00f3n Social y Antropolog\u00eda.<\/p>\n<\/blockquote>\n\n\n\n<p><\/p>\n\n\n\n<p>Sociales se caracteriza por ser una instituci\u00f3n de referencia permanente en el \u00e1mbito acad\u00e9mico, cient\u00edfico, en la investigaci\u00f3n y en la extensi\u00f3n, con articulaci\u00f3n continua con organizaciones locales, regionales, nacionales e internacionales.<\/p>\n\n\n\n<p><\/p>\n\n\n\n<p>La inscripci\u00f3n <strong>abri\u00f3 el 6 de octubre y se extender\u00e1 hasta el 29 de diciembre pr\u00f3ximo.<\/strong> Quienes est\u00e9n interesados\/as en inscribirse en primer lugar deben completar un formulario online, y posteriormente presentar la totalidad de la documentaci\u00f3n en la sede de la Facultad de Ciencias Sociales, avenida Del Valle 5737. Para conocer los pasos de inscripci\u00f3n y la oferta acad\u00e9mica es posible ingresar al<a href=\"http:\/\/www.soc.unicen.edu.ar\" target=\"_blank\" rel=\"noreferrer noopener\"> siguiente link. <\/a><\/p>\n\n\n\n<p><\/p>\n","protected":false},"excerpt":{"rendered":"<p>Entre octubre y diciembre estar\u00e1 abierta la preinscripci\u00f3n a las carreras de grado de Comunicaci\u00f3n Social, Periodismo, Antropolog\u00eda, Arqueolog\u00eda y<\/p>\n","protected":false},"author":6,"featured_media":83263,"comment_status":"closed","ping_status":"closed","sticky":false,"template":"","format":"standard","meta":{"_jetpack_memberships_contains_paid_content":false,"footnotes":""},"categories":[5,1],"tags":[],"class_list":["post-184507","post","type-post","status-publish","format-standard","has-post-thumbnail","hentry","category-informacion-general","category-portada"],"jetpack_featured_media_url":"https:\/\/i0.wp.com\/cdnoticias.com\/wp-content\/uploads\/2023\/04\/Facultad-de-Ciencias-Sociales-1.jpg?fit=2000%2C1159&ssl=1","jetpack_sharing_enabled":true,"_links":{"self":[{"href":"https:\/\/cdnoticias.com\/index.php\/wp-json\/wp\/v2\/posts\/184507","targetHints":{"allow":["GET"]}}],"collection":[{"href":"https:\/\/cdnoticias.com\/index.php\/wp-json\/wp\/v2\/posts"}],"about":[{"href":"https:\/\/cdnoticias.com\/index.php\/wp-json\/wp\/v2\/types\/post"}],"author":[{"embeddable":true,"href":"https:\/\/cdnoticias.com\/index.php\/wp-json\/wp\/v2\/users\/6"}],"replies":[{"embeddable":true,"href":"https:\/\/cdnoticias.com\/index.php\/wp-json\/wp\/v2\/comments?post=184507"}],"version-history":[{"count":0,"href":"https:\/\/cdnoticias.com\/index.php\/wp-json\/wp\/v2\/posts\/184507\/revisions"}],"wp:featuredmedia":[{"embeddable":true,"href":"https:\/\/cdnoticias.com\/index.php\/wp-json\/wp\/v2\/media\/83263"}],"wp:attachment":[{"href":"https:\/\/cdnoticias.com\/index.php\/wp-json\/wp\/v2\/media?parent=184507"}],"wp:term":[{"taxonomy":"category","embeddable":true,"href":"https:\/\/cdnoticias.com\/index.php\/wp-json\/wp\/v2\/categories?post=184507"},{"taxonomy":"post_tag","embeddable":true,"href":"https:\/\/cdnoticias.com\/index.php\/wp-json\/wp\/v2\/tags?post=184507"}],"curies":[{"name":"wp","href":"https:\/\/api.w.org\/{rel}","templated":true}]}}