{"id":184495,"date":"2025-10-08T08:00:10","date_gmt":"2025-10-08T11:00:10","guid":{"rendered":"https:\/\/cdnoticias.com\/?p=184495"},"modified":"2025-10-08T08:39:04","modified_gmt":"2025-10-08T11:39:04","slug":"afectacion-de-seguridad-e-higiene-acusaciones-cruzadas-entre-el-pro-y-uxp","status":"publish","type":"post","link":"https:\/\/cdnoticias.com\/index.php\/2025\/10\/08\/afectacion-de-seguridad-e-higiene-acusaciones-cruzadas-entre-el-pro-y-uxp\/","title":{"rendered":"Afectaci\u00f3n de Seguridad e Higiene: acusaciones cruzadas entre el Pro y UxP"},"content":{"rendered":"<p>El proyecto ingres\u00f3 este martes a la comisi\u00f3n de Legislaci\u00f3n del HCD. El Pro acus\u00f3 al oficialismo de \u201cfrenar\u201d el proyecto para que no llegue a sesi\u00f3n. Para Federico Aguilera hay \u201cpura especulaci\u00f3n pol\u00edtica\u201d.<!--more--><\/p>\n<hr \/>\n<p>Este martes <strong>sesion\u00f3 la comisi\u00f3n de Legislaci\u00f3n del Concejo Deliberante<\/strong>. Los concejales recibieron para tratamiento el <strong>proyecto de ordenanza<\/strong> impulsado por la <a href=\"https:\/\/cdnoticias.com\/index.php\/2025\/07\/08\/la-uio-impulsa-un-proyecto-de-afectacion-de-la-tasa-de-seguridad-e-higiene\/\" target=\"_blank\" rel=\"noopener\">Uni\u00f3n Industrial de Olavarr\u00eda para la<strong> afectaci\u00f3n de la tasa de Seguridad e Higiene<\/strong><\/a>.<\/p>\n<p>El debate interno deriv\u00f3 en un <strong>cuestionamiento del Pro al accionar de Uni\u00f3n por la Patria (UxP) y cr\u00edticas cruzadas<\/strong>.<\/p>\n<blockquote><p>El Pro acus\u00f3 al oficialismo de \u201cfrenar\u201d la aprobaci\u00f3n de la iniciativa. En tanto, el presidente de la comisi\u00f3n de Legislaci\u00f3n, Federico Aguilera, inform\u00f3 que el expediente ingres\u00f3 a la comisi\u00f3n este mismo martes, que no hubo tiempo material de an\u00e1lisis interno y acus\u00f3 al gallismo de hacer \u201cpura especulaci\u00f3n pol\u00edtica\u201d.<\/p><\/blockquote>\n<h3>La postura del Pro<\/h3>\n<p><strong>\u201cEl oficialismo fren\u00f3 el pedido de industriales<\/strong> para afectar la Tasa de Seguridad e Higiene\u201d sostuvo este martes el gallismo a trav\u00e9s de<strong> un comunicado<\/strong>.<\/p>\n<p><img data-recalc-dims=\"1\" loading=\"lazy\" decoding=\"async\" class=\"alignnone size-full wp-image-183484 aligncenter\" src=\"https:\/\/i0.wp.com\/cdnoticias.com\/wp-content\/uploads\/2025\/09\/hcd-sesion-jueves2.jpg?resize=800%2C532&#038;ssl=1\" alt=\"\" width=\"800\" height=\"532\" srcset=\"https:\/\/i0.wp.com\/cdnoticias.com\/wp-content\/uploads\/2025\/09\/hcd-sesion-jueves2.jpg?w=900&amp;ssl=1 900w, https:\/\/i0.wp.com\/cdnoticias.com\/wp-content\/uploads\/2025\/09\/hcd-sesion-jueves2.jpg?resize=300%2C200&amp;ssl=1 300w, https:\/\/i0.wp.com\/cdnoticias.com\/wp-content\/uploads\/2025\/09\/hcd-sesion-jueves2.jpg?resize=768%2C511&amp;ssl=1 768w, https:\/\/i0.wp.com\/cdnoticias.com\/wp-content\/uploads\/2025\/09\/hcd-sesion-jueves2.jpg?resize=272%2C182&amp;ssl=1 272w\" sizes=\"auto, (max-width: 800px) 100vw, 800px\" \/><\/p>\n<p>Se inform\u00f3 que este martes en la comisi\u00f3n de Legislaci\u00f3n <strong>\u201cno prosper\u00f3 el proyecto<\/strong> presentado por industriales y comerciantes de Olavarr\u00eda\u201d y acus\u00f3 que <strong>\u201cel oficialismo, con el voto doble del presidente de la comisi\u00f3n, Federico Aguilera, logr\u00f3 imponerse y as\u00ed evitar que el proyecto sea tratado en la sesi\u00f3n<\/strong> del pr\u00f3ximo jueves\u201d.<\/p>\n<blockquote><p>\u201cDesde los bloques PRO-ERF y Juntos por Olavarr\u00eda busc\u00e1bamos que la iniciativa pudiera avanzar antes de la presentaci\u00f3n del Presupuesto 2026, que el Poder Ejecutivo debe elevar antes del 31 de octubre, con el objetivo de brindar una herramienta \u00fatil tanto para el sector productivo como para el propio Municipio\u201d argumentaron sobre su postura.<\/p><\/blockquote>\n<h3>La postura de UxP<\/h3>\n<p><strong>Central de Noticias<\/strong> consult\u00f3 a<strong> Federico Aguilera<\/strong> sobre lo sucedido en la sesi\u00f3n de la comisi\u00f3n que preside. \u201cEl proyecto tuvo tratamiento ayer 6\/10 en la comisi\u00f3n de Hacienda donde se determin\u00f3 el pase a Legislaci\u00f3n y<strong> hoy se solicit\u00f3 el tratamiento en la comisi\u00f3n de Legislaci\u00f3n con menos de 24 horas de haber llegado <\/strong>a la comisi\u00f3n. Es decir, que <strong>no tuvo tiempo de estudio<\/strong> en Legislaci\u00f3n. Se determin\u00f3 que <strong>quede en an\u00e1lisis a la espera de opini\u00f3n y respuesta que est\u00e1 elaborando el Ejecutivo<\/strong> para la ordenanza con nuevas sugerencias. Nada del otro mundo\u201d explic\u00f3 el concejal.<\/p>\n<blockquote><p>Opin\u00f3 que \u201cel Pro est\u00e1 apurado por sacar una ordenanza que jam\u00e1s hubieran aprobado siendo gesti\u00f3n, de hecho jam\u00e1s hubo en ocho a\u00f1os una propuesta o acci\u00f3n en ese sentido, y que no es de su autor\u00eda. Precisamente por eso la quieren llevar a sesi\u00f3n, para que se apruebe tal cual est\u00e1 sin ning\u00fan aporte del Ejecutivo\u201d.<\/p><\/blockquote>\n<p><img data-recalc-dims=\"1\" loading=\"lazy\" decoding=\"async\" class=\"alignnone size-full wp-image-131470 aligncenter\" src=\"https:\/\/i0.wp.com\/cdnoticias.com\/wp-content\/uploads\/2024\/11\/HCD-sesion-28-de-noviembre-2024-federico-aguilera.jpg?resize=800%2C446&#038;ssl=1\" alt=\"\" width=\"800\" height=\"446\" srcset=\"https:\/\/i0.wp.com\/cdnoticias.com\/wp-content\/uploads\/2024\/11\/HCD-sesion-28-de-noviembre-2024-federico-aguilera.jpg?w=1000&amp;ssl=1 1000w, https:\/\/i0.wp.com\/cdnoticias.com\/wp-content\/uploads\/2024\/11\/HCD-sesion-28-de-noviembre-2024-federico-aguilera.jpg?resize=300%2C167&amp;ssl=1 300w, https:\/\/i0.wp.com\/cdnoticias.com\/wp-content\/uploads\/2024\/11\/HCD-sesion-28-de-noviembre-2024-federico-aguilera.jpg?resize=768%2C428&amp;ssl=1 768w, https:\/\/i0.wp.com\/cdnoticias.com\/wp-content\/uploads\/2024\/11\/HCD-sesion-28-de-noviembre-2024-federico-aguilera.jpg?resize=800%2C445&amp;ssl=1 800w\" sizes=\"auto, (max-width: 800px) 100vw, 800px\" \/><\/p>\n<p>Acerca del plazo de estudio de la iniciativa, Federico Aguilera resalt\u00f3 que <strong>\u201cel expediente no lleva ni tres meses desde su ingreso<\/strong>. Me parece que siendo<strong> la importancia e implicancias de lo que propone<\/strong> la ordenanza, afectaci\u00f3n de recursos que son potestad del Ejecutivo para esta y futuras gestiones, <strong>estamos en tiempos coherentes de trabajo\u201d<\/strong>.<\/p>\n<blockquote><p>En el cierre, el tambi\u00e9n presidente del bloque oficialista en el HCD agudiz\u00f3 sus cr\u00edticas hacia el sector opositor: \u201csi al bloque Pro si le importan realmente las pymes y la industria de nuestro municipio no deber\u00eda apoyar a un gobierno nacional que las est\u00e1 destruyendo con el parate de la obra p\u00fablica, la apertura de importaciones y la ca\u00edda del consumo. Lo que hacen es pura especulaci\u00f3n pol\u00edtica\u201d lanz\u00f3.<\/p><\/blockquote>\n","protected":false},"excerpt":{"rendered":"<p>El proyecto ingres\u00f3 este martes a la comisi\u00f3n de Legislaci\u00f3n del HCD. El Pro acus\u00f3 al oficialismo de \u201cfrenar\u201d el<\/p>\n","protected":false},"author":4,"featured_media":184496,"comment_status":"closed","ping_status":"closed","sticky":false,"template":"","format":"standard","meta":{"_jetpack_memberships_contains_paid_content":false,"footnotes":""},"categories":[4,1],"tags":[],"class_list":["post-184495","post","type-post","status-publish","format-standard","has-post-thumbnail","hentry","category-politica","category-portada"],"jetpack_featured_media_url":"https:\/\/i0.wp.com\/cdnoticias.com\/wp-content\/uploads\/2025\/10\/HCD-aguilera-hilario-galli.jpg?fit=1000%2C556&ssl=1","jetpack_sharing_enabled":true,"_links":{"self":[{"href":"https:\/\/cdnoticias.com\/index.php\/wp-json\/wp\/v2\/posts\/184495","targetHints":{"allow":["GET"]}}],"collection":[{"href":"https:\/\/cdnoticias.com\/index.php\/wp-json\/wp\/v2\/posts"}],"about":[{"href":"https:\/\/cdnoticias.com\/index.php\/wp-json\/wp\/v2\/types\/post"}],"author":[{"embeddable":true,"href":"https:\/\/cdnoticias.com\/index.php\/wp-json\/wp\/v2\/users\/4"}],"replies":[{"embeddable":true,"href":"https:\/\/cdnoticias.com\/index.php\/wp-json\/wp\/v2\/comments?post=184495"}],"version-history":[{"count":0,"href":"https:\/\/cdnoticias.com\/index.php\/wp-json\/wp\/v2\/posts\/184495\/revisions"}],"wp:featuredmedia":[{"embeddable":true,"href":"https:\/\/cdnoticias.com\/index.php\/wp-json\/wp\/v2\/media\/184496"}],"wp:attachment":[{"href":"https:\/\/cdnoticias.com\/index.php\/wp-json\/wp\/v2\/media?parent=184495"}],"wp:term":[{"taxonomy":"category","embeddable":true,"href":"https:\/\/cdnoticias.com\/index.php\/wp-json\/wp\/v2\/categories?post=184495"},{"taxonomy":"post_tag","embeddable":true,"href":"https:\/\/cdnoticias.com\/index.php\/wp-json\/wp\/v2\/tags?post=184495"}],"curies":[{"name":"wp","href":"https:\/\/api.w.org\/{rel}","templated":true}]}}