{"id":184483,"date":"2025-10-07T13:01:26","date_gmt":"2025-10-07T16:01:26","guid":{"rendered":"https:\/\/cdnoticias.com\/?p=184483"},"modified":"2025-10-07T13:01:28","modified_gmt":"2025-10-07T16:01:28","slug":"como-votar-con-boleta-unica-papel-capacitaciones-abiertas-desde-este-martes-en-olavarria","status":"publish","type":"post","link":"https:\/\/cdnoticias.com\/index.php\/2025\/10\/07\/como-votar-con-boleta-unica-papel-capacitaciones-abiertas-desde-este-martes-en-olavarria\/","title":{"rendered":"C\u00f3mo votar con Boleta \u00danica Papel: capacitaciones abiertas desde este martes en Olavarr\u00eda"},"content":{"rendered":"<p>A partir de las 15 se dictar\u00e1 un curso destinado a mayores de 60 a\u00f1os y desde las 17.30 para p\u00fablico en general. Organizan la Facultad de Ciencias Sociales y la Direcci\u00f3n Electoral.<!--more--><\/p>\n<hr \/>\n<p>La <strong>Facultad de Ciencias Sociales (UNICEN)<\/strong> junto a la <strong>Direcci\u00f3n Nacional Electoral<\/strong> del Ministerio del Interior de la Naci\u00f3n llevar\u00e1n adelante una serie de <strong>charlas abiertas en Azul, Olavarr\u00eda y Tandil<\/strong>, sobre el<strong> nuevo sistema de votaci\u00f3n<\/strong>.<\/p>\n<p>El pr\u00f3ximo 26 de octubre se llevar\u00e1n adelante en nuestro pa\u00eds las Elecciones Legislativas Nacionales en las que se implementar\u00e1, <a href=\"https:\/\/cdnoticias.com\/index.php\/2025\/09\/29\/legislativas-nacionales-2025-como-votar-con-la-boleta-unica-papel\/\" target=\"_blank\" rel=\"noopener\">por primera vez, la Boleta \u00danica Papel (BUP)<\/a>, instrumento que fue aprobado por el Congreso de la Naci\u00f3n a trav\u00e9s de la Ley 27.781.<\/p>\n<p>La BUP es una boleta de papel que <strong>incluye en una misma papeleta a todos\/as los\/as candidatos\/as, categor\u00edas de cargos y partidos pol\u00edticos<\/strong> que pueden ser elegidos en un acto electoral nacional.<\/p>\n<p>En este marco, se llevar\u00e1n adelante <strong>entre el 7 y el 9 de octubre una serie de charlas abiertas en Olavarr\u00eda, Azul y Tandil<\/strong>, con el objetivo de capacitar a la comunidad sobre <strong>c\u00f3mo se vota con BUP: Boleta \u00danica Papel<\/strong>. Las personas interesadas pueden <strong>acercarse a cada espacio en el horario y d\u00eda definido<\/strong> por cronograma.<\/p>\n<p>Las capacitaciones estar\u00e1n <strong>a cargo de la Direcci\u00f3n Nacional Electoral del Ministerio del Interior de la Naci\u00f3n<\/strong>. La actividad es coordinada junto con la Facultad de Ciencias Sociales de la Universidad Nacional del Centro de la Provincia de Buenos Aires, a trav\u00e9s de la<strong> c\u00e1tedra Periodismo Pol\u00edtico y Econ\u00f3mico<\/strong> de la carrera de Periodismo.<\/p>\n<h3>Cronograma de encuentros<\/h3>\n<p><strong>Olavarr\u00eda:<\/strong><\/p>\n<ul>\n<li>Martes 7 de octubre de 15 a 17 hs. Destinada a personas mayores de 60 a\u00f1os. Sede: Centro Cultural Universitario, San Mart\u00edn 1955<\/li>\n<li>Martes 7 de octubre de 17:30 a 19:30 hs. Destinada a p\u00fablico en general. Sede: Centro Cultural Universitario, San Mart\u00edn 1955<\/li>\n<li>Mi\u00e9rcoles 8 de octubre de 10 a 12 hs. Destinada a p\u00fablico en general. Sede: Sal\u00f3n Auditorio de la Delegaci\u00f3n Olavarr\u00eda del Consejo Profesional de Ciencias Econ\u00f3micas de la Provincia de Buenos Aires, Rivadavia 2461<\/li>\n<\/ul>\n<p><strong>Azul:<\/strong><\/p>\n<ul>\n<li>Mi\u00e9rcoles 8 de octubre de 18 a 20 hs. Destinada a p\u00fablico en general. Sede: Aula N\u00b0 8 Pabell\u00f3n de Licenciatura, Facultad de Agronom\u00eda. Av. Rep\u00fablica de Italia 780, Campus Universitario<\/li>\n<\/ul>\n<p><strong>Tandil:<\/strong><\/p>\n<ul>\n<li>Jueves 9 de octubre de 10 a 12 hs. Destinada a p\u00fablico en general. Sede: Aula Magna de Rectorado, Pinto 399.<\/li>\n<li>Jueves 9 de octubre de 14 a 16 hs. Destinada a p\u00fablico en general. Sede: Aula Magna de Rectorado, Pinto 399.<\/li>\n<\/ul>\n","protected":false},"excerpt":{"rendered":"<p>A partir de las 15 se dictar\u00e1 un curso destinado a mayores de 60 a\u00f1os y desde las 17.30 para<\/p>\n","protected":false},"author":4,"featured_media":182282,"comment_status":"closed","ping_status":"closed","sticky":false,"template":"","format":"standard","meta":{"_jetpack_memberships_contains_paid_content":false,"footnotes":""},"categories":[4,1],"tags":[],"class_list":["post-184483","post","type-post","status-publish","format-standard","has-post-thumbnail","hentry","category-politica","category-portada"],"jetpack_featured_media_url":"https:\/\/i0.wp.com\/cdnoticias.com\/wp-content\/uploads\/2025\/09\/boleta-1.webp?fit=790%2C334&ssl=1","jetpack_sharing_enabled":true,"_links":{"self":[{"href":"https:\/\/cdnoticias.com\/index.php\/wp-json\/wp\/v2\/posts\/184483","targetHints":{"allow":["GET"]}}],"collection":[{"href":"https:\/\/cdnoticias.com\/index.php\/wp-json\/wp\/v2\/posts"}],"about":[{"href":"https:\/\/cdnoticias.com\/index.php\/wp-json\/wp\/v2\/types\/post"}],"author":[{"embeddable":true,"href":"https:\/\/cdnoticias.com\/index.php\/wp-json\/wp\/v2\/users\/4"}],"replies":[{"embeddable":true,"href":"https:\/\/cdnoticias.com\/index.php\/wp-json\/wp\/v2\/comments?post=184483"}],"version-history":[{"count":0,"href":"https:\/\/cdnoticias.com\/index.php\/wp-json\/wp\/v2\/posts\/184483\/revisions"}],"wp:featuredmedia":[{"embeddable":true,"href":"https:\/\/cdnoticias.com\/index.php\/wp-json\/wp\/v2\/media\/182282"}],"wp:attachment":[{"href":"https:\/\/cdnoticias.com\/index.php\/wp-json\/wp\/v2\/media?parent=184483"}],"wp:term":[{"taxonomy":"category","embeddable":true,"href":"https:\/\/cdnoticias.com\/index.php\/wp-json\/wp\/v2\/categories?post=184483"},{"taxonomy":"post_tag","embeddable":true,"href":"https:\/\/cdnoticias.com\/index.php\/wp-json\/wp\/v2\/tags?post=184483"}],"curies":[{"name":"wp","href":"https:\/\/api.w.org\/{rel}","templated":true}]}}