{"id":184473,"date":"2025-10-07T18:01:45","date_gmt":"2025-10-07T21:01:45","guid":{"rendered":"https:\/\/cdnoticias.com\/?p=184473"},"modified":"2025-10-07T18:01:46","modified_gmt":"2025-10-07T21:01:46","slug":"concejales-radicales-piden-un-espacio-para-la-delegacion-municipal-de-colonia-hinojo","status":"publish","type":"post","link":"https:\/\/cdnoticias.com\/index.php\/2025\/10\/07\/concejales-radicales-piden-un-espacio-para-la-delegacion-municipal-de-colonia-hinojo\/","title":{"rendered":"Concejales radicales piden un espacio para la Delegaci\u00f3n Municipal de Colonia Hinojo"},"content":{"rendered":"\n<p>La iniciativa surge luego de un encuentro con vecinos de la localidad. Manifestaron la importancia de contar con una oficina de atenci\u00f3n donde poder realizar consultas.<\/p>\n\n\n\n<hr class=\"wp-block-separator has-alpha-channel-opacity\"\/>\n\n\n\n<p>La <strong>Uni\u00f3n C\u00edvica Radical de Olavarr\u00eda present\u00f3 un Proyecto de Resoluci\u00f3n <\/strong>donde solicita al Departamento Ejecutivo el cumplimiento de la Ordenanza N\u00b0 1069\/90, que determina un <strong>espacio f\u00edsico para la constituci\u00f3n y funcionamiento de la Delegaci\u00f3n Municipal de Colonia Hinojo.<\/strong><\/p>\n\n\n\n<p><\/p>\n\n\n\n<p>Esta iniciativa surge luego de un <strong>encuentro que el concejal Francisco Gonz\u00e1lez y la presidenta del espacio Bel\u00e9n Vergel mantuvieron d\u00edas atr\u00e1s con vecinos y vecinas de la localidad,<\/strong> quienes les plantearon la importancia de que la comunidad pueda contar con una oficina de atenci\u00f3n donde poder presentar dudas, consultas o inquietudes relacionadas con el \u00e1mbito municipal.<\/p>\n\n\n\n<p><\/p>\n\n\n\n<blockquote class=\"wp-block-quote is-layout-flow wp-block-quote-is-layout-flow\">\n<p>En la actualidad se ven obligados a trasladarse a Hinojo para llevar adelante este tipo de tr\u00e1mites, dependiendo de un servicio de transporte p\u00fablico que no cuenta con una frecuencia favorable.<\/p>\n<\/blockquote>\n\n\n\n<p><\/p>\n\n\n\n<p>Al respecto, Gonz\u00e1lez se\u00f1al\u00f3 que \u201c<strong>este es un pedido que surge por parte de los vecinos, mediante un planteo que nos hicieron luego de una reuni\u00f3n que mantuvimos en donde nos manifestaron la necesidad de contar con un delegado en Colonia Hinojo, algo que ya est\u00e1 establecido por una Ordenanza de 1990. <\/strong>En aquel a\u00f1o ya se ve\u00eda la necesidad de que la localidad cuente con una Delegaci\u00f3n Municipal, por eso es que estamos solicitando que se cumpla con esa Ordenanza\u201d.<\/p>\n\n\n\n<p><\/p>\n\n\n\n<p>\u201cEs sumamente necesario que se cree la Delegaci\u00f3n Municipal para facilitar los tr\u00e1mites que tienen que hacer los vecinos de esta localidad, que actualmente tienen que trasladarse hasta Hinojo para poder hacerlo. <strong>Es una localidad que ha crecido mucho en los \u00faltimos a\u00f1os, y que incluso con la apertura de nuevos lotes va a tener un crecimiento mayor, por lo cual creemos que es m\u00e1s fundamental a\u00fan<\/strong>\u201d, consider\u00f3.<\/p>\n\n\n\n<p><\/p>\n\n\n\n<p>Por \u00faltimo, manifest\u00f3 que \u201cesta presentaci\u00f3n va a estar acompa\u00f1ada por una importante cantidad de<strong> firmas de vecinos de la localidad<\/strong>, as\u00ed que la vamos a estar impulsando y esperando que se concrete para que sea una realidad\u201d.<\/p>\n","protected":false},"excerpt":{"rendered":"<p>La iniciativa surge luego de un encuentro con vecinos de la localidad. Manifestaron la importancia de contar con una oficina<\/p>\n","protected":false},"author":5,"featured_media":184474,"comment_status":"closed","ping_status":"closed","sticky":false,"template":"","format":"standard","meta":{"_jetpack_memberships_contains_paid_content":false,"footnotes":""},"categories":[4,1],"tags":[],"class_list":["post-184473","post","type-post","status-publish","format-standard","has-post-thumbnail","hentry","category-politica","category-portada"],"jetpack_featured_media_url":"https:\/\/i0.wp.com\/cdnoticias.com\/wp-content\/uploads\/2025\/10\/ucr-colonia-hinojo.png?fit=800%2C445&ssl=1","jetpack_sharing_enabled":true,"_links":{"self":[{"href":"https:\/\/cdnoticias.com\/index.php\/wp-json\/wp\/v2\/posts\/184473","targetHints":{"allow":["GET"]}}],"collection":[{"href":"https:\/\/cdnoticias.com\/index.php\/wp-json\/wp\/v2\/posts"}],"about":[{"href":"https:\/\/cdnoticias.com\/index.php\/wp-json\/wp\/v2\/types\/post"}],"author":[{"embeddable":true,"href":"https:\/\/cdnoticias.com\/index.php\/wp-json\/wp\/v2\/users\/5"}],"replies":[{"embeddable":true,"href":"https:\/\/cdnoticias.com\/index.php\/wp-json\/wp\/v2\/comments?post=184473"}],"version-history":[{"count":0,"href":"https:\/\/cdnoticias.com\/index.php\/wp-json\/wp\/v2\/posts\/184473\/revisions"}],"wp:featuredmedia":[{"embeddable":true,"href":"https:\/\/cdnoticias.com\/index.php\/wp-json\/wp\/v2\/media\/184474"}],"wp:attachment":[{"href":"https:\/\/cdnoticias.com\/index.php\/wp-json\/wp\/v2\/media?parent=184473"}],"wp:term":[{"taxonomy":"category","embeddable":true,"href":"https:\/\/cdnoticias.com\/index.php\/wp-json\/wp\/v2\/categories?post=184473"},{"taxonomy":"post_tag","embeddable":true,"href":"https:\/\/cdnoticias.com\/index.php\/wp-json\/wp\/v2\/tags?post=184473"}],"curies":[{"name":"wp","href":"https:\/\/api.w.org\/{rel}","templated":true}]}}