{"id":184468,"date":"2025-10-07T11:23:21","date_gmt":"2025-10-07T14:23:21","guid":{"rendered":"https:\/\/cdnoticias.com\/?p=184468"},"modified":"2025-10-07T11:23:23","modified_gmt":"2025-10-07T14:23:23","slug":"ingreso-a-una-casa-robo-dos-celulares-y-lo-atraparon","status":"publish","type":"post","link":"https:\/\/cdnoticias.com\/index.php\/2025\/10\/07\/ingreso-a-una-casa-robo-dos-celulares-y-lo-atraparon\/","title":{"rendered":"Ingres\u00f3 a una casa, rob\u00f3 dos celulares y lo atraparon"},"content":{"rendered":"<p>El caso se dio en barrio Roca Merlo. El ladr\u00f3n fue arrestado a pocos metros del lugar del hecho. Qued\u00f3 imputado por \u201churto agravado por escalamiento\u201d.<!--more--><\/p>\n<hr \/>\n<p><strong>Un hombre fue aprehendido<\/strong> luego de cometer un <strong>hurto en una vivienda<\/strong> ubicada en la zona de <strong>Vicente L\u00f3pez al 4500.<\/strong><\/p>\n<blockquote><p>El hecho ocurri\u00f3 tras un llamado al 911 que alert\u00f3 a efectivos del Comando de Patrulla, quienes acudieron al lugar y lograron interceptar al acusado en un terreno bald\u00edo situado a pocos metros del lugar del hecho, en la intersecci\u00f3n de avenida Trabajadores y Vicente L\u00f3pez.<\/p><\/blockquote>\n<p>Seg\u00fan se inform\u00f3, el hombre <strong>hab\u00eda ingresado al domicilio tras saltar un pared\u00f3n<\/strong> y <strong>sustra\u00eddo dos tel\u00e9fonos celulares.<\/strong><\/p>\n<p>El<strong> aprehendido, de 28 a\u00f1os<\/strong>, fue trasladado a la dependencia policial, donde qued\u00f3 alojado a disposici\u00f3n del juzgado interviniente. La causa fue caratulada como <strong>\u201churto agravado por escalamiento\u201d<\/strong>, con la intervenci\u00f3n de la UFI (Unidad Fiscal de Investigaci\u00f3n) N.\u00ba 7.<\/p>\n","protected":false},"excerpt":{"rendered":"<p>El caso se dio en barrio Roca Merlo. El ladr\u00f3n fue arrestado a pocos metros del lugar del hecho. Qued\u00f3<\/p>\n","protected":false},"author":4,"featured_media":184471,"comment_status":"closed","ping_status":"closed","sticky":false,"template":"","format":"standard","meta":{"_jetpack_memberships_contains_paid_content":false,"footnotes":""},"categories":[14,1],"tags":[],"class_list":["post-184468","post","type-post","status-publish","format-standard","has-post-thumbnail","hentry","category-policiales","category-portada"],"jetpack_featured_media_url":"https:\/\/i0.wp.com\/cdnoticias.com\/wp-content\/uploads\/2025\/10\/trabajadores-y-vicente-lopez-00.jpg?fit=1000%2C556&ssl=1","jetpack_sharing_enabled":true,"_links":{"self":[{"href":"https:\/\/cdnoticias.com\/index.php\/wp-json\/wp\/v2\/posts\/184468","targetHints":{"allow":["GET"]}}],"collection":[{"href":"https:\/\/cdnoticias.com\/index.php\/wp-json\/wp\/v2\/posts"}],"about":[{"href":"https:\/\/cdnoticias.com\/index.php\/wp-json\/wp\/v2\/types\/post"}],"author":[{"embeddable":true,"href":"https:\/\/cdnoticias.com\/index.php\/wp-json\/wp\/v2\/users\/4"}],"replies":[{"embeddable":true,"href":"https:\/\/cdnoticias.com\/index.php\/wp-json\/wp\/v2\/comments?post=184468"}],"version-history":[{"count":0,"href":"https:\/\/cdnoticias.com\/index.php\/wp-json\/wp\/v2\/posts\/184468\/revisions"}],"wp:featuredmedia":[{"embeddable":true,"href":"https:\/\/cdnoticias.com\/index.php\/wp-json\/wp\/v2\/media\/184471"}],"wp:attachment":[{"href":"https:\/\/cdnoticias.com\/index.php\/wp-json\/wp\/v2\/media?parent=184468"}],"wp:term":[{"taxonomy":"category","embeddable":true,"href":"https:\/\/cdnoticias.com\/index.php\/wp-json\/wp\/v2\/categories?post=184468"},{"taxonomy":"post_tag","embeddable":true,"href":"https:\/\/cdnoticias.com\/index.php\/wp-json\/wp\/v2\/tags?post=184468"}],"curies":[{"name":"wp","href":"https:\/\/api.w.org\/{rel}","templated":true}]}}