{"id":184466,"date":"2025-10-08T07:54:00","date_gmt":"2025-10-08T10:54:00","guid":{"rendered":"https:\/\/cdnoticias.com\/?p=184466"},"modified":"2025-10-08T09:48:58","modified_gmt":"2025-10-08T12:48:58","slug":"mindlin-oficializa-su-desembarco-en-el-grupo-brasileno-dueno-de-loma-negra","status":"publish","type":"post","link":"https:\/\/cdnoticias.com\/index.php\/2025\/10\/08\/mindlin-oficializa-su-desembarco-en-el-grupo-brasileno-dueno-de-loma-negra\/","title":{"rendered":"Mindlin oficializa su desembarco en el grupo brasile\u00f1o due\u00f1o de Loma Negra"},"content":{"rendered":"<p>Junto a otro grupo de acreedores, acaba de tomar el control de InterCement, el holding del pa\u00eds vecino que es propietario de la mayor cementera argentina.<!--more--><\/p>\n<hr \/>\n<p>Finalmente, <strong>Marcelo Mindlin desembarca como nuevo due\u00f1o indirecto de Loma Negra<\/strong>, luego de que una <strong>asamblea de acreedores de InterCement<\/strong>, due\u00f1o de la cementera argentina,<strong> acept\u00f3 una propuesta para refinanciar su pasivo<\/strong> que, entre otros aspectos, incluye el desembarco del propietario de Pampa Energ\u00eda. en el conglomerado brasile\u00f1o.<\/p>\n<blockquote><p>De esta forma, el empresario argentino tambi\u00e9n se convertir\u00e1, de manera indirecta, en el accionista mayoritario de la compa\u00f1\u00eda fundada por la familia Fortabat en 1926, pasando a controlar el 52% de la que es considerada la mayor cementera de la Argentina.<\/p><\/blockquote>\n<p><strong>La operaci\u00f3n fue aprobada este lunes 6 de octubre<\/strong> durante una asamblea de acreedores que se llev\u00f3 a cabo en la sede de Mover y de InterCement y en la que se debati\u00f3 un <strong>nuevo plan de recuperaci\u00f3n judicial<\/strong> presentado por el directorio de este holding en un documento de m\u00e1s de 3.500 p\u00e1ginas al que tuvo acceso iProfesional.<\/p>\n<h3>Marcelo Mindlin, nuevo due\u00f1o de Loma Negra<\/h3>\n<p>La iniciativa tuvo el <strong>respaldo del 99,99% de los tenedores de deuda de InterCement<\/strong> y, en el caso de Loma Negra, le abre la puerta al ingreso de estos nuevos accionistas comandados por el propio Mindlin.<\/p>\n<p><a href=\"https:\/\/cdnoticias.com\/index.php\/2025\/06\/20\/venta-de-loma-negra-mindlin-dio-un-paso-clave-para-tratar-de-quedarse-con-la-cementera\/\" target=\"_blank\" rel=\"noopener\">En junio pasado<\/a>, el due\u00f1o de Pampa Energ\u00eda desembarc\u00f3 en forma indirecta en la cementera tras <strong>quedarse con la deuda que InterCement pose\u00eda con el banco Ita\u00fa.<\/strong><\/p>\n<p><img data-recalc-dims=\"1\" loading=\"lazy\" decoding=\"async\" class=\"alignnone size-full wp-image-109244 aligncenter\" src=\"https:\/\/i0.wp.com\/cdnoticias.com\/wp-content\/uploads\/2024\/02\/loma-negra-cemento.jpg?resize=800%2C445&#038;ssl=1\" alt=\"\" width=\"800\" height=\"445\" srcset=\"https:\/\/i0.wp.com\/cdnoticias.com\/wp-content\/uploads\/2024\/02\/loma-negra-cemento.jpg?w=800&amp;ssl=1 800w, https:\/\/i0.wp.com\/cdnoticias.com\/wp-content\/uploads\/2024\/02\/loma-negra-cemento.jpg?resize=300%2C167&amp;ssl=1 300w, https:\/\/i0.wp.com\/cdnoticias.com\/wp-content\/uploads\/2024\/02\/loma-negra-cemento.jpg?resize=768%2C427&amp;ssl=1 768w\" sizes=\"auto, (max-width: 800px) 100vw, 800px\" \/><\/p>\n<p>Es decir, <strong>adquiri\u00f3 el 60% de los cr\u00e9ditos por alrededor de u$s45 millones<\/strong> que los due\u00f1os de Loma Negra adeudan a la entidad brasile\u00f1a a trav\u00e9s de su subsidiaria, Generaci\u00f3n Argentina S.A., mientras que<strong> el 40% restante fue cedido a tenedores de t\u00edtulos de deuda<\/strong> emitidos en el exterior (bonds) por el grupo tambi\u00e9n brasile\u00f1o.<\/p>\n<blockquote><p>En ese momento, la operaci\u00f3n fue considerada como <a href=\"https:\/\/cdnoticias.com\/index.php\/2025\/07\/26\/mindlin-finalmente-se-quedo-con-loma-negra\/\" target=\"_blank\" rel=\"noopener\">el primer paso tomado por el due\u00f1o de Pampa Energ\u00eda<\/a> para ir por el control total de Loma Negra, todav\u00eda controlada por InterCement, a su vez propiedad del Grupo Mover (ex Camargo Correa).<\/p><\/blockquote>\n<p>En el caso del Ita\u00fa, era uno de los mayores tenedores de deuda del holding brasile\u00f1o por lo que su movida lo posicion\u00f3 de manera interesante a la hora de negociar el reperfilamiento de ese pasivo a cambio de quedarse con las acciones mayoritarias de la cementera argentina.<\/p>\n<h3>Encuentro clave<\/h3>\n<p>A partir de esa transacci\u00f3n, <strong>Mindlin tuvo acceso al capital de InterCement como acreedor<\/strong> y por eso es que tambi\u00e9n habr\u00eda participado del <strong>encuentro de este lunes 6 de octubre otorgando su voto positivo al proceso de reestructuraci\u00f3n.<\/strong><\/p>\n<p>Si bien <strong>la estrategia todav\u00eda debe ser homologada por el Juzgado de Quiebras y Recuperaciones Judiciales del Estado de San Pablo<\/strong> a cargo del procedimiento concursal del holding, todo indica que no habr\u00eda mayores inconvenientes en dicho tr\u00e1mite.<\/p>\n<p>En especial, si se tiene en cuenta el porcentaje de adhesi\u00f3n que la iniciativa logr\u00f3 entre los tenedores de una deuda que supera los u$s2.000 millones.<\/p>\n<blockquote><p>De este modo, Mindlin, a trav\u00e9s de una nueva sociedad creada para su desembarco en InterCement bajo las siglas de LATCEM, se abrir\u00e1 el camino para sumarse a Loma Negra como accionista mayoritario, teniendo en cuenta que hasta ahora el grupo brasile\u00f1o controla el 56% de la cementera.\u00a0Pero no lo har\u00e1 solo, ya que tendr\u00e1 como socios al grupo Redwood Capital Management y a otro conjunto de fondos administrados por la sociedad formada entre Moneda y Patria Investment.<\/p><\/blockquote>\n<p>En conjunto, <strong>se convertir\u00edan en los accionistas principales de InterCement<\/strong>, a los que tambi\u00e9n se suman otros importantes acreedores que pasar\u00e1n a capitalizar sus tenencias en la compa\u00f1\u00eda.<\/p>\n<p><img data-recalc-dims=\"1\" loading=\"lazy\" decoding=\"async\" class=\"alignnone size-full wp-image-52310 aligncenter\" src=\"https:\/\/i0.wp.com\/cdnoticias.com\/wp-content\/uploads\/2022\/04\/lamali-loma-negra-1.jpeg?resize=800%2C445&#038;ssl=1\" alt=\"\" width=\"800\" height=\"445\" srcset=\"https:\/\/i0.wp.com\/cdnoticias.com\/wp-content\/uploads\/2022\/04\/lamali-loma-negra-1.jpeg?w=800&amp;ssl=1 800w, https:\/\/i0.wp.com\/cdnoticias.com\/wp-content\/uploads\/2022\/04\/lamali-loma-negra-1.jpeg?resize=300%2C167&amp;ssl=1 300w, https:\/\/i0.wp.com\/cdnoticias.com\/wp-content\/uploads\/2022\/04\/lamali-loma-negra-1.jpeg?resize=768%2C427&amp;ssl=1 768w\" sizes=\"auto, (max-width: 800px) 100vw, 800px\" \/><\/p>\n<h3>Dejar atr\u00e1s el stress financiero<\/h3>\n<p>Adem\u00e1s, este plan permitir\u00eda <strong>una reducci\u00f3n considerable de las deudas<\/strong> de la sociedad y sumar\u00eda una nueva l\u00ednea de cr\u00e9dito aportada por los nuevos accionistas para fortalecer el capital de trabajo y afrontar los gastos de la reestructuraci\u00f3n, dejando a InterCement con una s\u00f3lida estructura de capital.<\/p>\n<p>De esta manera, <strong>la empresa due\u00f1a de Loma Negra finalizar\u00eda la situaci\u00f3n de estr\u00e9s financiero<\/strong> en la que se vio envuelta en los \u00faltimos dos a\u00f1os y podr\u00eda volver a cumplir el rol estrat\u00e9gico que la empresa tuvo hist\u00f3ricamente dentro del sector cementero en Brasil y Argentina.<\/p>\n<blockquote><p>Por lo menos as\u00ed lo entienden en Pampa Energ\u00eda, desde donde oficializaron el proceso anticipado por iProfesional, y aseguraron que se trata de una operaci\u00f3n &#8220;que marcar\u00eda el inicio de una nueva etapa para la compa\u00f1\u00eda, que contar\u00e1 con: una estructura de capital s\u00f3lida y sostenible, sin vencimientos significativos por los pr\u00f3ximos cinco a\u00f1os&#8221;.<\/p><\/blockquote>\n<p>A trav\u00e9s de un comunicado de prensa, los voceros de Mindlin tambi\u00e9n agregaron que el acuerdo<strong> &#8220;otorgar\u00eda capacidad de inversi\u00f3n y sostenibilidad a largo plazo<\/strong>, sumado a una visi\u00f3n estrat\u00e9gica enfocada en el desarrollo y crecimiento&#8221;.<\/p>\n<p>Explicaron adem\u00e1s, que el plan aprobado se estructur\u00f3 de forma tal que, durante el per\u00edodo de transici\u00f3n hasta la efectiva incorporaci\u00f3n de los nuevos accionistas, se asegurar\u00e1 la continuidad operativa de la empresa y de su controlada Loma Negra, con operaciones que seguir\u00e1n desarroll\u00e1ndose con total normalidad, <strong>&#8220;manteniendo los est\u00e1ndares de calidad, el empleo y las relaciones con clientes, proveedores y comunidades&#8221;<\/strong>.<\/p>\n<h3>Socios con peso<\/h3>\n<p>Para analizar la nueva composici\u00f3n accionaria de InterCement hay que comprender que los nuevos accionistas del grupo brasile\u00f1o re\u00fanen capitales argentinos, regionales e internacionales, con amplia experiencia en transformaci\u00f3n empresarial, reestructuraci\u00f3n financiera y generaci\u00f3n de valor.<\/p>\n<p>El<strong> objetivo de este grupo de acreedores<\/strong> al asumir el control de InterCement es el de<strong> consolidar y expandir el negocio, de la mano de LATCEM<\/strong>, sociedad que a su vez es controlada por el propio Marcelo Mindlin.<\/p>\n<p><img data-recalc-dims=\"1\" loading=\"lazy\" decoding=\"async\" class=\"alignnone size-full wp-image-52287 aligncenter\" src=\"https:\/\/i0.wp.com\/cdnoticias.com\/wp-content\/uploads\/2022\/04\/loma-negra-lamali-3.jpeg?resize=800%2C445&#038;ssl=1\" alt=\"\" width=\"800\" height=\"445\" srcset=\"https:\/\/i0.wp.com\/cdnoticias.com\/wp-content\/uploads\/2022\/04\/loma-negra-lamali-3.jpeg?w=800&amp;ssl=1 800w, https:\/\/i0.wp.com\/cdnoticias.com\/wp-content\/uploads\/2022\/04\/loma-negra-lamali-3.jpeg?resize=300%2C167&amp;ssl=1 300w, https:\/\/i0.wp.com\/cdnoticias.com\/wp-content\/uploads\/2022\/04\/loma-negra-lamali-3.jpeg?resize=768%2C427&amp;ssl=1 768w\" sizes=\"auto, (max-width: 800px) 100vw, 800px\" \/><\/p>\n<p>De esta forma, <strong>el empresario argentino sumar\u00e1 las actividades cementeras en Brasil y Argentina<\/strong>, no a Pampa Energ\u00eda, sino<strong> a SACDE<\/strong>, una de las principales empresas constructoras del pa\u00eds y de la cual es tambi\u00e9n el due\u00f1o.<\/p>\n<p>En el caso de <strong>Redwood Capital Management es un fondo de inversi\u00f3n global<\/strong> con sede en Nueva York y Miami que maneja m\u00e1s de u$s10.000 millones y se especializa, entre otras cosas, en ayudar a empresas a solventar sus estructuras de capital y trabajar con su liderazgo para mejorar y solidificar sus operaciones.<\/p>\n<p>De hecho, es socio de Mindlin en SACDE, y es co-controlante de Or\u00edgenes Seguros, adem\u00e1s de operar en Argentina a trav\u00e9s de su &#8220;Redwood Argentina Fund&#8221;, establecido en 2014 para invertir en activos locales.<\/p>\n<p>En cuanto a<strong> Moneda Patria Investments forma parte de Patria Investments<\/strong>, firma l\u00edder en manejo de activos alternativos en Latinoam\u00e9rica con m\u00e1s de 35 a\u00f1os de historia y u$S48.000 millones bajo administraci\u00f3n.\u00a0Los fondos de cr\u00e9dito de Moneda Patria Investment, con m\u00e1s de u$s7.000 millones y un historial de 25 a\u00f1os, son considerados como referentes en el mercado de deuda corporativa en la regi\u00f3n, habiendo participado en decenas de reestructuraciones en Latinoam\u00e9rica.<\/p>\n<p>En Argentina <strong>desembarc\u00f3 en el 2021<\/strong> con la compra de NeoSecure, una empresa l\u00edder en soluciones y servicios de ciberseguridad con operaciones en varios pa\u00edses de la regi\u00f3n.<\/p>\n<blockquote class=\"wp-embedded-content\" data-secret=\"J1JHEQKulR\"><p><a href=\"https:\/\/cdnoticias.com\/index.php\/2025\/06\/30\/loma-negra-moderniza-sus-plantas-y-lanza-su-nueva-bolsa-de-25-kilos\/\">Loma Negra moderniza sus plantas y lanza su nueva bolsa de 25 kilos<\/a><\/p><\/blockquote>\n<p><iframe loading=\"lazy\" class=\"wp-embedded-content\" sandbox=\"allow-scripts\" security=\"restricted\" style=\"position: absolute; visibility: hidden;\" title=\"&#8220;Loma Negra moderniza sus plantas y lanza su nueva bolsa de 25 kilos&#8221; &#8212; Central de Noticias | Olavarr\u00eda\" src=\"https:\/\/cdnoticias.com\/index.php\/2025\/06\/30\/loma-negra-moderniza-sus-plantas-y-lanza-su-nueva-bolsa-de-25-kilos\/embed\/#?secret=u2mp84OsKo#?secret=J1JHEQKulR\" data-secret=\"J1JHEQKulR\" width=\"600\" height=\"338\" frameborder=\"0\" marginwidth=\"0\" marginheight=\"0\" scrolling=\"no\"><\/iframe><\/p>\n<h3>Mega grupo cementero<\/h3>\n<p>Esta sociedad pasar\u00e1 a<strong> gestionar los negocios de InterCement Participa\u00e7\u00f5es (ICP)<\/strong> holding de inversiones en el sector de cemento, constituido en 2010 y que tiene sede en la ciudad brasile\u00f1a de San Pablo.<\/p>\n<p>Es miembro del grupo liderado por Mover Participa\u00e7\u00f5es (Mover), que se dedica a la producci\u00f3n, comercializaci\u00f3n y distribuci\u00f3n de cemento, concreto y agregados, con operaciones en Brasil y Argentina.<\/p>\n<blockquote><p>Su estructura industrial comprende 23 f\u00e1bricas de cemento, 14 centros de concreto y dos unidades de agregados, totalizando una capacidad instalada de aproximadamente 28 millones de toneladas de cemento por a\u00f1o.<\/p><\/blockquote>\n<p>En el caso de<strong> Loma Negra, posee 21 f\u00e1bricas y es l\u00edder del mercado local<\/strong>, que fue fundada en 1926 y que es considerada l\u00edder en producci\u00f3n y distribuci\u00f3n de cemento de alba\u00f1iler\u00eda, cal, agregados y hormig\u00f3n, productos utilizados principalmente en la construcci\u00f3n privada y p\u00fablica.<\/p>\n<p>En la actualidad, funciona como una <strong>empresa de cemento y hormig\u00f3n integrada verticalmente<\/strong>, con operaciones en todo el pa\u00eds, respaldada por grandes reservas de piedra caliza, plantas ubicadas estrat\u00e9gicamente, marcas de primer nivel y canales de distribuci\u00f3n desarrollados.<\/p>\n<p><img data-recalc-dims=\"1\" loading=\"lazy\" decoding=\"async\" class=\"alignnone size-full wp-image-52285 aligncenter\" src=\"https:\/\/i0.wp.com\/cdnoticias.com\/wp-content\/uploads\/2022\/04\/loma-negra-lamali-1.jpeg?resize=800%2C445&#038;ssl=1\" alt=\"\" width=\"800\" height=\"445\" srcset=\"https:\/\/i0.wp.com\/cdnoticias.com\/wp-content\/uploads\/2022\/04\/loma-negra-lamali-1.jpeg?w=800&amp;ssl=1 800w, https:\/\/i0.wp.com\/cdnoticias.com\/wp-content\/uploads\/2022\/04\/loma-negra-lamali-1.jpeg?resize=300%2C167&amp;ssl=1 300w, https:\/\/i0.wp.com\/cdnoticias.com\/wp-content\/uploads\/2022\/04\/loma-negra-lamali-1.jpeg?resize=768%2C427&amp;ssl=1 768w\" sizes=\"auto, (max-width: 800px) 100vw, 800px\" \/><\/p>\n<p>En los \u00faltimos a\u00f1os, el grupo brasile\u00f1o acumul\u00f3 una serie de problemas financieros que derivaron en un perjuicio operativo de u$s214,8 millones y un pasivo cercano a los 18.000 millones de reales en el momento del pedido de recuperaci\u00f3n judicial.<\/p>\n<p>Si bien sus ejecutivos intentaron varias f\u00f3rmulas para reestructurar ese pasivo, hasta ahora se encontraron con la negativa de los acreedores m\u00e1s importantes.<\/p>\n<h3>Venta a mediano plazo<\/h3>\n<blockquote><p>En este sentido, el acuerdo que acaba de ser suscripto por el directorio de InterCement y por este importante grupo de acreedores, le permitir\u00e1 ceder las acciones de Loma Negra al mismo grupo controlante con Mindlin a la cabeza.\u00a0Es que una parte de la propuesta contempla el pago de cr\u00e9ditos con garant\u00eda real por u$s500 millones que ser\u00edan reestructurados mediante la entrega o suscripci\u00f3n de acciones de Loma Negra, en la proporci\u00f3n de titularidad de los respectivos acreedores.<\/p><\/blockquote>\n<p>Bajo el nombre en portugu\u00e9s de &#8220;Aliena\u00e7\u00e3o Loma Negra&#8221;, <strong>se contempla el inicio de la venta de la cementera argentina lo m\u00e1s pronto posible<\/strong> si es que la justicia termina por homologar el plan de recuperaci\u00f3n de InterCement.<\/p>\n<p>En ese caso, el holding deber\u00e1 contratar un<strong> asesor financiero<\/strong> para vender Loma Negra que deber\u00e1 ser aprobado por el Comit\u00ea Especial de Acreedores de InterCement.<\/p>\n<p>Las propuestas de compra de la cementera deber\u00e1n prever el pago de dinero, y<strong> los titulares de cr\u00e9ditos o t\u00edtulos<\/strong> de la cementera tendr\u00e1n <strong>derecho a presentar una propuesta de compra<\/strong> de la compa\u00f1\u00eda mediante entrega de sus propios t\u00edtulos de deuda.<\/p>\n<p>Sin embargo, el proceso contempla el llamado <strong>&#8220;derecho a primera propuesta&#8221; que le permite a Mindlin negociar de manera exclusiva su ingreso<\/strong> como nuevo due\u00f1o de Loma Negra junto a otro grupo de acreedores.<\/p>\n<p><img data-recalc-dims=\"1\" loading=\"lazy\" decoding=\"async\" class=\"alignnone size-full wp-image-52318 aligncenter\" src=\"https:\/\/i0.wp.com\/cdnoticias.com\/wp-content\/uploads\/2022\/04\/lamali-loma-negra-9.jpeg?resize=800%2C445&#038;ssl=1\" alt=\"\" width=\"800\" height=\"445\" srcset=\"https:\/\/i0.wp.com\/cdnoticias.com\/wp-content\/uploads\/2022\/04\/lamali-loma-negra-9.jpeg?w=800&amp;ssl=1 800w, https:\/\/i0.wp.com\/cdnoticias.com\/wp-content\/uploads\/2022\/04\/lamali-loma-negra-9.jpeg?resize=300%2C167&amp;ssl=1 300w, https:\/\/i0.wp.com\/cdnoticias.com\/wp-content\/uploads\/2022\/04\/lamali-loma-negra-9.jpeg?resize=768%2C427&amp;ssl=1 768w\" sizes=\"auto, (max-width: 800px) 100vw, 800px\" \/><\/p>\n<h3>Venta total o parcial<\/h3>\n<p>Si el due\u00f1o de Pampa Energ\u00eda lleva a cabo este proceso, InterCement no puede recibir ninguna otra oferta por Loma Negra por un precio inferior al que realice el empresario argentino dentro de per\u00edodo de 18 meses luego de recibir esa iniciativa.<\/p>\n<p>En todos los casos, el Consejo de Administraci\u00f3n de InterCement conducir\u00e1 el procedimiento de venta hasta el 30 de septiembre del 2028, en los t\u00e9rminos establecidos en el plan de recuperaci\u00f3n global y siempre que el precio de venta sea superior a u$s500 millones o proporcionalmente superior a esa cifra.<\/p>\n<p>Luego, a partir del 1\u00ba de octubre de 2028 y si no se vendi\u00f3 la totalidad de las acciones de Loma Negra, los titulares de acciones participativas de la cementera o de t\u00edtulos convertibles tendr\u00e1n derecho a conducir el procedimiento de venta de la cementera.<\/p>\n<p>Dentro del proceso se establece que la venta de Loma Negra podr\u00e1 ser efectivizada por medio del traspaso total o de una parte de las acciones o de acciones de una o m\u00e1s sociedades directa o indirectamente due\u00f1as de t\u00edtulos de la cementera.<\/p>\n<p>Todo indica que el grupo Emes, presidido por el propio Mindlin, ser\u00e1 el futuro propietario del 54% de Loma Negra que todav\u00eda controla InterCement, tras haber comprado parte de la deuda que mantiene la empresa, que asciende a u$s1.800 millones.<\/p>\n<p>Fuente:<em> iProfesional<\/em><\/p>\n","protected":false},"excerpt":{"rendered":"<p>Junto a otro grupo de acreedores, acaba de tomar el control de InterCement, el holding del pa\u00eds vecino que es<\/p>\n","protected":false},"author":4,"featured_media":125745,"comment_status":"closed","ping_status":"closed","sticky":false,"template":"","format":"standard","meta":{"_jetpack_memberships_contains_paid_content":false,"footnotes":""},"categories":[5,1],"tags":[],"class_list":["post-184466","post","type-post","status-publish","format-standard","has-post-thumbnail","hentry","category-informacion-general","category-portada"],"jetpack_featured_media_url":"https:\/\/i0.wp.com\/cdnoticias.com\/wp-content\/uploads\/2024\/09\/loma-negra-calle.jpg?fit=800%2C445&ssl=1","jetpack_sharing_enabled":true,"_links":{"self":[{"href":"https:\/\/cdnoticias.com\/index.php\/wp-json\/wp\/v2\/posts\/184466","targetHints":{"allow":["GET"]}}],"collection":[{"href":"https:\/\/cdnoticias.com\/index.php\/wp-json\/wp\/v2\/posts"}],"about":[{"href":"https:\/\/cdnoticias.com\/index.php\/wp-json\/wp\/v2\/types\/post"}],"author":[{"embeddable":true,"href":"https:\/\/cdnoticias.com\/index.php\/wp-json\/wp\/v2\/users\/4"}],"replies":[{"embeddable":true,"href":"https:\/\/cdnoticias.com\/index.php\/wp-json\/wp\/v2\/comments?post=184466"}],"version-history":[{"count":0,"href":"https:\/\/cdnoticias.com\/index.php\/wp-json\/wp\/v2\/posts\/184466\/revisions"}],"wp:featuredmedia":[{"embeddable":true,"href":"https:\/\/cdnoticias.com\/index.php\/wp-json\/wp\/v2\/media\/125745"}],"wp:attachment":[{"href":"https:\/\/cdnoticias.com\/index.php\/wp-json\/wp\/v2\/media?parent=184466"}],"wp:term":[{"taxonomy":"category","embeddable":true,"href":"https:\/\/cdnoticias.com\/index.php\/wp-json\/wp\/v2\/categories?post=184466"},{"taxonomy":"post_tag","embeddable":true,"href":"https:\/\/cdnoticias.com\/index.php\/wp-json\/wp\/v2\/tags?post=184466"}],"curies":[{"name":"wp","href":"https:\/\/api.w.org\/{rel}","templated":true}]}}