{"id":184462,"date":"2025-10-07T10:07:30","date_gmt":"2025-10-07T13:07:30","guid":{"rendered":"https:\/\/cdnoticias.com\/?p=184462"},"modified":"2025-10-07T12:33:25","modified_gmt":"2025-10-07T15:33:25","slug":"doble-robo-a-otro-repartidor-en-la-misma-zona-donde-le-dispararon-a-javier-frias","status":"publish","type":"post","link":"https:\/\/cdnoticias.com\/index.php\/2025\/10\/07\/doble-robo-a-otro-repartidor-en-la-misma-zona-donde-le-dispararon-a-javier-frias\/","title":{"rendered":"Doble robo a otro repartidor en la misma zona donde le dispararon a Javier Fr\u00edas"},"content":{"rendered":"<p>Unos momentos antes del violento hecho que sufri\u00f3 el concejal, un repartidor fue v\u00edctima sucesivamente de un hurto y un asalto con arma de fuego. La Polic\u00eda recuper\u00f3 parte de lo que le sustrajeron.<!--more--><\/p>\n<hr \/>\n<p><strong>Este s\u00e1bado por la ma\u00f1ana<\/strong> el <strong>violento robo que sufri\u00f3 el concejal Javier Fr\u00edas<\/strong> conmovi\u00f3 a la ciudad: <a href=\"https:\/\/cdnoticias.com\/index.php\/2025\/10\/04\/en-un-asalto-en-barrio-independencia-hirieron-al-concejal-javier-frias\/\" target=\"_blank\" rel=\"noopener\">recibi\u00f3 un disparo en Azopardo al 1700<\/a> cuando trabajaba en el reparto de su panader\u00eda. <strong>Minutos antes, otro repartidor fue tambi\u00e9n v\u00edctima de los delincuentes en esa misma zona<\/strong>: primero fue <strong>un hurto y luego un asalto<\/strong>.<\/p>\n<blockquote><p><strong>Central de Noticias<\/strong> habl\u00f3 con el hombre, quien pidi\u00f3 reserva de su identidad. Explic\u00f3 que inicialmente le sustrajeron una caja con mercader\u00eda de su cami\u00f3n y muy poco despu\u00e9s, fue abordado por dos asaltantes armados quienes le robaron unos 200 mil pesos en efectivo y m\u00e1s mercader\u00eda.<\/p><\/blockquote>\n<p>Parte de lo robado fue recuperado. El hombre indic\u00f3 que <strong>la Polic\u00eda le devolvi\u00f3 parte de la mercader\u00eda sustra\u00edda<\/strong>, aunque aclar\u00f3 que se trata de una porci\u00f3n menor y que no puede volver a venderse, ya que se trata de alimentos.<\/p>\n<blockquote class=\"wp-embedded-content\" data-secret=\"guvmpi6rll\"><p><a href=\"https:\/\/cdnoticias.com\/index.php\/2025\/10\/04\/el-municipio-lanzo-un-comunicado-y-confirmo-el-hecho-delictivo-en-el-barrio-independencia\/\">El Municipio lanz\u00f3 un comunicado y confirm\u00f3 el hecho delictivo en el barrio Independencia<\/a><\/p><\/blockquote>\n<p><iframe loading=\"lazy\" class=\"wp-embedded-content\" sandbox=\"allow-scripts\" security=\"restricted\" style=\"position: absolute; visibility: hidden;\" title=\"&#8220;El Municipio lanz\u00f3 un comunicado y confirm\u00f3 el hecho delictivo en el barrio Independencia&#8221; &#8212; Central de Noticias | Olavarr\u00eda\" src=\"https:\/\/cdnoticias.com\/index.php\/2025\/10\/04\/el-municipio-lanzo-un-comunicado-y-confirmo-el-hecho-delictivo-en-el-barrio-independencia\/embed\/#?secret=mWekSLoZcw#?secret=guvmpi6rll\" data-secret=\"guvmpi6rll\" width=\"600\" height=\"338\" frameborder=\"0\" marginwidth=\"0\" marginheight=\"0\" scrolling=\"no\"><\/iframe><\/p>\n<h3>Doble robo<\/h3>\n<p><strong>\u201cLo que pas\u00f3 fue un robo nom\u00e1s, hicieron un asalto a mano armada ah\u00ed nom\u00e1s. Pero no pas\u00f3 m\u00e1s de eso\u201d<\/strong> expres\u00f3 el hombre en la entrevista con <strong>Central de Noticias<\/strong> quien <em>busc\u00f3 destacar que Javier Fr\u00edas se llev\u00f3 la peor parte<\/em> en esta serie de delitos registrados<strong> en el mismo sector del barrio Independencia<\/strong> sobre calle Azopardo.<\/p>\n<p>Con<strong> diferencia de una cuadra<\/strong> en su actividad de <strong>reparto de fiambres, quesos y l\u00e1cteos para la firma Global Alimento<\/strong>s, informalmente conocida como \u201cSancor\u201d, al trabajador<strong> le robaron dos veces fuera de dos comercios<\/strong>.<em> \u201cUnos minutos antes del robo, me roban una caja de mercader\u00edas, donde le pegaron el tiro a esta persona. Y a la cuadra me robaron a m\u00ed, afuera de un cliente, en plena calle. Despu\u00e9s pas\u00f3 lo de los tiros\u201d<\/em> resumi\u00f3 la sucesi\u00f3n de hechos.<\/p>\n<p><strong>En Azopardo al 1700 le sustrajeron una caja de mercader\u00eda del cami\u00f3n<\/strong> mientras el hombre estaba dentro del comercio. Cuando volvi\u00f3 a subirse a su veh\u00edculo advirti\u00f3 el faltante. Sigui\u00f3 hasta <strong>su pr\u00f3xima parada, en la cuadra siguiente<\/strong>, donde ingres\u00f3 a otro comercio. Al salir <strong>fue abordado por dos personas, una de ellas armada.<\/strong><\/p>\n<blockquote><p>\u201cSe me vienen dos personas. Tienen 20, 25 a\u00f1os. Se levanta la remera, y bueno, veo que tiene el arma. Yo atin\u00e9 a que no me haga nada, que se lleve lo que tenga. Me rob\u00f3 plata, primero. No s\u00e9 si vio que era poco o qu\u00e9. Y de ah\u00ed me empuj\u00f3, y me dijo `\u00bfqu\u00e9 ten\u00e9s atr\u00e1s?\u00b4. Le dije que son fiambres y quesos. Me empuj\u00f3 para atr\u00e1s, le abr\u00ed la puerta y termin\u00f3 sacando una bandeja con un par de fiambres m\u00e1s y queso. As\u00ed la agarr\u00f3 y se la llev\u00f3 caminando lo m\u00e1s tranquilo\u201d relat\u00f3 sobre c\u00f3mo sucedi\u00f3 el asalto.<\/p><\/blockquote>\n<p><strong>Este lunes, la v\u00edctima recibi\u00f3 un llamado de la Polic\u00eda<\/strong> para informarle que hab\u00edan recuperado parte de lo sustra\u00eddo. <strong>\u201cMe dan las cosas que me hab\u00edan robado y que hay pertenencias de lo que me falt\u00f3 primero\u201d<\/strong> explic\u00f3 para se\u00f1alar que se trat\u00f3 de <strong>elementos de los dos robos sucesivos<\/strong>.<\/p>\n<p>Estim\u00f3 que <strong>fue \u201cla mitad de las cosas\u201d lo que recuperaron y que no hab\u00eda nada de los alrededor de 200 mil pesos sustra\u00eddos<\/strong>. \u201cPor ejemplo, de un queso de cuatro kilos, me dieron medio kilo. La barra que pesa cuatro kilos, me dieron un kilo. Del feteado de jam\u00f3n cocido, de 20 kilos me dieron 4 o 5 fetas, nada m\u00e1s. <strong>Han hecho un allanamiento y encontraron las cosas, porque la marca del queso y todo eso coincide\u201d<\/strong>. El repartido aclar\u00f3 que se trata de <strong>mercader\u00eda que no puede volver a ser vendida.<\/strong><\/p>\n<h3>\u201cUna zona complicada\u201d<\/h3>\n<blockquote><p>El trabajador indic\u00f3 que este hecho fue el primer asalto que sufri\u00f3. \u201cEs una zona complicada, pero es la primera vez que me pasa. Hab\u00eda escuchado que hab\u00eda pasado otro robo, pero hac\u00eda bastante que no pasaba\u201d dijo.<\/p><\/blockquote>\n<p>Cont\u00f3 adem\u00e1s que<strong> otro repartidor de la misma empresa fue v\u00edctima de un asalto violento<\/strong>, tambi\u00e9n sufri\u00f3 un disparo de arma de fuego, pero que eso ocurri\u00f3 <strong>hace algunos a\u00f1os<\/strong>. No hay en la memoria reciente episodios de ese tipo.<\/p>\n<p>Asumi\u00f3 que <strong>los repartidores de mercader\u00eda \u201cestamos medio fichados<\/strong>, andamos con reparto, andamos con plata, y estamos en todo momento con el miedo ese\u201d. No obstante, subray\u00f3 que <strong>\u201cno viene pasando nada, entonces te sorprende. M\u00e1s cuando nunca te pasa\u201d<\/strong>.<\/p>\n","protected":false},"excerpt":{"rendered":"<p>Unos momentos antes del violento hecho que sufri\u00f3 el concejal, un repartidor fue v\u00edctima sucesivamente de un hurto y un<\/p>\n","protected":false},"author":4,"featured_media":184287,"comment_status":"closed","ping_status":"closed","sticky":false,"template":"","format":"standard","meta":{"_jetpack_memberships_contains_paid_content":false,"footnotes":""},"categories":[14,1],"tags":[],"class_list":["post-184462","post","type-post","status-publish","format-standard","has-post-thumbnail","hentry","category-policiales","category-portada"],"jetpack_featured_media_url":"https:\/\/i0.wp.com\/cdnoticias.com\/wp-content\/uploads\/2025\/10\/robo-barrio-independencia-concejal2.jpg?fit=900%2C506&ssl=1","jetpack_sharing_enabled":true,"_links":{"self":[{"href":"https:\/\/cdnoticias.com\/index.php\/wp-json\/wp\/v2\/posts\/184462","targetHints":{"allow":["GET"]}}],"collection":[{"href":"https:\/\/cdnoticias.com\/index.php\/wp-json\/wp\/v2\/posts"}],"about":[{"href":"https:\/\/cdnoticias.com\/index.php\/wp-json\/wp\/v2\/types\/post"}],"author":[{"embeddable":true,"href":"https:\/\/cdnoticias.com\/index.php\/wp-json\/wp\/v2\/users\/4"}],"replies":[{"embeddable":true,"href":"https:\/\/cdnoticias.com\/index.php\/wp-json\/wp\/v2\/comments?post=184462"}],"version-history":[{"count":0,"href":"https:\/\/cdnoticias.com\/index.php\/wp-json\/wp\/v2\/posts\/184462\/revisions"}],"wp:featuredmedia":[{"embeddable":true,"href":"https:\/\/cdnoticias.com\/index.php\/wp-json\/wp\/v2\/media\/184287"}],"wp:attachment":[{"href":"https:\/\/cdnoticias.com\/index.php\/wp-json\/wp\/v2\/media?parent=184462"}],"wp:term":[{"taxonomy":"category","embeddable":true,"href":"https:\/\/cdnoticias.com\/index.php\/wp-json\/wp\/v2\/categories?post=184462"},{"taxonomy":"post_tag","embeddable":true,"href":"https:\/\/cdnoticias.com\/index.php\/wp-json\/wp\/v2\/tags?post=184462"}],"curies":[{"name":"wp","href":"https:\/\/api.w.org\/{rel}","templated":true}]}}