{"id":184440,"date":"2025-10-06T20:16:00","date_gmt":"2025-10-06T23:16:00","guid":{"rendered":"https:\/\/cdnoticias.com\/?p=184440"},"modified":"2025-10-08T16:19:07","modified_gmt":"2025-10-08T19:19:07","slug":"capacitacion-regional-en-rescate-vehicular-reunio-a-mas-de-30-bomberos","status":"publish","type":"post","link":"https:\/\/cdnoticias.com\/index.php\/2025\/10\/06\/capacitacion-regional-en-rescate-vehicular-reunio-a-mas-de-30-bomberos\/","title":{"rendered":"Capacitaci\u00f3n regional en rescate vehicular reuni\u00f3 a m\u00e1s de 30 bomberos"},"content":{"rendered":"\n<p>M\u00e1s de 30 bomberos de distintos cuarteles de la Regi\u00f3n Centro Centro participaron el s\u00e1bado de una capacitaci\u00f3n integral en rescate vehicular, que combin\u00f3 instancias te\u00f3ricas y pr\u00e1cticas a lo largo de toda la jornada.<\/p>\n\n\n\n<hr class=\"wp-block-separator aligncenter has-alpha-channel-opacity\"\/>\n\n\n\n<p>Desde las 8:00 hasta las 17:00 horas se desarroll\u00f3 la <strong>Jornada Te\u00f3rica y Pr\u00e1ctica de Rescate Vehicular<\/strong>, organizada por el Departamento Regional de la especialidad. La actividad cont\u00f3 con una importante participaci\u00f3n de representantes de los cuerpos de Del Carril, General Alvear, Tapalqu\u00e9, Cachar\u00ed, Saladillo y Olavarr\u00eda.<\/p>\n\n\n\n<p>La instrucci\u00f3n estuvo a cargo del Ayudante de 1\u00b0 Justo Larrea y el Bombero Fernando Pol\u00edmeno, quienes abordaron contenidos relacionados con estabilizaci\u00f3n vehicular, uso de herramientas de rescate y t\u00e9cnicas de descarcelaci\u00f3n. Tras la exposici\u00f3n te\u00f3rica inicial, se realizaron distintos ejercicios pr\u00e1cticos en escenarios simulados, que permitieron aplicar los conocimientos adquiridos.<\/p>\n\n\n\n<figure class=\"wp-block-image size-large\"><img data-recalc-dims=\"1\" loading=\"lazy\" decoding=\"async\" width=\"800\" height=\"450\" src=\"https:\/\/i0.wp.com\/cdnoticias.com\/wp-content\/uploads\/2025\/10\/WhatsApp-Image-2025-10-06-at-20.12.53.jpeg?resize=800%2C450&#038;ssl=1\" alt=\"\" class=\"wp-image-184441\" srcset=\"https:\/\/i0.wp.com\/cdnoticias.com\/wp-content\/uploads\/2025\/10\/WhatsApp-Image-2025-10-06-at-20.12.53.jpeg?resize=1024%2C576&amp;ssl=1 1024w, https:\/\/i0.wp.com\/cdnoticias.com\/wp-content\/uploads\/2025\/10\/WhatsApp-Image-2025-10-06-at-20.12.53.jpeg?resize=300%2C169&amp;ssl=1 300w, https:\/\/i0.wp.com\/cdnoticias.com\/wp-content\/uploads\/2025\/10\/WhatsApp-Image-2025-10-06-at-20.12.53.jpeg?resize=768%2C432&amp;ssl=1 768w, https:\/\/i0.wp.com\/cdnoticias.com\/wp-content\/uploads\/2025\/10\/WhatsApp-Image-2025-10-06-at-20.12.53.jpeg?resize=1536%2C864&amp;ssl=1 1536w, https:\/\/i0.wp.com\/cdnoticias.com\/wp-content\/uploads\/2025\/10\/WhatsApp-Image-2025-10-06-at-20.12.53.jpeg?w=1600&amp;ssl=1 1600w\" sizes=\"auto, (max-width: 800px) 100vw, 800px\" \/><\/figure>\n\n\n\n<p>La jornada fue coordinada por la <strong>Direcci\u00f3n Zonal y Regional de Capacitaci\u00f3n<\/strong>, a cargo de los Suboficiales Alejandro Cotignola y Edgardo Igarz\u00e1bal, y cont\u00f3 con la presencia del <strong>Subdirector Federativo de Capacitaci\u00f3n, Comandante Mayor Javier Dom\u00ednguez<\/strong>, como autoridad de contralor federativo.<\/p>\n\n\n\n<p>En representaci\u00f3n del Cuerpo de Bomberos Voluntarios de Olavarr\u00eda participaron el Suboficial Mayor Marcel Vuksinik y los bomberos Daniel Cabrera, Cristian Coronel, Marcelo Oqui\u00f1ena, Adriel Carballo y Santiago Ferreira.<\/p>\n\n\n\n<p>Desde la Asociaci\u00f3n de Bomberos Voluntarios de Olavarr\u00eda destacaron la relevancia de estas instancias de formaci\u00f3n, esenciales para fortalecer el trabajo coordinado y mejorar la respuesta operativa ante emergencias vehiculares, reforzando as\u00ed el compromiso con la capacitaci\u00f3n continua en toda la regi\u00f3n.<\/p>\n","protected":false},"excerpt":{"rendered":"<p>M\u00e1s de 30 bomberos de distintos cuarteles de la Regi\u00f3n Centro Centro participaron el s\u00e1bado de una capacitaci\u00f3n integral en<\/p>\n","protected":false},"author":2,"featured_media":184442,"comment_status":"closed","ping_status":"closed","sticky":false,"template":"","format":"standard","meta":{"_jetpack_memberships_contains_paid_content":false,"footnotes":""},"categories":[5,1],"tags":[],"class_list":["post-184440","post","type-post","status-publish","format-standard","has-post-thumbnail","hentry","category-informacion-general","category-portada"],"jetpack_featured_media_url":"https:\/\/i0.wp.com\/cdnoticias.com\/wp-content\/uploads\/2025\/10\/WhatsApp-Image-2025-10-06-at-20.12.52-e1759792541921.jpeg?fit=1597%2C733&ssl=1","jetpack_sharing_enabled":true,"_links":{"self":[{"href":"https:\/\/cdnoticias.com\/index.php\/wp-json\/wp\/v2\/posts\/184440","targetHints":{"allow":["GET"]}}],"collection":[{"href":"https:\/\/cdnoticias.com\/index.php\/wp-json\/wp\/v2\/posts"}],"about":[{"href":"https:\/\/cdnoticias.com\/index.php\/wp-json\/wp\/v2\/types\/post"}],"author":[{"embeddable":true,"href":"https:\/\/cdnoticias.com\/index.php\/wp-json\/wp\/v2\/users\/2"}],"replies":[{"embeddable":true,"href":"https:\/\/cdnoticias.com\/index.php\/wp-json\/wp\/v2\/comments?post=184440"}],"version-history":[{"count":0,"href":"https:\/\/cdnoticias.com\/index.php\/wp-json\/wp\/v2\/posts\/184440\/revisions"}],"wp:featuredmedia":[{"embeddable":true,"href":"https:\/\/cdnoticias.com\/index.php\/wp-json\/wp\/v2\/media\/184442"}],"wp:attachment":[{"href":"https:\/\/cdnoticias.com\/index.php\/wp-json\/wp\/v2\/media?parent=184440"}],"wp:term":[{"taxonomy":"category","embeddable":true,"href":"https:\/\/cdnoticias.com\/index.php\/wp-json\/wp\/v2\/categories?post=184440"},{"taxonomy":"post_tag","embeddable":true,"href":"https:\/\/cdnoticias.com\/index.php\/wp-json\/wp\/v2\/tags?post=184440"}],"curies":[{"name":"wp","href":"https:\/\/api.w.org\/{rel}","templated":true}]}}