{"id":184436,"date":"2025-10-06T20:10:43","date_gmt":"2025-10-06T23:10:43","guid":{"rendered":"https:\/\/cdnoticias.com\/?p=184436"},"modified":"2025-10-06T20:10:44","modified_gmt":"2025-10-06T23:10:44","slug":"maria-angelica-olondo-de-mondragon-q-e-p-d","status":"publish","type":"post","link":"https:\/\/cdnoticias.com\/index.php\/2025\/10\/06\/maria-angelica-olondo-de-mondragon-q-e-p-d\/","title":{"rendered":"Mar\u00eda Ang\u00e9lica Olondo de Mondrag\u00f3n (Q.E.P.D.)"},"content":{"rendered":"\n<hr class=\"wp-block-separator aligncenter has-alpha-channel-opacity\"\/>\n\n\n\n<p>Falleci\u00f3 en Olavarr\u00eda el 6 de octubre de 2025 a los 92 a\u00f1os. Su esposo Manuel Alberto Mondrag\u00f3n. Sus hijos Juan Manuel y Mart\u00edn Mondrag\u00f3n. Sus hijas pol\u00edticas Noelia Garc\u00eda y Anal\u00eda Poggi. Sus nietos Valentina, Juan Ignacio, Joaqu\u00edn, Santiago y Manuel Mondrag\u00f3n. Sus sobrinos y dem\u00e1s deudos participan su fallecimiento.<\/p>\n\n\n\n<p>Sus restos ser\u00e1n velados en la Sala de Espa\u00f1a 2942, departamento \u201cF\u201d, este martes desde las 09:00 horas. El responso se realizar\u00e1 en la Capilla Ardiente e inhumados en el Cementerio Municipal a las 12:30 horas. Servicio adherido a Coopelectric.<\/p>\n\n\n\n<p>Vecina de barrio Microcentro, jubilada.<\/p>\n\n\n\n<p><\/p>\n","protected":false},"excerpt":{"rendered":"<p>Falleci\u00f3 en Olavarr\u00eda el 6 de octubre de 2025 a los 92 a\u00f1os. Su esposo Manuel Alberto Mondrag\u00f3n. Sus hijos<\/p>\n","protected":false},"author":2,"featured_media":100390,"comment_status":"closed","ping_status":"closed","sticky":false,"template":"","format":"standard","meta":{"_jetpack_memberships_contains_paid_content":false,"footnotes":""},"categories":[10],"tags":[],"class_list":["post-184436","post","type-post","status-publish","format-standard","has-post-thumbnail","hentry","category-necrologicas"],"jetpack_featured_media_url":"https:\/\/i0.wp.com\/cdnoticias.com\/wp-content\/uploads\/2023\/10\/necrologicas-390-x-240.jpg?fit=390%2C240&ssl=1","jetpack_sharing_enabled":true,"_links":{"self":[{"href":"https:\/\/cdnoticias.com\/index.php\/wp-json\/wp\/v2\/posts\/184436","targetHints":{"allow":["GET"]}}],"collection":[{"href":"https:\/\/cdnoticias.com\/index.php\/wp-json\/wp\/v2\/posts"}],"about":[{"href":"https:\/\/cdnoticias.com\/index.php\/wp-json\/wp\/v2\/types\/post"}],"author":[{"embeddable":true,"href":"https:\/\/cdnoticias.com\/index.php\/wp-json\/wp\/v2\/users\/2"}],"replies":[{"embeddable":true,"href":"https:\/\/cdnoticias.com\/index.php\/wp-json\/wp\/v2\/comments?post=184436"}],"version-history":[{"count":0,"href":"https:\/\/cdnoticias.com\/index.php\/wp-json\/wp\/v2\/posts\/184436\/revisions"}],"wp:featuredmedia":[{"embeddable":true,"href":"https:\/\/cdnoticias.com\/index.php\/wp-json\/wp\/v2\/media\/100390"}],"wp:attachment":[{"href":"https:\/\/cdnoticias.com\/index.php\/wp-json\/wp\/v2\/media?parent=184436"}],"wp:term":[{"taxonomy":"category","embeddable":true,"href":"https:\/\/cdnoticias.com\/index.php\/wp-json\/wp\/v2\/categories?post=184436"},{"taxonomy":"post_tag","embeddable":true,"href":"https:\/\/cdnoticias.com\/index.php\/wp-json\/wp\/v2\/tags?post=184436"}],"curies":[{"name":"wp","href":"https:\/\/api.w.org\/{rel}","templated":true}]}}