{"id":184434,"date":"2025-10-06T20:00:42","date_gmt":"2025-10-06T23:00:42","guid":{"rendered":"https:\/\/cdnoticias.com\/?p=184434"},"modified":"2025-10-08T16:19:14","modified_gmt":"2025-10-08T19:19:14","slug":"el-consejo-escolar-realizara-dos-actos-publicos-para-la-designacion-de-personal-auxiliar","status":"publish","type":"post","link":"https:\/\/cdnoticias.com\/index.php\/2025\/10\/06\/el-consejo-escolar-realizara-dos-actos-publicos-para-la-designacion-de-personal-auxiliar\/","title":{"rendered":"El Consejo Escolar realizar\u00e1 dos actos p\u00fablicos para la designaci\u00f3n de personal auxiliar"},"content":{"rendered":"\n<p>Las convocatorias se llevar\u00e1n a cabo este martes 7 de octubre en distintos espacios. Los actos ser\u00e1n presenciales y est\u00e1n dirigidos a reemplazantes del listado vigente.<\/p>\n\n\n\n<hr class=\"wp-block-separator aligncenter has-alpha-channel-opacity\"\/>\n\n\n\n<p>El Consejo Escolar informa que <strong>el pr\u00f3ximo martes 7 de octubre de 2025, se realizar\u00e1n dos actos p\u00fablicos presenciales para la designaci\u00f3n de personal auxiliar en distintos establecimientos educativos del distrito.<\/strong><\/p>\n\n\n\n<p>El primer acto se llevar\u00e1 a cabo a las<strong> 8.30 horas en las instalaciones del Consejo Escolar. Participar\u00e1n auxiliares reemplazantes incluidos en el Listado 2025, quienes no cuenten con reemplazo activo al momento de tomar el nuevo cargo.<\/strong><\/p>\n\n\n\n<p><strong>Cargos a designar:<\/strong><\/p>\n\n\n\n<p>Establecimiento: MS N\u00b014<\/p>\n\n\n\n<p>Domicilio: Del Valle y Piedras<\/p>\n\n\n\n<p>Cargo: Portera<\/p>\n\n\n\n<p>Horario: 8.00 a 14.00 hs<\/p>\n\n\n\n<p>Hasta: 20\/10\/2025<\/p>\n\n\n\n<p>Establecimiento: PP N\u00b076<\/p>\n\n\n\n<p>Domicilio: Barrio Jard\u00edn<\/p>\n\n\n\n<p>Cargo: Portera<\/p>\n\n\n\n<p>Horario: 12.45 a 18.45 hs<\/p>\n\n\n\n<p>Hasta: 16\/10\/2025<\/p>\n\n\n\n<p><strong>El segundo acto p\u00fablico se realizar\u00e1 el mismo d\u00eda, martes 7 de octubre, a las 9.30 horas, en el SUM de la Escuela Primaria N\u00b017, ubicada en Alsina 2417. <\/strong>En esta oportunidad, se proceder\u00e1 a la designaci\u00f3n de personal auxiliar temporario transitorio, correspondiente al Listado B\u00e1sico 2024\/2025.<\/p>\n\n\n\n<p><strong>Cargos a designar:<\/strong><\/p>\n\n\n\n<p>Establecimiento: MS N\u00b013<\/p>\n\n\n\n<p>Domicilio: Villa Aurora<\/p>\n\n\n\n<p>Cargo: Ayudante de cocina<\/p>\n\n\n\n<p>Horario: 8.00 a 14.00 hs<\/p>\n\n\n\n<p>Establecimiento: PP N\u00b047<\/p>\n\n\n\n<p>Domicilio: Paraje El Porvenir<\/p>\n\n\n\n<p>Cargo: Portera\/o<\/p>\n\n\n\n<p>Horario: 7.00 a 13.00 hs<\/p>\n","protected":false},"excerpt":{"rendered":"<p>Las convocatorias se llevar\u00e1n a cabo este martes 7 de octubre en distintos espacios. Los actos ser\u00e1n presenciales y est\u00e1n<\/p>\n","protected":false},"author":2,"featured_media":113129,"comment_status":"closed","ping_status":"closed","sticky":false,"template":"","format":"standard","meta":{"_jetpack_memberships_contains_paid_content":false,"footnotes":""},"categories":[5,1],"tags":[],"class_list":["post-184434","post","type-post","status-publish","format-standard","has-post-thumbnail","hentry","category-informacion-general","category-portada"],"jetpack_featured_media_url":"https:\/\/i0.wp.com\/cdnoticias.com\/wp-content\/uploads\/2024\/04\/consejo-escolar.jpg?fit=1029%2C656&ssl=1","jetpack_sharing_enabled":true,"_links":{"self":[{"href":"https:\/\/cdnoticias.com\/index.php\/wp-json\/wp\/v2\/posts\/184434","targetHints":{"allow":["GET"]}}],"collection":[{"href":"https:\/\/cdnoticias.com\/index.php\/wp-json\/wp\/v2\/posts"}],"about":[{"href":"https:\/\/cdnoticias.com\/index.php\/wp-json\/wp\/v2\/types\/post"}],"author":[{"embeddable":true,"href":"https:\/\/cdnoticias.com\/index.php\/wp-json\/wp\/v2\/users\/2"}],"replies":[{"embeddable":true,"href":"https:\/\/cdnoticias.com\/index.php\/wp-json\/wp\/v2\/comments?post=184434"}],"version-history":[{"count":0,"href":"https:\/\/cdnoticias.com\/index.php\/wp-json\/wp\/v2\/posts\/184434\/revisions"}],"wp:featuredmedia":[{"embeddable":true,"href":"https:\/\/cdnoticias.com\/index.php\/wp-json\/wp\/v2\/media\/113129"}],"wp:attachment":[{"href":"https:\/\/cdnoticias.com\/index.php\/wp-json\/wp\/v2\/media?parent=184434"}],"wp:term":[{"taxonomy":"category","embeddable":true,"href":"https:\/\/cdnoticias.com\/index.php\/wp-json\/wp\/v2\/categories?post=184434"},{"taxonomy":"post_tag","embeddable":true,"href":"https:\/\/cdnoticias.com\/index.php\/wp-json\/wp\/v2\/tags?post=184434"}],"curies":[{"name":"wp","href":"https:\/\/api.w.org\/{rel}","templated":true}]}}