{"id":184396,"date":"2025-10-06T14:40:26","date_gmt":"2025-10-06T17:40:26","guid":{"rendered":"https:\/\/cdnoticias.com\/?p=184396"},"modified":"2025-10-06T14:40:28","modified_gmt":"2025-10-06T17:40:28","slug":"desde-el-pro-de-olavarria-expresaron-preocupacion-y-solidaridad-con-javier-frias","status":"publish","type":"post","link":"https:\/\/cdnoticias.com\/index.php\/2025\/10\/06\/desde-el-pro-de-olavarria-expresaron-preocupacion-y-solidaridad-con-javier-frias\/","title":{"rendered":"Desde el PRO de Olavarr\u00eda expresaron \u201cpreocupaci\u00f3n y solidaridad\u201d con Javier Fr\u00edas"},"content":{"rendered":"<p>A trav\u00e9s de un comunicado se expres\u00f3 la agrupaci\u00f3n partidaria. \u201cEste hecho nos conmueve y obliga a reflexionar como sociedad\u201d agregaron.<!--more--><\/p>\n<hr \/>\n<p>El <strong>s\u00e1bado por la ma\u00f1ana<\/strong> <a href=\"https:\/\/cdnoticias.com\/index.php\/2025\/10\/04\/en-un-asalto-en-barrio-independencia-hirieron-al-concejal-javier-frias\/\" target=\"_blank\" rel=\"noopener\">el concejal del bloque Juntos por Olavarr\u00eda, Javier Fr\u00edas, fue<\/a><strong><a href=\"_wp_link_placeholder\"> v\u00edctima de un hecho delictivo<\/a> y result\u00f3 herido<\/strong> de un disparo de arma de fuego que lo mantiene <strong>internado actualmente en una cl\u00ednica privada<\/strong>.<\/p>\n<blockquote><p>El Pro Olavarr\u00eda se pronunci\u00f3 este lunes sobre el caso: \u201cdesde nuestro espacio pol\u00edtico expresamos nuestra profunda preocupaci\u00f3n y solidaridad con el concejal Javier Fr\u00edas, quien fue v\u00edctima de un violento asalto en el que recibi\u00f3 un disparo. Acompa\u00f1amos a Javier, a su familia y a sus seres queridos en este momento, deseando su pronta recuperaci\u00f3n\u201d.<\/p><\/blockquote>\n<blockquote class=\"twitter-tweet\">\n<p lang=\"es\" dir=\"ltr\">Desde nuestro espacio reiteramos nuestra solidaridad con el concejal Javier Fr\u00edas, integrante del equipo y quien fuera v\u00edctima de un violento asalto el d\u00eda s\u00e1bado en el que recibi\u00f3 un disparo.<\/p>\n<p>&mdash; PRO Olavarr\u00eda (@OlavarriaPro) <a href=\"https:\/\/twitter.com\/OlavarriaPro\/status\/1975230992605409314?ref_src=twsrc%5Etfw\">October 6, 2025<\/a><\/p><\/blockquote>\n<p> <script async src=\"https:\/\/platform.twitter.com\/widgets.js\" charset=\"utf-8\"><\/script><\/p>\n<p>Sostuvieron que \u201ceste hecho <strong>nos conmueve y obliga a reflexionar como sociedad<\/strong>. La inseguridad atraviesa a todos los sectores, sin distinciones, y requiere respuestas serias, sostenidas y coordinadas, lejos de la indiferencia o el aprovechamiento pol\u00edtico\u201d.<\/p>\n<p>Por \u00faltimo, solicitaron \u201ca las autoridades <strong>que se investigue el hecho con la mayor celeridad posible\u201d<\/strong>.<\/p>\n","protected":false},"excerpt":{"rendered":"<p>A trav\u00e9s de un comunicado se expres\u00f3 la agrupaci\u00f3n partidaria. \u201cEste hecho nos conmueve y obliga a reflexionar como sociedad\u201d<\/p>\n","protected":false},"author":4,"featured_media":172146,"comment_status":"closed","ping_status":"closed","sticky":false,"template":"","format":"standard","meta":{"_jetpack_memberships_contains_paid_content":false,"footnotes":""},"categories":[4,1],"tags":[],"class_list":["post-184396","post","type-post","status-publish","format-standard","has-post-thumbnail","hentry","category-politica","category-portada"],"jetpack_featured_media_url":"https:\/\/i0.wp.com\/cdnoticias.com\/wp-content\/uploads\/2025\/05\/HCD-sesion-22-de-mayo-00.jpg?fit=800%2C445&ssl=1","jetpack_sharing_enabled":true,"_links":{"self":[{"href":"https:\/\/cdnoticias.com\/index.php\/wp-json\/wp\/v2\/posts\/184396","targetHints":{"allow":["GET"]}}],"collection":[{"href":"https:\/\/cdnoticias.com\/index.php\/wp-json\/wp\/v2\/posts"}],"about":[{"href":"https:\/\/cdnoticias.com\/index.php\/wp-json\/wp\/v2\/types\/post"}],"author":[{"embeddable":true,"href":"https:\/\/cdnoticias.com\/index.php\/wp-json\/wp\/v2\/users\/4"}],"replies":[{"embeddable":true,"href":"https:\/\/cdnoticias.com\/index.php\/wp-json\/wp\/v2\/comments?post=184396"}],"version-history":[{"count":0,"href":"https:\/\/cdnoticias.com\/index.php\/wp-json\/wp\/v2\/posts\/184396\/revisions"}],"wp:featuredmedia":[{"embeddable":true,"href":"https:\/\/cdnoticias.com\/index.php\/wp-json\/wp\/v2\/media\/172146"}],"wp:attachment":[{"href":"https:\/\/cdnoticias.com\/index.php\/wp-json\/wp\/v2\/media?parent=184396"}],"wp:term":[{"taxonomy":"category","embeddable":true,"href":"https:\/\/cdnoticias.com\/index.php\/wp-json\/wp\/v2\/categories?post=184396"},{"taxonomy":"post_tag","embeddable":true,"href":"https:\/\/cdnoticias.com\/index.php\/wp-json\/wp\/v2\/tags?post=184396"}],"curies":[{"name":"wp","href":"https:\/\/api.w.org\/{rel}","templated":true}]}}