{"id":184394,"date":"2025-10-06T12:49:04","date_gmt":"2025-10-06T15:49:04","guid":{"rendered":"https:\/\/cdnoticias.com\/?p=184394"},"modified":"2025-10-06T17:28:24","modified_gmt":"2025-10-06T20:28:24","slug":"espert-tambien-renuncio-a-la-comision-de-presupuesto-de-la-camara-de-diputados","status":"publish","type":"post","link":"https:\/\/cdnoticias.com\/index.php\/2025\/10\/06\/espert-tambien-renuncio-a-la-comision-de-presupuesto-de-la-camara-de-diputados\/","title":{"rendered":"Espert tambi\u00e9n renunci\u00f3 a la Comisi\u00f3n de Presupuesto de la C\u00e1mara de Diputados"},"content":{"rendered":"\n<p>El legislador oficialista present\u00f3 este lunes una nota a Mart\u00edn Menem. La oposici\u00f3n presionaba para forzar su salida tras el esc\u00e1ndalo desatado por su relaci\u00f3n con Fred Machado.<\/p>\n\n\n\n<hr class=\"wp-block-separator has-alpha-channel-opacity\"\/>\n\n\n\n<p>Jos\u00e9 Luis Espert <strong>renunci\u00f3 a la Comisi\u00f3n de Presupuesto y Hacienda de la C\u00e1mara de Diputados.<\/strong> La decisi\u00f3n<strong> fue oficializada en la ma\u00f1ana de este lunes<\/strong>, a trav\u00e9s de una nota presentada ante el presidente de la C\u00e1mara, Mart\u00edn Menem.<\/p>\n\n\n\n<p><\/p>\n\n\n\n<p>Espert <strong>no s\u00f3lo integraba la Comisi\u00f3n de Presupuesto, tambi\u00e9n la presid\u00eda, <\/strong>y la oposici\u00f3n pretend\u00eda su salida por los v\u00ednculos del diputado libertario con el empresario Fred Machado, sospechado en una causa de narcotr\u00e1fico en Estados Unidos.<\/p>\n\n\n\n<p><\/p>\n\n\n\n<p>Este fin de semana,<a href=\"https:\/\/cdnoticias.com\/index.php\/2025\/10\/05\/jose-luis-espert-renuncio-a-su-candidatura-a-diputado-por-la-libertad-avanza\/\" data-type=\"link\" data-id=\"https:\/\/cdnoticias.com\/index.php\/2025\/10\/05\/jose-luis-espert-renuncio-a-su-candidatura-a-diputado-por-la-libertad-avanza\/\"> Espert declin\u00f3 su postulaci\u00f3n a diputado nacional por la provincia de Buenos Aires.<\/a><\/p>\n\n\n\n<p><\/p>\n\n\n\n<p><em>Fuente: Infobae.<\/em><\/p>\n","protected":false},"excerpt":{"rendered":"<p>El legislador oficialista present\u00f3 este lunes una nota a Mart\u00edn Menem. La oposici\u00f3n presionaba para forzar su salida tras el<\/p>\n","protected":false},"author":5,"featured_media":183901,"comment_status":"closed","ping_status":"closed","sticky":false,"template":"","format":"standard","meta":{"_jetpack_memberships_contains_paid_content":false,"footnotes":""},"categories":[6,1],"tags":[],"class_list":["post-184394","post","type-post","status-publish","format-standard","has-post-thumbnail","hentry","category-nacionales","category-portada"],"jetpack_featured_media_url":"https:\/\/i0.wp.com\/cdnoticias.com\/wp-content\/uploads\/2025\/09\/diego-santilli-ezequiel-galli-jose-luis-espert-01.jpg?fit=1000%2C556&ssl=1","jetpack_sharing_enabled":true,"_links":{"self":[{"href":"https:\/\/cdnoticias.com\/index.php\/wp-json\/wp\/v2\/posts\/184394","targetHints":{"allow":["GET"]}}],"collection":[{"href":"https:\/\/cdnoticias.com\/index.php\/wp-json\/wp\/v2\/posts"}],"about":[{"href":"https:\/\/cdnoticias.com\/index.php\/wp-json\/wp\/v2\/types\/post"}],"author":[{"embeddable":true,"href":"https:\/\/cdnoticias.com\/index.php\/wp-json\/wp\/v2\/users\/5"}],"replies":[{"embeddable":true,"href":"https:\/\/cdnoticias.com\/index.php\/wp-json\/wp\/v2\/comments?post=184394"}],"version-history":[{"count":0,"href":"https:\/\/cdnoticias.com\/index.php\/wp-json\/wp\/v2\/posts\/184394\/revisions"}],"wp:featuredmedia":[{"embeddable":true,"href":"https:\/\/cdnoticias.com\/index.php\/wp-json\/wp\/v2\/media\/183901"}],"wp:attachment":[{"href":"https:\/\/cdnoticias.com\/index.php\/wp-json\/wp\/v2\/media?parent=184394"}],"wp:term":[{"taxonomy":"category","embeddable":true,"href":"https:\/\/cdnoticias.com\/index.php\/wp-json\/wp\/v2\/categories?post=184394"},{"taxonomy":"post_tag","embeddable":true,"href":"https:\/\/cdnoticias.com\/index.php\/wp-json\/wp\/v2\/tags?post=184394"}],"curies":[{"name":"wp","href":"https:\/\/api.w.org\/{rel}","templated":true}]}}