{"id":184385,"date":"2025-10-06T11:38:43","date_gmt":"2025-10-06T14:38:43","guid":{"rendered":"https:\/\/cdnoticias.com\/?p=184385"},"modified":"2025-10-06T11:38:45","modified_gmt":"2025-10-06T14:38:45","slug":"legislativas-el-juez-ramos-padilla-decidira-si-se-reimprimen-las-boletas","status":"publish","type":"post","link":"https:\/\/cdnoticias.com\/index.php\/2025\/10\/06\/legislativas-el-juez-ramos-padilla-decidira-si-se-reimprimen-las-boletas\/","title":{"rendered":"Legislativas: el juez Ramos Padilla decidir\u00e1 si se reimprimen las boletas"},"content":{"rendered":"<p>Con la renuncia de Espert, el Gobierno busca que Diego Santilli encabece la lista de La Libertad Avanza. \u201cSi el juez dice que tiene que pagarlo LLA, tendr\u00e1 que pagarlo LLA\u201d dijo Guillermo Francos.<!--more--><\/p>\n<hr \/>\n<p>La <strong>renuncia de Jos\u00e9 Luis Espert<\/strong> a su <strong>candidatura a diputado nacional por La Libertad Avanza<\/strong> en la provincia de Buenos Aires supone <strong>una serie de problemas para el proceso electoral<\/strong> y para el partido violeta: <strong>las boletas para los votantes, el costo de una eventual reimpresi\u00f3n y el rearmado de la lista de candidatos<\/strong>. En todas las decisiones intervendr\u00e1 el <strong>juez federal de La Plata Alejo Ramos Padilla<\/strong>.<\/p>\n<p>La compleja pulseada pol\u00edtica y judicial a menos de veinte d\u00edas de las elecciones generales <a href=\"https:\/\/cdnoticias.com\/index.php\/2025\/10\/05\/jose-luis-espert-renuncio-a-su-candidatura-a-diputado-por-la-libertad-avanza\/\" target=\"_blank\" rel=\"noopener\">qued\u00f3 abierta este domingo por la tarde<\/a>. Ser\u00e1 el juez federal de La Plata quien defina si accede a la <strong>reimpresi\u00f3n de las boletas, situaci\u00f3n que se ve como muy complicada<\/strong>.<\/p>\n<p>Aunque <strong>el oficialismo anunci\u00f3 que Diego Santilli encabezar\u00e1 la boleta libertaria<\/strong>, fuentes de la Justicia Electoral advierten que <strong>los tiempos legales y presupuestarios hacen \u201ccasi imposible\u201d reimprimir<\/strong> las boletas \u00fanicas de papel (BUP) que <strong>ya comenzaron a distribuirse<\/strong> en el distrito m\u00e1s grande del pa\u00eds.<\/p>\n<p>La decisi\u00f3n final estar\u00e1 en manos del juez federal con competencia electoral en La Plata, Alejo Ramos Padilla, quien deber\u00e1 evaluar si corresponde ordenar una reimpresi\u00f3n completa de las boletas bonaerenses, con <strong>un costo estimado en 12 millones de d\u00f3lares<\/strong>.<\/p>\n<blockquote><p>\u201cVeo imposible hacer todas las boletas de nuevo\u201d, sostuvo una fuente judicial, que record\u00f3 que el 70% del material ya fue impreso y que la Junta Electoral provincial carece de fondos para afrontar esa tarea.<\/p><\/blockquote>\n<h4>Reimprimir las boletas<\/h4>\n<p>Vale destacar que <strong>Boldt Impresores<\/strong>, que se encargar\u00e1 del 34% de las boletas del pa\u00eds, tiene a cargo la confecci\u00f3n del 40% de las papeletas de la provincia de Buenos Aires. Mientras que el 60% restante recay\u00f3 en <strong>Artes Gr\u00e1ficas del Litoral<\/strong>.<\/p>\n<p>En la Justicia recuerdan que <strong>cualquier modificaci\u00f3n requerir\u00eda una nueva audiencia con todas las fuerzas pol\u00edticas<\/strong> que compiten el 26 de octubre, lo que tornar\u00eda el tr\u00e1mite inviable por los plazos. Adem\u00e1s,<strong> ya comenz\u00f3 el fraccionamiento y despliegue del material electoral<\/strong> en las secciones Primera y Tercera del territorio bonaerense con m\u00e1s de 10 millones de electores habilitados.<\/p>\n<p>Reimprimir el total de las boletas no solo demandar\u00eda tiempo, sino tambi\u00e9n recursos. Seg\u00fan estimaciones oficiales, <strong>el proceso tendr\u00eda un costo cercano a los 15.000 millones de pesos<\/strong>, equivalentes a unos 12 millones de d\u00f3lares. A ello se suma la <strong>necesidad de destruir las papeletas ya impresas, aprobar nuevos modelos y validar las fotos de los candidatos<\/strong>, pasos que deben contar con el visto bueno judicial.<\/p>\n<blockquote class=\"wp-embedded-content\" data-secret=\"7HQy09ag3d\"><p><a href=\"https:\/\/cdnoticias.com\/index.php\/2025\/09\/29\/legislativas-nacionales-2025-como-votar-con-la-boleta-unica-papel\/\">Legislativas nacionales 2025: c\u00f3mo votar con la Boleta \u00danica Papel<\/a><\/p><\/blockquote>\n<p><iframe loading=\"lazy\" class=\"wp-embedded-content\" sandbox=\"allow-scripts\" security=\"restricted\" style=\"position: absolute; visibility: hidden;\" title=\"&#8220;Legislativas nacionales 2025: c\u00f3mo votar con la Boleta \u00danica Papel&#8221; &#8212; Central de Noticias | Olavarr\u00eda\" src=\"https:\/\/cdnoticias.com\/index.php\/2025\/09\/29\/legislativas-nacionales-2025-como-votar-con-la-boleta-unica-papel\/embed\/#?secret=RVUnK4aSrv#?secret=7HQy09ag3d\" data-secret=\"7HQy09ag3d\" width=\"600\" height=\"338\" frameborder=\"0\" marginwidth=\"0\" marginheight=\"0\" scrolling=\"no\"><\/iframe><\/p>\n<h4>El pedido del Gobierno<\/h4>\n<blockquote><p>Desde la Direcci\u00f3n Nacional Electoral (DINE), a cargo de Mar\u00eda Luz Land\u00edvar, indicaron que cualquier decisi\u00f3n sobre las boletas depende del juez Ramos Padilla. \u201cNo buscamos la reimpresi\u00f3n -aclararon en la Casa Rosada-, es una consecuencia jur\u00eddica de la renuncia. Lo importante es cuidar la voluntad del votante\u201d.<\/p><\/blockquote>\n<p>Pese a la resistencia judicial,<strong> el oficialismo conf\u00eda en que podr\u00e1 conseguir una resoluci\u00f3n favorable<\/strong> en los pr\u00f3ximos d\u00edas. Si el magistrado platense se opone, el Gobierno ya anticip\u00f3 que<strong> apelar\u00e1 ante la C\u00e1mara Nacional Electoral<\/strong>, con la esperanza de lograr una autorizaci\u00f3n contrarreloj.<\/p>\n<p>En los pr\u00f3ximos d\u00edas, el juez Ramos Padilla deber\u00e1 definir si habilita el cambio o si la boleta de La Libertad Avanza en la provincia m\u00e1s grande del pa\u00eds seguir\u00e1 mostrando, parad\u00f3jicamente, el rostro de un candidato que ya dio un paso al costado.<\/p>\n<h4>\u00bfUn pago desde el partido?<\/h4>\n<p>En paralelo, desde el Gobierno nacional reconocieron que <strong>LLA se har\u00eda cargo de los 12.000 millones de d\u00f3lares que saldr\u00eda la reimpresi\u00f3n<\/strong>.<\/p>\n<p><img data-recalc-dims=\"1\" loading=\"lazy\" decoding=\"async\" class=\"alignnone size-full wp-image-117223 aligncenter\" src=\"https:\/\/i0.wp.com\/cdnoticias.com\/wp-content\/uploads\/2024\/05\/guillermo-francos.jpg?resize=800%2C445&#038;ssl=1\" alt=\"\" width=\"800\" height=\"445\" srcset=\"https:\/\/i0.wp.com\/cdnoticias.com\/wp-content\/uploads\/2024\/05\/guillermo-francos.jpg?w=800&amp;ssl=1 800w, https:\/\/i0.wp.com\/cdnoticias.com\/wp-content\/uploads\/2024\/05\/guillermo-francos.jpg?resize=300%2C167&amp;ssl=1 300w, https:\/\/i0.wp.com\/cdnoticias.com\/wp-content\/uploads\/2024\/05\/guillermo-francos.jpg?resize=768%2C427&amp;ssl=1 768w\" sizes=\"auto, (max-width: 800px) 100vw, 800px\" \/><\/p>\n<p>\u201cHoy se har\u00e1 la presentaci\u00f3n judicial y el juez ver\u00e1 si dan los plazos para reimprimir boletas diferentes. Hay una parte impresa y una parte que no. Si dieran los tiempos, porque <strong>el proceso no es solo la impresi\u00f3n sino un cronograma de armar las bolsas, que vayan a la Justicia, es un proceso complicado&#8221;<\/strong>, dijo el <strong>jefe de Gabinete, Guillermo Francos<\/strong>.<\/p>\n<blockquote><p>En cuanto al costo, \u201ctendr\u00e1 que ver el juez c\u00f3mo se procede. Si el juez dice que tiene que pagarlo LLA, tendr\u00e1 que pagarlo LLA\u201d, a\u00f1adi\u00f3 Francos. Remarc\u00f3 que el partido no cuenta con el dinero necesario, pero, en caso de tener que desembolsar la suma, lo har\u00e1n a trav\u00e9s de \u201capoyos y donaciones\u201d.<\/p><\/blockquote>\n<blockquote class=\"instagram-media\" style=\"background: #FFF; border: 0; border-radius: 3px; box-shadow: 0 0 1px 0 rgba(0,0,0,0.5),0 1px 10px 0 rgba(0,0,0,0.15); margin: 1px; max-width: 540px; min-width: 326px; padding: 0; width: calc(100% - 2px);\" data-instgrm-permalink=\"https:\/\/www.instagram.com\/p\/DPc4Q5KDdHP\/?utm_source=ig_embed&amp;utm_campaign=loading\" data-instgrm-version=\"14\">\n<div style=\"padding: 16px;\">\n<div style=\"display: flex; flex-direction: row; align-items: center;\">\n<div style=\"background-color: #f4f4f4; border-radius: 50%; flex-grow: 0; height: 40px; margin-right: 14px; width: 40px;\"><\/div>\n<div style=\"display: flex; flex-direction: column; flex-grow: 1; justify-content: center;\">\n<div style=\"background-color: #f4f4f4; border-radius: 4px; flex-grow: 0; height: 14px; margin-bottom: 6px; width: 100px;\"><\/div>\n<div style=\"background-color: #f4f4f4; border-radius: 4px; flex-grow: 0; height: 14px; width: 60px;\"><\/div>\n<\/div>\n<\/div>\n<div style=\"padding: 19% 0;\"><\/div>\n<div style=\"display: block; height: 50px; margin: 0 auto 12px; width: 50px;\"><\/div>\n<div style=\"padding-top: 8px;\">\n<div style=\"color: #3897f0; font-family: Arial,sans-serif; font-size: 14px; font-style: normal; font-weight: 550; line-height: 18px;\">Ver esta publicaci\u00f3n en Instagram<\/div>\n<\/div>\n<div style=\"padding: 12.5% 0;\"><\/div>\n<div style=\"display: flex; flex-direction: row; margin-bottom: 14px; align-items: center;\">\n<div>\n<div style=\"background-color: #f4f4f4; border-radius: 50%; height: 12.5px; width: 12.5px; transform: translateX(0px) translateY(7px);\"><\/div>\n<div style=\"background-color: #f4f4f4; height: 12.5px; transform: rotate(-45deg) translateX(3px) translateY(1px); width: 12.5px; flex-grow: 0; margin-right: 14px; margin-left: 2px;\"><\/div>\n<div style=\"background-color: #f4f4f4; border-radius: 50%; height: 12.5px; width: 12.5px; transform: translateX(9px) translateY(-18px);\"><\/div>\n<\/div>\n<div style=\"margin-left: 8px;\">\n<div style=\"background-color: #f4f4f4; border-radius: 50%; flex-grow: 0; height: 20px; width: 20px;\"><\/div>\n<div style=\"width: 0; height: 0; border-top: 2px solid transparent; border-left: 6px solid #f4f4f4; border-bottom: 2px solid transparent; transform: translateX(16px) translateY(-4px) rotate(30deg);\"><\/div>\n<\/div>\n<div style=\"margin-left: auto;\">\n<div style=\"width: 0px; border-top: 8px solid #F4F4F4; border-right: 8px solid transparent; transform: translateY(16px);\"><\/div>\n<div style=\"background-color: #f4f4f4; flex-grow: 0; height: 12px; width: 16px; transform: translateY(-4px);\"><\/div>\n<div style=\"width: 0; height: 0; border-top: 8px solid #F4F4F4; border-left: 8px solid transparent; transform: translateY(-4px) translateX(8px);\"><\/div>\n<\/div>\n<\/div>\n<div style=\"display: flex; flex-direction: column; flex-grow: 1; justify-content: center; margin-bottom: 24px;\">\n<div style=\"background-color: #f4f4f4; border-radius: 4px; flex-grow: 0; height: 14px; margin-bottom: 6px; width: 224px;\"><\/div>\n<div style=\"background-color: #f4f4f4; border-radius: 4px; flex-grow: 0; height: 14px; width: 144px;\"><\/div>\n<\/div>\n<p style=\"color: #c9c8cd; font-family: Arial,sans-serif; font-size: 14px; line-height: 17px; margin-bottom: 0; margin-top: 8px; overflow: hidden; padding: 8px 0 7px; text-align: center; text-overflow: ellipsis; white-space: nowrap;\"><a style=\"color: #c9c8cd; font-family: Arial,sans-serif; font-size: 14px; font-style: normal; font-weight: normal; line-height: 17px; text-decoration: none;\" href=\"https:\/\/www.instagram.com\/p\/DPc4Q5KDdHP\/?utm_source=ig_embed&amp;utm_campaign=loading\" target=\"_blank\" rel=\"noopener\">Una publicaci\u00f3n compartida por Ezequiel Galli (@galliezequiel)<\/a><\/p>\n<\/div>\n<\/blockquote>\n<p><script async src=\"\/\/www.instagram.com\/embed.js\"><\/script><\/p>\n<h4>El primer lugar vacante<\/h4>\n<p>La otra decisi\u00f3n que debe tomar Ramos Padilla es<strong> si finalmente Diego Santilli ocupar\u00e1 el primer lugar de la lista<\/strong>, mientras que Karen Reichardt quedar\u00e1 como segunda candidata.<\/p>\n<p>El decreto 171\/2019, que <strong>regula la paridad de g\u00e9nero en las listas electorales<\/strong>, dispone que <strong>si un candidato renuncia, su lugar debe ser ocupado por la persona del mismo g\u00e9nero<\/strong> que le sigue en el orden. Es por eso que Santilli ser\u00eda el primero.<\/p>\n<p>Sin embargo, algunos expertos judiciales sostienen que<em> este art\u00edculo fue pensado principalmente para garantizar la paridad de g\u00e9nero cuando la cabeza de lista es mujer<\/em>. Por eso todo depender\u00e1 del criterio que adopte la Justicia electoral.<\/p>\n<p>Fuente: <em>Agencia DIB<\/em><\/p>\n","protected":false},"excerpt":{"rendered":"<p>Con la renuncia de Espert, el Gobierno busca que Diego Santilli encabece la lista de La Libertad Avanza. \u201cSi el<\/p>\n","protected":false},"author":4,"featured_media":183785,"comment_status":"closed","ping_status":"closed","sticky":false,"template":"","format":"standard","meta":{"_jetpack_memberships_contains_paid_content":false,"footnotes":""},"categories":[6,1],"tags":[],"class_list":["post-184385","post","type-post","status-publish","format-standard","has-post-thumbnail","hentry","category-nacionales","category-portada"],"jetpack_featured_media_url":"https:\/\/i0.wp.com\/cdnoticias.com\/wp-content\/uploads\/2025\/09\/boleta-unica-papel-00.jpg?fit=1000%2C556&ssl=1","jetpack_sharing_enabled":true,"_links":{"self":[{"href":"https:\/\/cdnoticias.com\/index.php\/wp-json\/wp\/v2\/posts\/184385","targetHints":{"allow":["GET"]}}],"collection":[{"href":"https:\/\/cdnoticias.com\/index.php\/wp-json\/wp\/v2\/posts"}],"about":[{"href":"https:\/\/cdnoticias.com\/index.php\/wp-json\/wp\/v2\/types\/post"}],"author":[{"embeddable":true,"href":"https:\/\/cdnoticias.com\/index.php\/wp-json\/wp\/v2\/users\/4"}],"replies":[{"embeddable":true,"href":"https:\/\/cdnoticias.com\/index.php\/wp-json\/wp\/v2\/comments?post=184385"}],"version-history":[{"count":0,"href":"https:\/\/cdnoticias.com\/index.php\/wp-json\/wp\/v2\/posts\/184385\/revisions"}],"wp:featuredmedia":[{"embeddable":true,"href":"https:\/\/cdnoticias.com\/index.php\/wp-json\/wp\/v2\/media\/183785"}],"wp:attachment":[{"href":"https:\/\/cdnoticias.com\/index.php\/wp-json\/wp\/v2\/media?parent=184385"}],"wp:term":[{"taxonomy":"category","embeddable":true,"href":"https:\/\/cdnoticias.com\/index.php\/wp-json\/wp\/v2\/categories?post=184385"},{"taxonomy":"post_tag","embeddable":true,"href":"https:\/\/cdnoticias.com\/index.php\/wp-json\/wp\/v2\/tags?post=184385"}],"curies":[{"name":"wp","href":"https:\/\/api.w.org\/{rel}","templated":true}]}}