{"id":184374,"date":"2025-10-06T16:01:16","date_gmt":"2025-10-06T19:01:16","guid":{"rendered":"https:\/\/cdnoticias.com\/?p=184374"},"modified":"2025-10-06T19:15:11","modified_gmt":"2025-10-06T22:15:11","slug":"reclamo-salarial-paro-total-en-camuzzi-este-martes","status":"publish","type":"post","link":"https:\/\/cdnoticias.com\/index.php\/2025\/10\/06\/reclamo-salarial-paro-total-en-camuzzi-este-martes\/","title":{"rendered":"Reclamo salarial: paro total en Camuzzi este martes"},"content":{"rendered":"<p>No habr\u00e1 atenci\u00f3n al p\u00fablico ni operaciones. La medida de fuerza se dar\u00e1 en paralelo a una movilizaci\u00f3n de Stigas y las audiencias p\u00fablicas en ENARGAS.<!--more--><\/p>\n<hr \/>\n<p><a href=\"https:\/\/cdnoticias.com\/index.php\/2025\/09\/23\/trabajadoras-y-trabajadores-de-camuzzi-gas-movilizaran-a-buenos-aires\/\" target=\"_blank\" rel=\"noopener\">Tal como se hab\u00eda informado<\/a>, las <strong>trabajadoras y trabajadores de la distribuidora de gas Camuzzi<\/strong> que opera en distintas regiones del pa\u00eds, entre ellas Olavarr\u00eda, anunciaron <strong>una movilizaci\u00f3n a la Ciudad de Buenos Aires para este martes.<\/strong><\/p>\n<blockquote><p>En ese marco, se dio a conocer que tambi\u00e9n este martes habr\u00e1 un paro total de actividades en la distribuidora Camuzzi. No habr\u00e1 atenci\u00f3n al p\u00fablico en las oficinas ni operaciones.<\/p><\/blockquote>\n<p>Estas medidas de fuerza coincidir\u00e1n con las <strong>audiencias p\u00fablicas convocadas por el Ente Nacional Regulador del Gas (ENARGAS)<\/strong>.<\/p>\n<p>\u201cLa protesta busca poner de manifiesto la <strong>contradicci\u00f3n entre la situaci\u00f3n financiera de la empresa<\/strong>, que atraviesa uno de sus momentos m\u00e1s favorables en la historia, <strong>y la realidad de su plantel laboral<\/strong>\u201d sostuvo el <strong>secretario general del sindicato Stigas de Bah\u00eda Blanca, Pablo Van Den Heuvel<\/strong>, quien adem\u00e1s es secretario gremial de FETIGNRA.<\/p>\n<p>Agreg\u00f3 que \u201clos adicionales del Convenio Colectivo de Trabajo, que constituyen un salario indirecto, permanecen sin actualizaci\u00f3n y han quedado muy desfasados frente al costo de vida\u201d. Indic\u00f3 que <strong>\u201cla empresa interrumpi\u00f3 la negociaci\u00f3n paritaria el mes pasado, y las propuestas acercadas no compensan la p\u00e9rdida salarial acumulada frente a la inflaci\u00f3n\u201d<\/strong>.<\/p>\n<p>Stigas convoc\u00f3 a la manifestaci\u00f3n a realizarse en CABA y el paro de trabajadores que afectar\u00e1 directamente en Olavarr\u00eda.<\/p>\n","protected":false},"excerpt":{"rendered":"<p>No habr\u00e1 atenci\u00f3n al p\u00fablico ni operaciones. La medida de fuerza se dar\u00e1 en paralelo a una movilizaci\u00f3n de Stigas<\/p>\n","protected":false},"author":4,"featured_media":183151,"comment_status":"closed","ping_status":"closed","sticky":false,"template":"","format":"standard","meta":{"_jetpack_memberships_contains_paid_content":false,"footnotes":""},"categories":[5,1],"tags":[],"class_list":["post-184374","post","type-post","status-publish","format-standard","has-post-thumbnail","hentry","category-informacion-general","category-portada"],"jetpack_featured_media_url":"https:\/\/i0.wp.com\/cdnoticias.com\/wp-content\/uploads\/2025\/09\/stigas-camuzzi-00.jpg?fit=1000%2C556&ssl=1","jetpack_sharing_enabled":true,"_links":{"self":[{"href":"https:\/\/cdnoticias.com\/index.php\/wp-json\/wp\/v2\/posts\/184374","targetHints":{"allow":["GET"]}}],"collection":[{"href":"https:\/\/cdnoticias.com\/index.php\/wp-json\/wp\/v2\/posts"}],"about":[{"href":"https:\/\/cdnoticias.com\/index.php\/wp-json\/wp\/v2\/types\/post"}],"author":[{"embeddable":true,"href":"https:\/\/cdnoticias.com\/index.php\/wp-json\/wp\/v2\/users\/4"}],"replies":[{"embeddable":true,"href":"https:\/\/cdnoticias.com\/index.php\/wp-json\/wp\/v2\/comments?post=184374"}],"version-history":[{"count":0,"href":"https:\/\/cdnoticias.com\/index.php\/wp-json\/wp\/v2\/posts\/184374\/revisions"}],"wp:featuredmedia":[{"embeddable":true,"href":"https:\/\/cdnoticias.com\/index.php\/wp-json\/wp\/v2\/media\/183151"}],"wp:attachment":[{"href":"https:\/\/cdnoticias.com\/index.php\/wp-json\/wp\/v2\/media?parent=184374"}],"wp:term":[{"taxonomy":"category","embeddable":true,"href":"https:\/\/cdnoticias.com\/index.php\/wp-json\/wp\/v2\/categories?post=184374"},{"taxonomy":"post_tag","embeddable":true,"href":"https:\/\/cdnoticias.com\/index.php\/wp-json\/wp\/v2\/tags?post=184374"}],"curies":[{"name":"wp","href":"https:\/\/api.w.org\/{rel}","templated":true}]}}