{"id":18437,"date":"2021-04-09T20:04:59","date_gmt":"2021-04-09T23:04:59","guid":{"rendered":"http:\/\/www.centraldenoticias.com.ar\/?p=18437"},"modified":"2021-04-09T20:20:39","modified_gmt":"2021-04-09T23:20:39","slug":"este-lunes-llegaran-a-region-sanitaria-ix-mas-de-11-mil-vacunas-contra-la-gripe","status":"publish","type":"post","link":"https:\/\/cdnoticias.com\/index.php\/2021\/04\/09\/este-lunes-llegaran-a-region-sanitaria-ix-mas-de-11-mil-vacunas-contra-la-gripe\/","title":{"rendered":"Este lunes llegar\u00e1n a Regi\u00f3n Sanitaria IX m\u00e1s de 11 mil vacunas contra la gripe"},"content":{"rendered":"<p>Ser\u00e1n tanto pedi\u00e1tricas como para adultos, que ser\u00e1n distribuidas en Olavarr\u00eda y en cada uno de los municipios que conforman la regi\u00f3n con cabecera en Azul.<!--more--><\/p>\n<hr \/>\n<p>Sobre el cierre de la tarde de este viernes desde Regi\u00f3n Sanitaria IX se detall\u00f3 que en el inicio de la pr\u00f3xima semana estar\u00e1n recibiendo m\u00e1s de 11 mil dosis de vacunas antrigripales, que<strong> ser\u00e1n distribuidas en cada uno de los 10 municipios que conforman la regi\u00f3n que tiene su cabecera en Azul y que se encuentra liderada por el olavarriense Ramiro Borzi.<\/strong><\/p>\n<p>&nbsp;<\/p>\n<p>\u201cEl lunes pr\u00f3ximo arribar\u00e1n a #Regi\u00f3nSanitariaIX <strong>11.200 dosis de vacunas antigripales (pedi\u00e1tricas y de adultos) que ser\u00e1n distribuidas con el objetivo de inocular a vecinas y vecinos de los 10 Municipios\u201d<\/strong>, fue lo que se enfatiz\u00f3 a trav\u00e9s de las redes sociales, en una publicaci\u00f3n en la que tambi\u00e9n se \u201carrob\u00f3\u201d tanto al Ministro como al Viceministro de Salud Bonaerense, Daniel Goll\u00e1n y Nicol\u00e1s Kreplak respectivamente, adem\u00e1s de la cuenta institucional del Ministerio de Salud de la provincia de Buenos Aires.<\/p>\n<p>&nbsp;<\/p>\n<blockquote class=\"twitter-tweet\" data-width=\"550\" data-dnt=\"true\">\n<p lang=\"es\" dir=\"ltr\">El lunes pr\u00f3ximo arribar\u00e1n a <a href=\"https:\/\/twitter.com\/hashtag\/Regi%C3%B3nSanitariaIX?src=hash&amp;ref_src=twsrc%5Etfw\">#Regi\u00f3nSanitariaIX<\/a> 11.200 dosis de vacunas antigripales (pedi\u00e1tricas y de adultos) que ser\u00e1n distribuidas con el objetivo de inocular a vecinas y vecinos de los 10 Municipios.<a href=\"https:\/\/twitter.com\/SaludBAP?ref_src=twsrc%5Etfw\">@SaludBAP<\/a> <a href=\"https:\/\/twitter.com\/DrDanielGollan?ref_src=twsrc%5Etfw\">@DrDanielGollan<\/a> <a href=\"https:\/\/twitter.com\/nkreplak?ref_src=twsrc%5Etfw\">@nkreplak<\/a> <a href=\"https:\/\/twitter.com\/ramiroborzi?ref_src=twsrc%5Etfw\">@ramiroborzi<\/a> <a href=\"https:\/\/twitter.com\/redesyregiones?ref_src=twsrc%5Etfw\">@redesyregiones<\/a> <a href=\"https:\/\/t.co\/x4dWwjtZLM\">pic.twitter.com\/x4dWwjtZLM<\/a><\/p>\n<p>&mdash; @RegSanIX (@regsanix) <a href=\"https:\/\/twitter.com\/regsanix\/status\/1380648067481935872?ref_src=twsrc%5Etfw\">April 9, 2021<\/a><\/p><\/blockquote>\n<p><script async src=\"https:\/\/platform.twitter.com\/widgets.js\" charset=\"utf-8\"><\/script><\/p>\n<p>&nbsp;<\/p>\n<p>Vale recordar que la Regi\u00f3n Sanitaria IX se encuentra conformada, <strong>adem\u00e1s del distrito cabecera y nuestra ciudad, por los municipios de Laprida, La Madrid, Benito Ju\u00e1rez, Bol\u00edvar, Tapalqu\u00e9, General Alvear, Las Flores y Rauch.<\/strong><\/p>\n<p>&nbsp;<\/p>\n<p>D\u00edas atr\u00e1s desde la cartera bonaerense se hab\u00eda anticipado el inicio de la distribuci\u00f3n de dosis en el marco de la Campa\u00f1a Antigripal 2021. <strong>\u201cLa vacunaci\u00f3n antigripal se va a desarrollar en los centros habituales que cuenta cada municipio y la Provincia que, en mayor\u00eda, no son aquellos donde se est\u00e1 realizando la campa\u00f1a Covid\u201d<\/strong>, sostuvo en ese entonces el ministro Daniel Gollan.<\/p>\n<p>&nbsp;<\/p>\n<p>Se precis\u00f3, adem\u00e1s, que quienes recibir\u00e1n la vacuna ser\u00e1n <strong>personal de salud, embarazadas, pu\u00e9rperas (en caso de no haber recibido la vacuna durante el embarazo hay un lapso de hasta 10 d\u00edas despu\u00e9s de tener al beb\u00e9), ni\u00f1os de 6 a 24 meses (son dos dosis si nunca recibi\u00f3 antigripal), personas mayores de 64 a\u00f1os y personas de 2 a 64 a\u00f1os con factores de riesgo.<\/strong><\/p>\n","protected":false},"excerpt":{"rendered":"<p>Ser\u00e1n tanto pedi\u00e1tricas como para adultos, que ser\u00e1n distribuidas en Olavarr\u00eda y en cada uno de los municipios que conforman<\/p>\n","protected":false},"author":3,"featured_media":18439,"comment_status":"closed","ping_status":"closed","sticky":false,"template":"","format":"standard","meta":{"_jetpack_memberships_contains_paid_content":false,"footnotes":""},"categories":[5,1],"tags":[],"class_list":["post-18437","post","type-post","status-publish","format-standard","has-post-thumbnail","hentry","category-informacion-general","category-portada"],"jetpack_featured_media_url":"https:\/\/i0.wp.com\/cdnoticias.com\/wp-content\/uploads\/2021\/04\/vacuna-griipe-2-696x459.jpg?fit=696%2C459&ssl=1","jetpack_sharing_enabled":true,"_links":{"self":[{"href":"https:\/\/cdnoticias.com\/index.php\/wp-json\/wp\/v2\/posts\/18437","targetHints":{"allow":["GET"]}}],"collection":[{"href":"https:\/\/cdnoticias.com\/index.php\/wp-json\/wp\/v2\/posts"}],"about":[{"href":"https:\/\/cdnoticias.com\/index.php\/wp-json\/wp\/v2\/types\/post"}],"author":[{"embeddable":true,"href":"https:\/\/cdnoticias.com\/index.php\/wp-json\/wp\/v2\/users\/3"}],"replies":[{"embeddable":true,"href":"https:\/\/cdnoticias.com\/index.php\/wp-json\/wp\/v2\/comments?post=18437"}],"version-history":[{"count":0,"href":"https:\/\/cdnoticias.com\/index.php\/wp-json\/wp\/v2\/posts\/18437\/revisions"}],"wp:featuredmedia":[{"embeddable":true,"href":"https:\/\/cdnoticias.com\/index.php\/wp-json\/wp\/v2\/media\/18439"}],"wp:attachment":[{"href":"https:\/\/cdnoticias.com\/index.php\/wp-json\/wp\/v2\/media?parent=18437"}],"wp:term":[{"taxonomy":"category","embeddable":true,"href":"https:\/\/cdnoticias.com\/index.php\/wp-json\/wp\/v2\/categories?post=18437"},{"taxonomy":"post_tag","embeddable":true,"href":"https:\/\/cdnoticias.com\/index.php\/wp-json\/wp\/v2\/tags?post=18437"}],"curies":[{"name":"wp","href":"https:\/\/api.w.org\/{rel}","templated":true}]}}