{"id":184369,"date":"2025-10-06T10:00:47","date_gmt":"2025-10-06T13:00:47","guid":{"rendered":"https:\/\/cdnoticias.com\/?p=184369"},"modified":"2025-10-06T12:24:43","modified_gmt":"2025-10-06T15:24:43","slug":"los-despachos-de-cemento-tuvieron-una-leve-alza-en-septiembre","status":"publish","type":"post","link":"https:\/\/cdnoticias.com\/index.php\/2025\/10\/06\/los-despachos-de-cemento-tuvieron-una-leve-alza-en-septiembre\/","title":{"rendered":"Los despachos de cemento tuvieron una leve alza en septiembre"},"content":{"rendered":"<p>Son los datos que inform\u00f3 la Asociaci\u00f3n de Fabricantes. La suba fue 3,7% en comparaci\u00f3n con agosto.<!--more--><\/p>\n<hr \/>\n<p>Los<strong> despachos de cemento<\/strong> tuvieron<strong> una leve alza en septiembre<\/strong>, mes considerado dentro de la <strong>estacionalidad de crecimiento de ventas del sector<\/strong>. As\u00ed lo expone la <strong>Asociaci\u00f3n de Fabricantes de Cemento Portland (AFCP)<\/strong> que present\u00f3 los datos mensuales del pa\u00eds.<\/p>\n<blockquote><p>En el noveno mes del a\u00f1o se despacharon 922.327 toneladas de cemento lo que signific\u00f3 3,7% de aumento en comparaci\u00f3n con el mes de agosto y 0,5% m\u00e1s que en septiembre de 2024.<\/p><\/blockquote>\n<p><img data-recalc-dims=\"1\" loading=\"lazy\" decoding=\"async\" class=\"alignnone size-full wp-image-184370 aligncenter\" src=\"https:\/\/i0.wp.com\/cdnoticias.com\/wp-content\/uploads\/2025\/10\/despachos-de-cemento-septiembre-2025.jpg?resize=800%2C618&#038;ssl=1\" alt=\"\" width=\"800\" height=\"618\" srcset=\"https:\/\/i0.wp.com\/cdnoticias.com\/wp-content\/uploads\/2025\/10\/despachos-de-cemento-septiembre-2025.jpg?w=960&amp;ssl=1 960w, https:\/\/i0.wp.com\/cdnoticias.com\/wp-content\/uploads\/2025\/10\/despachos-de-cemento-septiembre-2025.jpg?resize=300%2C232&amp;ssl=1 300w, https:\/\/i0.wp.com\/cdnoticias.com\/wp-content\/uploads\/2025\/10\/despachos-de-cemento-septiembre-2025.jpg?resize=768%2C594&amp;ssl=1 768w\" sizes=\"auto, (max-width: 800px) 100vw, 800px\" \/><\/p>\n<p><strong>Entre enero y septiembre<\/strong> se despacharon 7.515.901 toneladas, lo que expone una<strong> suba de 7,4% con el acumulado del mismo periodo del a\u00f1o pasado<\/strong>. Este es el registro m\u00e1s alentador, aunque igualmente <strong>est\u00e1 muy por debajo para los registros al noveno mes del a\u00f1o de 2021<\/strong> (8,7 millones de toneladas), <strong>2022<\/strong> (9,7 millones) <strong>y 2023<\/strong> (9,5 millones de toneladas).<\/p>\n<p>En ese sentido, <strong>2025 se muestra con mejoras respecto de 2024<\/strong> para los despachos de cemento pero a\u00fan as\u00ed <strong>la ca\u00edda es notable respecto de los a\u00f1os anteriores, incluyendo el 2020<\/strong> de paralizaci\u00f3n de m\u00e1s de un mes por la pandemia de Covid-19.<\/p>\n<p>La producci\u00f3n cementera es de <strong>suma importancia para la econom\u00eda de Olavarr\u00eda y sus registros impactan de manera directa<\/strong>. En ese sentido, desde la Municipalidad se emiti\u00f3 d\u00edas pasados <a href=\"https:\/\/cdnoticias.com\/index.php\/2025\/10\/01\/en-el-mes-agosto-el-despacho-de-cemento-cayo-casi-6\/\">un informe que expone la preocupaci\u00f3n por la situaci\u00f3n del sector<\/a> y por su consecuente golpe a la recaudaci\u00f3n del erario p\u00fablico a trav\u00e9s del Derecho de Explotaci\u00f3n de Canteras. <strong>La baja impositiva se estim\u00f3 en 26% al mes de agosto, seg\u00fan pudo saber Central de Noticias.<\/strong><\/p>\n<p><img data-recalc-dims=\"1\" loading=\"lazy\" decoding=\"async\" class=\"alignnone size-full wp-image-184371 aligncenter\" src=\"https:\/\/i0.wp.com\/cdnoticias.com\/wp-content\/uploads\/2025\/10\/despachos-de-cemento-septiembre-2025-a.jpg?resize=800%2C616&#038;ssl=1\" alt=\"\" width=\"800\" height=\"616\" srcset=\"https:\/\/i0.wp.com\/cdnoticias.com\/wp-content\/uploads\/2025\/10\/despachos-de-cemento-septiembre-2025-a.jpg?w=963&amp;ssl=1 963w, https:\/\/i0.wp.com\/cdnoticias.com\/wp-content\/uploads\/2025\/10\/despachos-de-cemento-septiembre-2025-a.jpg?resize=300%2C231&amp;ssl=1 300w, https:\/\/i0.wp.com\/cdnoticias.com\/wp-content\/uploads\/2025\/10\/despachos-de-cemento-septiembre-2025-a.jpg?resize=768%2C592&amp;ssl=1 768w\" sizes=\"auto, (max-width: 800px) 100vw, 800px\" \/><\/p>\n","protected":false},"excerpt":{"rendered":"<p>Son los datos que inform\u00f3 la Asociaci\u00f3n de Fabricantes. La suba fue 3,7% en comparaci\u00f3n con agosto.<\/p>\n","protected":false},"author":4,"featured_media":134024,"comment_status":"closed","ping_status":"closed","sticky":false,"template":"","format":"standard","meta":{"_jetpack_memberships_contains_paid_content":false,"footnotes":""},"categories":[5,1],"tags":[],"class_list":["post-184369","post","type-post","status-publish","format-standard","has-post-thumbnail","hentry","category-informacion-general","category-portada"],"jetpack_featured_media_url":"https:\/\/i0.wp.com\/cdnoticias.com\/wp-content\/uploads\/2025\/01\/cementera-fabrica-cemento-00.jpg?fit=1000%2C556&ssl=1","jetpack_sharing_enabled":true,"_links":{"self":[{"href":"https:\/\/cdnoticias.com\/index.php\/wp-json\/wp\/v2\/posts\/184369","targetHints":{"allow":["GET"]}}],"collection":[{"href":"https:\/\/cdnoticias.com\/index.php\/wp-json\/wp\/v2\/posts"}],"about":[{"href":"https:\/\/cdnoticias.com\/index.php\/wp-json\/wp\/v2\/types\/post"}],"author":[{"embeddable":true,"href":"https:\/\/cdnoticias.com\/index.php\/wp-json\/wp\/v2\/users\/4"}],"replies":[{"embeddable":true,"href":"https:\/\/cdnoticias.com\/index.php\/wp-json\/wp\/v2\/comments?post=184369"}],"version-history":[{"count":0,"href":"https:\/\/cdnoticias.com\/index.php\/wp-json\/wp\/v2\/posts\/184369\/revisions"}],"wp:featuredmedia":[{"embeddable":true,"href":"https:\/\/cdnoticias.com\/index.php\/wp-json\/wp\/v2\/media\/134024"}],"wp:attachment":[{"href":"https:\/\/cdnoticias.com\/index.php\/wp-json\/wp\/v2\/media?parent=184369"}],"wp:term":[{"taxonomy":"category","embeddable":true,"href":"https:\/\/cdnoticias.com\/index.php\/wp-json\/wp\/v2\/categories?post=184369"},{"taxonomy":"post_tag","embeddable":true,"href":"https:\/\/cdnoticias.com\/index.php\/wp-json\/wp\/v2\/tags?post=184369"}],"curies":[{"name":"wp","href":"https:\/\/api.w.org\/{rel}","templated":true}]}}