{"id":184361,"date":"2025-10-06T08:40:09","date_gmt":"2025-10-06T11:40:09","guid":{"rendered":"https:\/\/cdnoticias.com\/?p=184361"},"modified":"2025-10-06T11:08:22","modified_gmt":"2025-10-06T14:08:22","slug":"wesner-se-reunio-con-cristina-fernandez","status":"publish","type":"post","link":"https:\/\/cdnoticias.com\/index.php\/2025\/10\/06\/wesner-se-reunio-con-cristina-fernandez\/","title":{"rendered":"Wesner se reuni\u00f3 con Cristina Fern\u00e1ndez"},"content":{"rendered":"<p>El intendente de Olavarr\u00eda asisti\u00f3 al domicilio de la ex presidenta junto a dirigentes de la regi\u00f3n. La situaci\u00f3n local y de construir una alternativa \u201cseria, clara y contundente hacia adelante\u201d.<!--more--><\/p>\n<hr \/>\n<p>El <strong>intendente de Olavarr\u00eda, Maximiliano Wesner<\/strong>, se reuni\u00f3<strong> con la ex presidenta Cristina Fern\u00e1ndez de Kirchner<\/strong> en su domicilio de San Jos\u00e9 1111, en la Ciudad de Buenos Aires, donde la ex mandataria<a href=\"https:\/\/cdnoticias.com\/index.php\/2025\/06\/17\/cristina-fernandez-de-kirchner-debera-cumplir-su-condena-en-su-domicilio-de-constitucion\/\" target=\"_blank\" rel=\"noopener\"> cumple condena por la causa Vialidad<\/a>.<\/p>\n<p>Del encuentro tambi\u00e9n particip\u00f3 el<strong> intendente de Azul, Nelson Sombra<\/strong>. Estuvieron tambi\u00e9n <strong>la jefa de Gabinete local, Mercedes Land\u00edvar; las senadoras provinciales electas por la S\u00e9ptima Mar\u00eda In\u00e9s Laurini de Azul y Evelyn D\u00edaz de Olavarr\u00eda; y el ex diputado provincial C\u00e9sar Valicenti<\/strong>.<\/p>\n<blockquote class=\"twitter-tweet\">\n<p lang=\"es\" dir=\"ltr\">Memoria, gratitud y esperanza <a href=\"https:\/\/twitter.com\/CFKArgentina?ref_src=twsrc%5Etfw\">@CFKArgentina<\/a>. Su fuerza y coraje nunca dejan de asombrar y es un orgullo ante la injusticia, la persecuci\u00f3n y la proscripci\u00f3n. <a href=\"https:\/\/t.co\/Ert12yIHaW\">pic.twitter.com\/Ert12yIHaW<\/a><\/p>\n<p>&mdash; Maximiliano Wesner (@MaximilianoWes4) <a href=\"https:\/\/twitter.com\/MaximilianoWes4\/status\/1974996006527025581?ref_src=twsrc%5Etfw\">October 6, 2025<\/a><\/p><\/blockquote>\n<p> <script async src=\"https:\/\/platform.twitter.com\/widgets.js\" charset=\"utf-8\"><\/script><\/p>\n<p><strong>Wesner comparti\u00f3 en sus redes una fotograf\u00eda<\/strong> del momento y escribi\u00f3:<strong> \u201cMemoria, gratitud y esperanza\u201d<\/strong> con elogios a Cristina Fern\u00e1ndez, <strong>\u201ces un orgullo ante la injusticia, la persecuci\u00f3n y la proscripci\u00f3n\u201d.<\/strong><\/p>\n<blockquote><p>Adem\u00e1s, se\u00f1al\u00f3 que durante la reuni\u00f3n abordaron \u201cla realidad que atraviesan nuestras ciudades y la certeza de que un modelo agotado no puede ofrecer futuro\u201d.<\/p><\/blockquote>\n<p>El jefe comunal a\u00f1adi\u00f3:<strong> \u201ces tiempo de construir una alternativa seria, clara y contundente hacia adelante\u201d<\/strong>.<\/p>\n","protected":false},"excerpt":{"rendered":"<p>El intendente de Olavarr\u00eda asisti\u00f3 al domicilio de la ex presidenta junto a dirigentes de la regi\u00f3n. La situaci\u00f3n local<\/p>\n","protected":false},"author":4,"featured_media":184362,"comment_status":"closed","ping_status":"closed","sticky":false,"template":"","format":"standard","meta":{"_jetpack_memberships_contains_paid_content":false,"footnotes":""},"categories":[4,1],"tags":[],"class_list":["post-184361","post","type-post","status-publish","format-standard","has-post-thumbnail","hentry","category-politica","category-portada"],"jetpack_featured_media_url":"https:\/\/i0.wp.com\/cdnoticias.com\/wp-content\/uploads\/2025\/10\/wesner-cristina-fernandez.jpg?fit=1000%2C556&ssl=1","jetpack_sharing_enabled":true,"_links":{"self":[{"href":"https:\/\/cdnoticias.com\/index.php\/wp-json\/wp\/v2\/posts\/184361","targetHints":{"allow":["GET"]}}],"collection":[{"href":"https:\/\/cdnoticias.com\/index.php\/wp-json\/wp\/v2\/posts"}],"about":[{"href":"https:\/\/cdnoticias.com\/index.php\/wp-json\/wp\/v2\/types\/post"}],"author":[{"embeddable":true,"href":"https:\/\/cdnoticias.com\/index.php\/wp-json\/wp\/v2\/users\/4"}],"replies":[{"embeddable":true,"href":"https:\/\/cdnoticias.com\/index.php\/wp-json\/wp\/v2\/comments?post=184361"}],"version-history":[{"count":0,"href":"https:\/\/cdnoticias.com\/index.php\/wp-json\/wp\/v2\/posts\/184361\/revisions"}],"wp:featuredmedia":[{"embeddable":true,"href":"https:\/\/cdnoticias.com\/index.php\/wp-json\/wp\/v2\/media\/184362"}],"wp:attachment":[{"href":"https:\/\/cdnoticias.com\/index.php\/wp-json\/wp\/v2\/media?parent=184361"}],"wp:term":[{"taxonomy":"category","embeddable":true,"href":"https:\/\/cdnoticias.com\/index.php\/wp-json\/wp\/v2\/categories?post=184361"},{"taxonomy":"post_tag","embeddable":true,"href":"https:\/\/cdnoticias.com\/index.php\/wp-json\/wp\/v2\/tags?post=184361"}],"curies":[{"name":"wp","href":"https:\/\/api.w.org\/{rel}","templated":true}]}}