{"id":184353,"date":"2025-10-05T20:00:21","date_gmt":"2025-10-05T23:00:21","guid":{"rendered":"https:\/\/cdnoticias.com\/?p=184353"},"modified":"2025-10-06T08:40:49","modified_gmt":"2025-10-06T11:40:49","slug":"jose-luis-espert-renuncio-a-su-candidatura-a-diputado-por-la-libertad-avanza","status":"publish","type":"post","link":"https:\/\/cdnoticias.com\/index.php\/2025\/10\/05\/jose-luis-espert-renuncio-a-su-candidatura-a-diputado-por-la-libertad-avanza\/","title":{"rendered":"Jos\u00e9 Luis Espert renunci\u00f3 a su candidatura a diputado por la Libertad Avanza"},"content":{"rendered":"\n<p>La salida fue confirmada este domingo con un posteo en sus redes sociales. Se da luego de la controversia en torno al pago de USD 200.000 que, seg\u00fan la Justicia de EEUU, el economista recibi\u00f3 en 2020 de una minera guatemalteca vinculada a Fred Machado, empresario investigado por narcotr\u00e1fico.&nbsp;<\/p>\n\n\n\n<hr class=\"wp-block-separator aligncenter has-alpha-channel-opacity\"\/>\n\n\n\n<p>Finalmente, pese a que en los \u00faltimos dos d\u00edas hab\u00eda ratificado su postulaci\u00f3n, y luego de dos semanas que tuvieron en vilo al Gobierno,<strong> Jos\u00e9 Luis Espert renunci\u00f3 a su candidatura a diputado nacional por la provincia de Buenos Aires,<\/strong> acorralado por las<strong> <\/strong><a href=\"https:\/\/cdnoticias.com\/index.php\/2025\/10\/02\/espert-volvio-a-evitar-responder-si-recibio-200-mil-dolares-de-un-empresario-vinculado-al-narcotrafico\/\" target=\"_blank\" rel=\"noreferrer noopener\">acusaciones de haber recibido un pago de USD 200 mil del empresario Fred Machado, investigado por narcotr\u00e1fico.<\/a><\/p>\n\n\n\n<p><\/p>\n\n\n\n<p>Lo hizo a trav\u00e9s de un <strong>posteo en su cuenta de la red social X, <\/strong>en donde cont\u00f3 que le present\u00f3 la dimisi\u00f3n al presidente Javier Milei, y este decidi\u00f3 aceptarla. <strong><em>\u201cDemostrar\u00e9 mi inocencia en la Justicia, sin fueros ni privilegios\u201d,<\/em><\/strong> escribi\u00f3 en un largo texto en la plataforma virtual. <\/p>\n\n\n\n<p><\/p>\n\n\n\n<p>La decisi\u00f3n de bajar al economista de la boleta libertaria fue fogoneada por las distintas l\u00edneas internas que conforman el gobierno de Javier Milei, quien fue su principal respaldo desde que estall\u00f3 el esc\u00e1ndalo.<\/p>\n\n\n\n<p><\/p>\n\n\n\n<p>Casi en simult\u00e1neo, <strong>el presidente comparti\u00f3 el mensaje del ahora ex candidato Espert y tambi\u00e9n expuso sus motivos<\/strong>: \u201c<em>El proceso de cambio profundo que estamos llevando adelante es lo \u00fanico que importa. No vamos a permitir que una operaci\u00f3n maliciosa lo ponga en riesgo\u201d<\/em>, indic\u00f3.<\/p>\n\n\n\n<p><\/p>\n\n\n\n<p>La renuncia de Espert a su candidatura se da pese a que <strong>el viernes se reuni\u00f3 durante alrededor de dos horas con Milei en la Quinta de Olivos<\/strong>, y que tanto el viernes como ayer <strong>ratificara p\u00fablicamente que seguir\u00eda en carrera.<\/strong><\/p>\n\n\n\n<p><\/p>\n\n\n\n<figure class=\"wp-block-embed is-type-rich is-provider-twitter wp-block-embed-twitter\"><div class=\"wp-block-embed__wrapper\">\n<div class=\"embed-twitter\"><blockquote class=\"twitter-tweet\" data-width=\"550\" data-dnt=\"true\"><p lang=\"es\" dir=\"ltr\">POR LA ARGENTINA, DOY UN PASO AL COSTADO<br> <br>Puse a disposici\u00f3n mi renuncia a la candidatura a Diputado Nacional por la Provincia de Buenos Aires y el Presidente Javier Milei decidi\u00f3 aceptarla.<br> <br>En estas elecciones la Argentina tiene, una vez m\u00e1s, la oportunidad de dar vuelta la\u2026<\/p>&mdash; Jos\u00e9 Luis Espert (@jlespert) <a href=\"https:\/\/twitter.com\/jlespert\/status\/1974954180063199272?ref_src=twsrc%5Etfw\">October 5, 2025<\/a><\/blockquote><script async src=\"https:\/\/platform.twitter.com\/widgets.js\" charset=\"utf-8\"><\/script><\/div>\n<\/div><\/figure>\n\n\n\n<p><\/p>\n\n\n\n<p><em>Fuente: Infobae<\/em><\/p>\n","protected":false},"excerpt":{"rendered":"<p>La salida fue confirmada este domingo con un posteo en sus redes sociales. Se da luego de la controversia en<\/p>\n","protected":false},"author":6,"featured_media":183900,"comment_status":"closed","ping_status":"closed","sticky":false,"template":"","format":"standard","meta":{"_jetpack_memberships_contains_paid_content":false,"footnotes":""},"categories":[6,1],"tags":[],"class_list":["post-184353","post","type-post","status-publish","format-standard","has-post-thumbnail","hentry","category-nacionales","category-portada"],"jetpack_featured_media_url":"https:\/\/i0.wp.com\/cdnoticias.com\/wp-content\/uploads\/2025\/09\/jose-luis-espert-01-1.jpg?fit=1000%2C556&ssl=1","jetpack_sharing_enabled":true,"_links":{"self":[{"href":"https:\/\/cdnoticias.com\/index.php\/wp-json\/wp\/v2\/posts\/184353","targetHints":{"allow":["GET"]}}],"collection":[{"href":"https:\/\/cdnoticias.com\/index.php\/wp-json\/wp\/v2\/posts"}],"about":[{"href":"https:\/\/cdnoticias.com\/index.php\/wp-json\/wp\/v2\/types\/post"}],"author":[{"embeddable":true,"href":"https:\/\/cdnoticias.com\/index.php\/wp-json\/wp\/v2\/users\/6"}],"replies":[{"embeddable":true,"href":"https:\/\/cdnoticias.com\/index.php\/wp-json\/wp\/v2\/comments?post=184353"}],"version-history":[{"count":0,"href":"https:\/\/cdnoticias.com\/index.php\/wp-json\/wp\/v2\/posts\/184353\/revisions"}],"wp:featuredmedia":[{"embeddable":true,"href":"https:\/\/cdnoticias.com\/index.php\/wp-json\/wp\/v2\/media\/183900"}],"wp:attachment":[{"href":"https:\/\/cdnoticias.com\/index.php\/wp-json\/wp\/v2\/media?parent=184353"}],"wp:term":[{"taxonomy":"category","embeddable":true,"href":"https:\/\/cdnoticias.com\/index.php\/wp-json\/wp\/v2\/categories?post=184353"},{"taxonomy":"post_tag","embeddable":true,"href":"https:\/\/cdnoticias.com\/index.php\/wp-json\/wp\/v2\/tags?post=184353"}],"curies":[{"name":"wp","href":"https:\/\/api.w.org\/{rel}","templated":true}]}}