{"id":184336,"date":"2025-10-05T17:00:25","date_gmt":"2025-10-05T20:00:25","guid":{"rendered":"https:\/\/cdnoticias.com\/?p=184336"},"modified":"2025-10-05T20:00:36","modified_gmt":"2025-10-05T23:00:36","slug":"una-mancha-venenosa","status":"publish","type":"post","link":"https:\/\/cdnoticias.com\/index.php\/2025\/10\/05\/una-mancha-venenosa\/","title":{"rendered":"Una mancha venenosa"},"content":{"rendered":"<p>La llegada de Jos\u00e9 Luis Espert le dio trascendencia nacional a sus actividades en Olavarr\u00eda. La campa\u00f1a libertaria, de Provincias Unidas y el regreso de Axel Kicillof. Demanda social en ascenso y un concejal baleado.<!--more--><\/p>\n<hr \/>\n<p><em>Volver a las Fuentes \/ por Alexis Grierson y Josefina Bargas<\/em><\/p>\n<p>\u00a0<\/p>\n<h3>Todo, siempre, pasa en Olavarr\u00eda<\/h3>\n<p><br \/><br \/>Nuestra ciudad tiene\u00a0<strong>un im\u00e1n para momentos importantes\u00a0<\/strong>de la pol\u00edtica nacional. Y esta semana que pas\u00f3 no fue la excepci\u00f3n:\u00a0<strong>la llegada de Jos\u00e9 Luis Espert a Olavarr\u00eda dej\u00f3 mucha tela para cortar<\/strong>\u00a0y un puntapi\u00e9 para nada menor de lo que pas\u00f3 toda la semana incluida las \u00faltimas horas, donde en un m\u00e1s que confuso episodio\u00a0<strong>parec\u00eda que renunciaba a su candidatura y termin\u00f3 \u201cm\u00e1s firme que nunca\u201d<\/strong>.<br \/><br \/>Repasemos: el domingo pasado en una nota period\u00edstica de DiarioAR sumado a otras investigaciones de otros medios se confirmaba que\u00a0<strong>Espert recibi\u00f3 200 mil d\u00f3lares de un empresario vinculado con el narcotr\u00e1fico<\/strong>. Era una prueba m\u00e1s que contundente para dar cuenta del\u00a0<strong>m\u00e9todo irregular de financiamiento<\/strong>\u00a0de quien fuera candidato a Presidente en 2019 y candidato a diputado nacional en 2021 (en Avanza Libertad, espacio que comparti\u00f3 con Celeste Arouxet).<br \/><br \/>Los rumores y el enojo con el sector del campo lo llev\u00f3 a\u00a0<strong>suspender, incluso, una actividad en Tres Arroyos<\/strong>, donde s\u00f3lo estuvo Diego Santilli y la pol\u00e9mica estuvo m\u00e1s por la ausencia que por la presencia en s\u00ed.<br \/><br \/>Si bien era un rumor y todo era bastante inestable justamente por la suspensi\u00f3n en Tres Arroyos,\u00a0<strong>se preve\u00eda una visita del t\u00e1ndem de LLA y el PRO<\/strong>\u00a0el martes, con actividades variopintas\u00a0e incluso,\u00a0<strong>la presencia de Sebasti\u00e1n Pareja<\/strong>, hombre fuerte del movimiento libertario y que tiene fuerte referencia en Celeste Arouxet y Guillermo Lascano.<strong>\u00a024 horas antes, se baj\u00f3 por otros compromisos<\/strong>.<br \/><br \/>Seg\u00fan logr\u00f3 saber este newsletter, hubo\u00a0<strong>un \u201cpasamanos\u201d de organizadores de actividad.<\/strong>\u00a0La ausencia de Pareja hizo que varios dejen de prestarle atenci\u00f3n a la visita y, adem\u00e1s, impl\u00edcitamente sab\u00edan que<strong>\u00a0Espert se transformaba en una mancha venenosa<\/strong>. Independientemente del flojo discurso de defensa, estaba claro que la prueba de la transferencia de los 200 mil d\u00f3lares era algo<strong>\u00a0demasiado contundente. Casi imposible de desmentir\u00a0<\/strong>ya que estaba basada\u00a0en informaci\u00f3n de una causa judicial en Estados Unidos.<\/p>\n<p>\u00a0<\/p>\n<p><img data-recalc-dims=\"1\" loading=\"lazy\" decoding=\"async\" class=\"alignnone size-full wp-image-183899 aligncenter\" src=\"https:\/\/i0.wp.com\/cdnoticias.com\/wp-content\/uploads\/2025\/09\/espert-santilli-celeste-arouxet.jpg?resize=800%2C445&#038;ssl=1\" alt=\"\" width=\"800\" height=\"445\" srcset=\"https:\/\/i0.wp.com\/cdnoticias.com\/wp-content\/uploads\/2025\/09\/espert-santilli-celeste-arouxet.jpg?w=1000&amp;ssl=1 1000w, https:\/\/i0.wp.com\/cdnoticias.com\/wp-content\/uploads\/2025\/09\/espert-santilli-celeste-arouxet.jpg?resize=300%2C167&amp;ssl=1 300w, https:\/\/i0.wp.com\/cdnoticias.com\/wp-content\/uploads\/2025\/09\/espert-santilli-celeste-arouxet.jpg?resize=768%2C427&amp;ssl=1 768w, https:\/\/i0.wp.com\/cdnoticias.com\/wp-content\/uploads\/2025\/09\/espert-santilli-celeste-arouxet.jpg?resize=800%2C445&amp;ssl=1 800w\" sizes=\"auto, (max-width: 800px) 100vw, 800px\" \/><\/p>\n<p><br \/><br \/>Con organizaci\u00f3n de urgencia, apareci\u00f3 una locaci\u00f3n:\u00a0<strong>el predio de la Sociedad Rural.<\/strong>\u00a0Aparecen dos versiones. Una, que la conferencia se hizo<strong>\u00a0\u201cen un rinc\u00f3n donde no se identifique que se trate de la Sociedad Rural de Olavarr\u00eda\u201d<\/strong>. Y la segunda contradice la primera, ya que posterior a la conferencia hubo una\u00a0<strong>foto con el cartel de la SRO, los dirigentes partidarios, candidatos y varias autoridades de la instituci\u00f3n<\/strong>, presidente incluido.<br \/><br \/>Luego habr\u00eda una<strong>\u00a0reuni\u00f3n en la C\u00e1mara Empresaria local\u00a0<\/strong>(que tuvo una baj\u00edsima presencia representativa del sector aunque hubo autoridades de la Uni\u00f3n Industrial, entre otros) y otro\u00a0<strong>encuentro en un bar c\u00e9ntrico<\/strong>, el mismo de la foto Galli, Arouxet y Lascano. \u00bfEl dato? Seg\u00fan lo que se filtr\u00f3 de la reuni\u00f3n, hubo presencia de<strong>\u00a0militantes y dirigentes de la S\u00e9ptima Secci\u00f3n y \u201cpoca participaci\u00f3n olavarriense\u201d<\/strong>.<br \/><br \/>Pero volvamos al di\u00e1logo con los medios.\u00a0<strong>En Olavarr\u00eda empez\u00f3 el famoso raid de preguntas que no eran respondidas<\/strong>. Al menos en dos oportunidades se le pregunt\u00f3 a Espert por el dato de los 200 mil d\u00f3lares y Fred Machado, el empresario narco en cuesti\u00f3n.\u00a0<strong>\u201cEs campa\u00f1a sucia, absolutamente sucia. Ya nos vamos a ver con Grabois en Tribunales\u201d<\/strong>\u00a0fue la respuesta que poco a poco se transform\u00f3 en\u00a0<strong>meme por la reiteraci\u00f3n<\/strong>\u00a0en notas en canales de televisi\u00f3n.\u00a0<br \/><br \/>Lo que sigui\u00f3 en la semana -no nos vamos a detener mucho en esto porque no es nuestro tema central- expuso una\u00a0<strong>seria debilidad de La Libertad Avanza: no tiene capacidad de respuesta r\u00e1pida para gestionar una crisis<\/strong>. El escenario que vimos en agosto con las acusaciones a Karina Milei que se sostuvo al tope como tema de agenda medi\u00e1tico durante m\u00e1s de tres semanas previas a las elecciones bonaerenses, podr\u00eda repetirse ahora. Y en ambos casos, por distintas razones, deja muy\u00a0<strong>expuesta la figura de Javier Milei para recibir golpes<\/strong>.<br \/><br \/>Si a eso sumamos el resultado adverso de aquellas legislativas provinciales, la imagen en baja de Milei en un contexto econ\u00f3mico complicado y las diferencias generadas con el agro a ra\u00edz de las medidas sobre las retenciones a las exportaciones vemos que la sumatoria de negativas se profundiza.<\/p>\n<p>\u00a0<\/p>\n<p style=\"text-align: center;\"><img data-recalc-dims=\"1\" loading=\"lazy\" decoding=\"async\" class=\"alignnone size-full wp-image-183905\" src=\"https:\/\/i0.wp.com\/cdnoticias.com\/wp-content\/uploads\/2025\/09\/celeste-arouxet-diego-santilli-ezequiel-galli-jose-luis-espert-01.jpg?resize=800%2C445&#038;ssl=1\" alt=\"\" width=\"800\" height=\"445\" srcset=\"https:\/\/i0.wp.com\/cdnoticias.com\/wp-content\/uploads\/2025\/09\/celeste-arouxet-diego-santilli-ezequiel-galli-jose-luis-espert-01.jpg?w=1000&amp;ssl=1 1000w, https:\/\/i0.wp.com\/cdnoticias.com\/wp-content\/uploads\/2025\/09\/celeste-arouxet-diego-santilli-ezequiel-galli-jose-luis-espert-01.jpg?resize=300%2C167&amp;ssl=1 300w, https:\/\/i0.wp.com\/cdnoticias.com\/wp-content\/uploads\/2025\/09\/celeste-arouxet-diego-santilli-ezequiel-galli-jose-luis-espert-01.jpg?resize=768%2C427&amp;ssl=1 768w, https:\/\/i0.wp.com\/cdnoticias.com\/wp-content\/uploads\/2025\/09\/celeste-arouxet-diego-santilli-ezequiel-galli-jose-luis-espert-01.jpg?resize=800%2C445&amp;ssl=1 800w\" sizes=\"auto, (max-width: 800px) 100vw, 800px\" \/>\u00a0<\/p>\n<p><br \/>Pasando a una lectura m\u00e1s del avance de la campa\u00f1a de LLA, en la conferencia tambi\u00e9n hubo un interesante\u00a0<strong>mensaje de Diego Santilli<\/strong>.\u00a0Plante\u00f3 la intenci\u00f3n de que\u00a0<em>Javier Milei se reubique como la gran voz que relata su propia gesti\u00f3n<\/em>:\u00a0<strong>\u201cyo quiero a ese Presidente que siga explicando, que siga cont\u00e1ndonos a los argentinos el camino, el esfuerzo que valga la pena hacia adelante\u201d.<\/strong>\u00a0Le pidi\u00f3 que salga a hablar y a comunicar sus medidas para recuperar la confianza del electorado. &#8220;Nosotros despu\u00e9s de la elecci\u00f3n de la Ciudad de Buenos Aires, que hubo una elecci\u00f3n trabada, por decirlo de alguna manera,\u00a0<strong>dejamos de hacer algo que para m\u00ed el Presidente es muy bueno, que es cuando \u00e9l explica\u201d<\/strong>\u00a0defini\u00f3 Santilli al ser consultado sobre las razones de la derrota en la provincia de Buenos Aires.<br \/><br \/>Espert, en tanto, busc\u00f3 presentar\u00a0<strong>una proyecci\u00f3n positiva de la econom\u00eda: \u201centendemos este bache que est\u00e1 pasando en la econom\u00eda, compr\u00e9ndannos&#8221;<\/strong>\u00a0dijo para completar\u00a0<strong>&#8220;despu\u00e9s de ese costo hay una luz al final del t\u00fanel<\/strong>, que no es un tren que viene de frente, sino la luz de un pa\u00eds diferente\u201d. En esa l\u00ednea plante\u00f3 la relaci\u00f3n\u00a0<strong>con el campo: present\u00f3 como &#8220;un bache&#8221; y como &#8220;un error en la comunicaci\u00f3n&#8221;<\/strong>\u00a0lo sucedido con las retenciones a las exportaciones.<br \/><br \/>En cuanto al resultado electoral nacional, para Santilli una de las claves para mejorar la perfomance libertaria en octubre es\u00a0<strong>convocar a los que nos fueron a votar en septiembre:<\/strong>\u00a0interpreta que esa porci\u00f3n del electorado\u00a0<strong>apoyar\u00e1 al oficialismo nacional<\/strong>.<\/p>\n<h3><br \/>La foto<\/h3>\n<p><br \/>Si hablamos de presencias, hubo una\u00a0<strong>presencia activa del ex intendente Ezequiel Galli<\/strong>\u00a0que, como en las \u00faltimas visitas de Espert, compartieron con Santilli una foto los tres. No es la primera vez que se ven juntos e incluso, compartieron espacio con la candidatura de los tres en las ejecutivas del 2023 que lo tuvo a Horacio Rodr\u00edguez Larreta como candidato a presidente.\u00a0<br \/><br \/><strong>Celeste Arouxet tambi\u00e9n se mostr\u00f3 pero qued\u00f3 en un costado<\/strong>\u00a0bastante m\u00e1s lejano en el di\u00e1logo con los medios. Despu\u00e9s hubo varias presencias -incluida la de\u00a0<strong>Carola Patan\u00e9, que ofici\u00f3 de organizadora\u00a0<\/strong>en varios momentos e incluso se logr\u00f3 saber que fue\u00a0<strong>coordinadora de algunos de\u00a0los movimientos de la visita\u00a0<\/strong>de los candidatos a diputados nacionales- pero en l\u00edneas generales\u00a0<strong>no hubo acompa\u00f1amiento masivo salvo en el bar c\u00e9ntrico<\/strong>, donde se vio a concejales electos -como Nicol\u00e1s Zampini- y varios dirigentes y militantes. Aunque, como dijimos antes, tuvo una ayuda de presencias de Azul y Tapalqu\u00e9.<\/p>\n<p>\u00a0<\/p>\n<p><img data-recalc-dims=\"1\" loading=\"lazy\" decoding=\"async\" class=\"alignnone size-full wp-image-183900 aligncenter\" src=\"https:\/\/i0.wp.com\/cdnoticias.com\/wp-content\/uploads\/2025\/09\/jose-luis-espert-01-1.jpg?resize=800%2C445&#038;ssl=1\" alt=\"\" width=\"800\" height=\"445\" srcset=\"https:\/\/i0.wp.com\/cdnoticias.com\/wp-content\/uploads\/2025\/09\/jose-luis-espert-01-1.jpg?w=1000&amp;ssl=1 1000w, https:\/\/i0.wp.com\/cdnoticias.com\/wp-content\/uploads\/2025\/09\/jose-luis-espert-01-1.jpg?resize=300%2C167&amp;ssl=1 300w, https:\/\/i0.wp.com\/cdnoticias.com\/wp-content\/uploads\/2025\/09\/jose-luis-espert-01-1.jpg?resize=768%2C427&amp;ssl=1 768w, https:\/\/i0.wp.com\/cdnoticias.com\/wp-content\/uploads\/2025\/09\/jose-luis-espert-01-1.jpg?resize=800%2C445&amp;ssl=1 800w\" sizes=\"auto, (max-width: 800px) 100vw, 800px\" \/><\/p>\n<p><br \/><br \/>\u00bfDato de color? Lo dicho por Santilli como arenga a los presentes:\u00a0<strong>&#8220;Volvamos a la cancha, el trabajo que hicieron ac\u00e1 en Olavarr\u00eda, hay un ejemplo para ensamblar, y a nadie se le cay\u00f3 ning\u00fan anillo.\u00a0<\/strong>Nos ensamblamos, trabajamos en conjunto, luchamos en conjunto, fuimos en esa direcci\u00f3n, hicieron un laburo muy grande, Celeste y Ezequiel. Ese cambio lo tenemos que replicar en todos lados, no puede haber m\u00e1s una cicatriz&#8221;. El detalle fue que en\u00a0<strong>para septiembre Olavarr\u00eda fue derrota en todos sus niveles\u00a0<\/strong>y que el ensamble de sectores dej\u00f3 much\u00edsimos heridos. Tantos, que hasta hoy se notan las ausencias en actividades y acciones partidarias.<br \/><br \/>Despu\u00e9s de la llamativa respuesta de Espert a las consultas en Olavarr\u00eda, lo que todos sabemos: del\u00a0<strong>\u201cno voy a entrar en el juego de Grabois\u201d a las fotos, los videos, las contradicciones, al video en que habla<\/strong>\u00a0que dej\u00f3 m\u00e1s dudas que certezas, a la informaci\u00f3n de que\u00a0<strong>renunciaba su candidatura y la propia ratificaci\u00f3n<\/strong>\u00a0minutos despu\u00e9s. Finalmente, termin\u00f3 con\u00a0<strong>llanto en una nota period\u00edstica\u00a0<\/strong>este \u00faltimo s\u00e1bado.<br \/><br \/>Tras ratificarlo como candidato a diputado nacional,<strong>\u00a0las quejas de la dirigencia y militancia de LLA ya no se esconden: saben que es jugar a la \u201cmancha venenosa\u201d<\/strong>\u00a0y que es muy dif\u00edcil militar o convocar a la ciudadan\u00eda a votar por Jos\u00e9 Luis Espert. El mi\u00e9rcoles puede ser un d\u00eda clave:\u00a0<strong>en el Congreso se tratar\u00e1 un proyecto para destituir al diputado de la presidencia de la Comisi\u00f3n de Presupuesto<\/strong>\u00a0y no se descart\u00f3 que sea destituido como diputado para no tener fueros en caso de que avance la Justicia. Por ahora, claro, son s\u00f3lo versiones. Pero el paso de Espert por Olavarr\u00eda dej\u00f3 much\u00edsimo para contar.<\/p>\n<h3><br \/>La lista de la moderaci\u00f3n<\/h3>\n<p><br \/><strong>Emilio Monz\u00f3, el candidato a diputado nacional por Provincias Unidas\u00a0<\/strong>-el frente armado por los gobernadores de C\u00f3rdoba, Santa Fe, Jujuy, Chubut, entre otros-\u00a0<strong>estuvo en Olavarr\u00eda de campa\u00f1a<\/strong>. El oriundo de Carlos Tejedor habl\u00f3 con algunos medios locales, como\u00a0<a href=\"https:\/\/www.youtube.com\/watch?v=WeOkK0PfWx8\" target=\"_blank\" rel=\"noopener\" data-saferedirecturl=\"https:\/\/www.google.com\/url?q=https:\/\/www.youtube.com\/watch?v%3DWeOkK0PfWx8&amp;source=gmail&amp;ust=1759765616900000&amp;usg=AOvVaw2-EqdAH2z8XDh7qckz6yUv\">esta entrevista que cedi\u00f3 a En L\u00ednea<\/a>.<br \/><br \/>Dej\u00f3\u00a0<strong>fuertes cr\u00edticas a la gesti\u00f3n de Javier Milei<\/strong>\u00a0y, especialmente,\u00a0<strong>apunt\u00f3 al \u201cajuste\u201d sobre el estado al que consider\u00f3 \u201cineficiente\u201d e \u201cinsensible\u201d<\/strong>.\u00a0<em>\u201cEstoy a favor del equilibrio fiscal\u2026 pero de manera eficiente, no de manera eficaz&#8221;<\/em>\u00a0sostuvo al cuestionar la detenci\u00f3n de obras p\u00fablicas clave para los sectores productivos y para la calidad de servicios. Entre los ejemplos sobre los que profundiz\u00f3 fueron\u00a0<strong>el dragado del R\u00edo Salado -&#8220;la provincia tiene los campos inundados y Milei se est\u00e1 timbeando los fondos h\u00eddricos&#8221; dijo<\/strong>\u00a0&#8211; y la falta de mantenimiento de las rutas &#8211; &#8220;el estado dice no hay que gastar m\u00e1s, entonces no hay m\u00e1s rutas, no hay m\u00e1s mantenimiento de ruta, hay m\u00e1s accidente, hay menos conectividad\u2026 \u00bfpara qu\u00e9 nos sirve eso?&#8221; dijo-. M\u00e1s adelante se\u00f1al\u00f3 la &#8220;insensibilidad&#8221; del Gobierno en \u00e1reas como salud y educaci\u00f3n donde tambi\u00e9n se sostuvieron los recortes a pesar de las reiteradas manifestaciones de la sociedad en contrario.<br \/><br \/>Dedic\u00f3 parte de sus intervenciones a subrayar la problem\u00e1tica de<strong>\u00a0inundaciones que afectan a los productores rurales del oeste bonaerense.<\/strong>\u00a0Al explicar la falta de finalizaci\u00f3n de la obra de dragado del R\u00edo Salado indic\u00f3 que faltan apenas 30 kil\u00f3metros para finalizar el tramo que une Roque P\u00e9rez a Bragado, una obra a cargo de la Naci\u00f3n, pero las m\u00e1quinas est\u00e1n &#8220;pr\u00e1cticamente abandonadas&#8221; hace dos a\u00f1os.<\/p>\n<h3><br \/><br \/>Vuelve Kicillof, en otra campa\u00f1a<\/h3>\n<p><br \/>Ser\u00e1 el\u00a0<strong>pr\u00f3ximo mi\u00e9rcoles\u00a0<\/strong>y menos de dos meses despu\u00e9s de su \u00faltima visita, a mediados de agosto y en plena campa\u00f1a por las provinciales del 7 de septiembre que lo tuvo como uno de los grandes ganadores.<br \/><br \/>Se prev\u00e9 que el lunes el Ministro de Gobierno Carlos Bianco confirme<strong>\u00a0la agenda de actividades del Gobernador<\/strong>, pero se desliz\u00f3 que habr\u00eda\u00a0<strong>tres grandes actos que no son tanto de gesti\u00f3n sino m\u00e1s bien pol\u00edticos<\/strong>\u00a0y orientados a la delicada situaci\u00f3n econ\u00f3mica: el primero ser\u00eda una visita a la<strong>\u00a0empresa Cerro Negro<\/strong>, que tuvo decenas de despidos y una fr\u00e1gil situaci\u00f3n laboral con su planta de empleados.<\/p>\n<p>\u00a0<\/p>\n<p><img data-recalc-dims=\"1\" loading=\"lazy\" decoding=\"async\" class=\"alignnone size-full wp-image-179540 aligncenter\" src=\"https:\/\/i0.wp.com\/cdnoticias.com\/wp-content\/uploads\/2025\/08\/kicillof-wesner-1.jpg?resize=800%2C445&#038;ssl=1\" alt=\"\" width=\"800\" height=\"445\" srcset=\"https:\/\/i0.wp.com\/cdnoticias.com\/wp-content\/uploads\/2025\/08\/kicillof-wesner-1.jpg?w=1000&amp;ssl=1 1000w, https:\/\/i0.wp.com\/cdnoticias.com\/wp-content\/uploads\/2025\/08\/kicillof-wesner-1.jpg?resize=300%2C167&amp;ssl=1 300w, https:\/\/i0.wp.com\/cdnoticias.com\/wp-content\/uploads\/2025\/08\/kicillof-wesner-1.jpg?resize=768%2C427&amp;ssl=1 768w, https:\/\/i0.wp.com\/cdnoticias.com\/wp-content\/uploads\/2025\/08\/kicillof-wesner-1.jpg?resize=800%2C445&amp;ssl=1 800w\" sizes=\"auto, (max-width: 800px) 100vw, 800px\" \/><\/p>\n<p><br \/><br \/>De hecho, en las \u00faltimas horas se logr\u00f3 saber que al conflicto salarial que tienen con los trabajadores, se tomaron otras\u00a0<strong>medidas de flexibilidad y de presi\u00f3n para seguir ajustando la planta de empleados<\/strong>, como la suspensi\u00f3n de vacaciones, el no pago de horas extras, por citar dos ejemplos.<br \/><br \/>Adem\u00e1s,\u00a0<strong>visitar\u00eda a beneficiarios de viviendas del Barrio CECO III<\/strong>, para dialogar sobre el cambio de vida tras haber adquirido una de las 79 casas entregadas (restan 21) que gener\u00f3 la Provincia, el Instituto de la Vivienda y el Municipio, y finalmente se generar\u00eda un importante\u00a0<strong>encuentro con referentes sindicales para dialogar sobre la situaci\u00f3n econ\u00f3mica y laboral en el distrito<\/strong>.<br \/><br \/>Como se puede ver -al menos en la previa- la presencia del Gobernador busca\u00a0<strong>exponer la crisis econ\u00f3mica generada por el Gobierno Nacional y subrayar las complicaciones\u00a0<\/strong>que ha generado para la Provincia. No se descart\u00f3, vale se\u00f1alar este punto, que Kicillof llegue con\u00a0<strong>candidatos a diputados nacionales de Fuerza Patria<\/strong>\u00a0pensando en la elecci\u00f3n del 26 de octubre.\u00a0<br \/><br \/>A todo esto,<strong>\u00a0\u00bfhabr\u00e1 alg\u00fan anuncio de obra con inversi\u00f3n provincial?\u00a0<\/strong>S\u00f3lo nos hacemos la pregunta.<br \/><br \/>Volviendo a lo electoral, una interesante definici\u00f3n dej\u00f3\u00a0<strong>C\u00e9sar Valicenti<\/strong>\u00a0quien\u00a0<a href=\"https:\/\/lu32.com.ar\/locales\/-la-discusion-no-es-peronismo-o-radicalismo--sino-quien-defiende-los-intereses-colectivos-de-olavarria-_a68dea9fa64a038085e0d108b\" target=\"_blank\" rel=\"noopener\" data-saferedirecturl=\"https:\/\/www.google.com\/url?q=https:\/\/lu32.com.ar\/locales\/-la-discusion-no-es-peronismo-o-radicalismo--sino-quien-defiende-los-intereses-colectivos-de-olavarria-_a68dea9fa64a038085e0d108b&amp;source=gmail&amp;ust=1759765616900000&amp;usg=AOvVaw1Ylvub_28q10Ew-rMEkHHW\">habl\u00f3 en LU 32<\/a>. De la mano de una mirada que define la pol\u00edtica desde la acci\u00f3n y no desde la identidad partidaria, consider\u00f3 que\u00a0<strong>\u201cla gente elige y ah\u00ed se cristaliza una relaci\u00f3n de fuerzas, pero esa relaci\u00f3n entre los diferentes actores se da en el d\u00eda a d\u00eda\u201d<\/strong>.<\/p>\n<h3><br \/><br \/>Lo social: la alarma ya est\u00e1 encendida<\/h3>\n<p><br \/>La econom\u00eda en Olavarr\u00eda est\u00e1 fuertemente afectada por la recesi\u00f3n y la reducci\u00f3n. No es nada nuevo lo que estamos diciendo, pero s\u00ed hay una consecuencia que hace un par de meses que\u00a0<strong>se acrecienta y preocupa en el Municipio: la asistencia en alimentos se ha triplicado<\/strong>.<br \/><br \/>Los\u00a0<a href=\"https:\/\/www.olavarria.gov.ar\/en-el-mes-agosto-el-despacho-de-cemento-cayo-alrededor-de-un-6\/\" target=\"_blank\" rel=\"noopener\" data-saferedirecturl=\"https:\/\/www.google.com\/url?q=https:\/\/www.olavarria.gov.ar\/en-el-mes-agosto-el-despacho-de-cemento-cayo-alrededor-de-un-6\/&amp;source=gmail&amp;ust=1759765616900000&amp;usg=AOvVaw0jQV3vzuicDCTEgtWt78RS\">datos econ\u00f3micos que difundi\u00f3 esta semana el Ejecutivo<\/a>\u00a0van en la l\u00ednea con lo que se ven\u00eda mostrando:\u00a0<strong>en agosto los despachos de cemento cayeron casi 6%<\/strong>.\u00a0<em>\u201cLos meses de agosto, septiembre, octubre y noviembre son los de mayor producci\u00f3n del a\u00f1o. Por ello, la situaci\u00f3n se torna a\u00fan m\u00e1s preocupante dado que en a\u00f1os anteriores era precisamente agosto el mes que marcaba el inicio de la suba en los indicadores\u201d<\/em>\u00a0se advirti\u00f3.<br \/><br \/>Cabe aclarar que la AFCP que mensualmente informa los despachos a nivel nacional emiti\u00f3 el\u00a0<strong>informe de septiembre que muestra una mejora de 3,7%<\/strong>\u00a0<strong>intermensual y de 0,5% interanual<\/strong>. Segunda aclaraci\u00f3n: la mejora interanual se hace en la comparaci\u00f3n con un a\u00f1o negativo para la producci\u00f3n cementera, es decir que los datos positivos del noveno mes de 2025 igualmente exponen un panorama a la baja en general.<\/p>\n<p>\u00a0<\/p>\n<p><img data-recalc-dims=\"1\" loading=\"lazy\" decoding=\"async\" class=\"alignnone size-full wp-image-183988 aligncenter\" src=\"https:\/\/i0.wp.com\/cdnoticias.com\/wp-content\/uploads\/2025\/10\/despachos-de-cemento-agosto-2025.jpg?resize=800%2C445&#038;ssl=1\" alt=\"\" width=\"800\" height=\"445\" srcset=\"https:\/\/i0.wp.com\/cdnoticias.com\/wp-content\/uploads\/2025\/10\/despachos-de-cemento-agosto-2025.jpg?w=1000&amp;ssl=1 1000w, https:\/\/i0.wp.com\/cdnoticias.com\/wp-content\/uploads\/2025\/10\/despachos-de-cemento-agosto-2025.jpg?resize=300%2C167&amp;ssl=1 300w, https:\/\/i0.wp.com\/cdnoticias.com\/wp-content\/uploads\/2025\/10\/despachos-de-cemento-agosto-2025.jpg?resize=768%2C427&amp;ssl=1 768w, https:\/\/i0.wp.com\/cdnoticias.com\/wp-content\/uploads\/2025\/10\/despachos-de-cemento-agosto-2025.jpg?resize=800%2C445&amp;ssl=1 800w\" sizes=\"auto, (max-width: 800px) 100vw, 800px\" \/><\/p>\n<p><br \/><br \/>Es decir, el contexto de la industria, la construcci\u00f3n y el comercio son los que explican la econom\u00eda local. Y si bien se difunden desde el INDEC datos positivos en cuanto a inflaci\u00f3n y pobreza, la traducci\u00f3n al d\u00eda a d\u00eda de la ciudad no es alentadora.\u00a0<strong>La demanda de asistencia en alimentos y el crecimiento de las historias cl\u00ednicas iniciadas en el Hospital Municipal<\/strong>\u00a0muestran la creciente presi\u00f3n sobre los servicios locales.<br \/><br \/>En el Ejecutivo las alarmas ya est\u00e1n encendidas en vista de los limitados recursos para la contenci\u00f3n que sigue creciendo en demanda. Puntualmente se\u00f1alan al\u00a0<strong>sector de jubilados como el m\u00e1s afectado y el que explica hoy por hoy el aumento de solicitudes de alimentos: las jubilaciones no alcanzan y es a\u00fan peor en los casos de jubilados que alquilan.<\/strong>\u00a0Se otorgan las tarjetas Alimentar en conjunto con bolsas de alimentos para los beneficiarios. Es decir que adem\u00e1s se reconoce la limitaci\u00f3n de la asistencia.<br \/><br \/><strong>\u201cSi sigue as\u00ed va a estallar\u201d<\/strong>\u00a0expresan desde el Ejecutivo atentos al ritmo de incremento de la demanda sin sumatoria de recursos que lo acompa\u00f1en. Siempre depender\u00e1, claro, de que la situaci\u00f3n nacional siga en la misma l\u00ednea, con recortes profundos en la transferencias de fondos a la Provincia y tambi\u00e9n con ajuste en sectores como los jubilados.<br \/><br \/>En ese sentido,\u00a0<strong>\u00bfhay modificaciones impositivas en estudio en lo local?\u00a0<\/strong>La respuesta es s\u00ed. No se trata s\u00f3lo de<strong>\u00a0aumento\u00a0<\/strong>sino de\u00a0<strong>cambios m\u00e1s profundos<\/strong>, una especie de actualizaci\u00f3n de la ordenanza fiscal. Incluso de\u00a0<em>recuperar el esp\u00edritu original de la Tasa General de Servicios Urbanos y Suburbanos<\/em>, tal como se present\u00f3 originalmente en su creaci\u00f3n cuando estuvo atada al crecimiento de los servicios que brindaba el Municipio de Olavarr\u00eda.<br \/><br \/>No es menor ni poco ambiciosa la idea: seg\u00fan logr\u00f3 saber este newsletter, a la Ordenanza Fiscal e Impositiva \u201cno le entra un parche m\u00e1s\u201d y \u201cpara hacer cambios en serio y profundos se debe analizar y modificar con responsabilidad y con conceptos m\u00e1s claros\u201d. Por citar un ejemplo en el aire,\u00a0<strong>la Tasa General de Servicios Urbanos no es solamente alumbrado, barrido y limpieza sino que suma el mantenimiento de espacios verdes, un servicio para nada econ\u00f3mico<\/strong>\u00a0y que forma parte del disfrute de esta ciudad de los tant\u00edsimos lugares que tiene para el esparcimiento.<\/p>\n<h3><br \/>Un concejal herido y un nuevo debate<\/h3>\n<p><br \/><br \/>El s\u00e1bado por la ma\u00f1ana\u00a0<strong>el concejal de Juntos por Olavarr\u00eda, Javier Fr\u00edas, result\u00f3 herido en una de sus piernas producto de un disparo de arma de fuego en un asalto<\/strong>. Fr\u00edas, adem\u00e1s de concejal, es distribuidor panaderil y fue interceptado mientras realizaba dicha tarea.\u00a0<strong>Le robaron la recaudaci\u00f3n, entre otros elementos<\/strong>.<br \/><br \/>Fue trasladado al Hospital Municipal donde\u00a0<strong>permanec\u00eda internado<\/strong>\u00a0y se recuperaba, sin peligrar su vida.\u00a0\u00a0<br \/><br \/><strong>El Municipio confirm\u00f3 el hecho<\/strong>, el importante trabajo realizado junto a la Polic\u00eda Departamental y en la b\u00fasqueda del autor del disparo, que estar\u00eda identificado y se esperaban novedades judiciales en ese sentido en las pr\u00f3ximas horas.<br \/><br \/>El caso, por su condici\u00f3n de concejal y por la crueldad de las heridas (tambi\u00e9n sufri\u00f3 un golpe en la cabeza por un culatazo) gener\u00f3<strong>\u00a0un amplio movimiento en el arco pol\u00edtico de repudio, acompa\u00f1amientos y cr\u00edticas<\/strong>\u00a0sobre la situaci\u00f3n con la inseguridad en nuestra ciudad.<\/p>\n<p>\u00a0<\/p>\n<p><img data-recalc-dims=\"1\" loading=\"lazy\" decoding=\"async\" class=\"alignnone size-full wp-image-159308 aligncenter\" src=\"https:\/\/i0.wp.com\/cdnoticias.com\/wp-content\/uploads\/2023\/12\/Javier-Frias.jpg?resize=800%2C445&#038;ssl=1\" alt=\"\" width=\"800\" height=\"445\" srcset=\"https:\/\/i0.wp.com\/cdnoticias.com\/wp-content\/uploads\/2023\/12\/Javier-Frias.jpg?w=800&amp;ssl=1 800w, https:\/\/i0.wp.com\/cdnoticias.com\/wp-content\/uploads\/2023\/12\/Javier-Frias.jpg?resize=300%2C167&amp;ssl=1 300w, https:\/\/i0.wp.com\/cdnoticias.com\/wp-content\/uploads\/2023\/12\/Javier-Frias.jpg?resize=768%2C427&amp;ssl=1 768w\" sizes=\"auto, (max-width: 800px) 100vw, 800px\" \/><\/p>\n<p><br \/><br \/>Muchas de ellas, acompa\u00f1ada con\u00a0<strong>este concepto bastante poco afortunado: la \u201cconurbanizaci\u00f3n\u201d de Olavarr\u00eda<\/strong>. No consideramos -al menos en nuestra opini\u00f3n- que la situaci\u00f3n sobre la seguridad merezca ese concepto aunque\u00a0<strong>s\u00ed es\u00a0 cr\u00edtica. Los hechos de inseguridad son much\u00edsimos y han aumentado al mismo tiempo que la crisis social y econ\u00f3mica.\u00a0<\/strong><br \/><br \/>\u00bfSe necesitan medidas? S\u00ed, y tambi\u00e9n se necesita una\u00a0<strong>mejora en la calidad de vida de muchos vecinos y sectores sociales.\u00a0<\/strong>Las dos cosas van de la mano. Esta semana, sin ir m\u00e1s lejos, este newsletter conoci\u00f3 al menos dos casos de\u00a0<strong>efectivos policiales que admiten, ya sin pudor, que deben realizar otros trabajos en los tiempos libres de servicios porque \u201cno alcanza el sueldo\u201d.<\/strong>\u00a0Eso no es conurbanizaci\u00f3n: es crisis.\u00a0<br \/><br \/>Dicha la aclaraci\u00f3n -que vale por lo menos para que conozcan nuestro c\u00f3digo con ustedes, los lectores-\u00a0<strong>la oposici\u00f3n a la gesti\u00f3n municipal<\/strong>\u00a0(sobre todo en el ala libertaria, como Andrea Coronel, Guillermo Lascano y hasta el Partido Libertario)\u00a0<strong>sali\u00f3 con duras denuncias de esta profundizaci\u00f3n de la inseguridad en la Provincia<\/strong>. Todo, culpando tanto a la gesti\u00f3n Kicillof como a la de Wesner.\u00a0<br \/><br \/>A \u00faltima hora del s\u00e1bado, comenz\u00f3 a viralizarse una\u00a0<strong>llamativa convocatoria a manifestarse \u201cen las calles\u201d bajo el slogan \u201cOlavarr\u00eda dice basta\u201d.<\/strong>\u00a0\u201cLa seguridad es un derecho, no un favor\u201d agrega un flyer que convoca a movilizarse el pr\u00f3ximo mi\u00e9rcoles, justo el d\u00eda que llegar\u00e1 el gobernador a Olavarr\u00eda. Insistimos: no lleva firma -al menos no encontramos hasta \u00faltima hora del s\u00e1bado el autor de la convocatoria- y la coincidencia con la llegada de Kicillof es todo un mensaje.\u00a0<\/p>\n<p>\u00a0<\/p>\n<h3>El newsletter<\/h3>\n<div>\u00a0<\/div>\n<p>Esta publicaci\u00f3n es parte de la edici\u00f3n de este domingo del newsletter\u00a0Volver\u00a0a las\u00a0Fuentes\u00a0que escriben Alexis Grierson y Josefina Bargas\u00a0al que se puede\u00a0<a href=\"https:\/\/mailchi.mp\/eee448494098\/una-mancha-venenosa\" target=\"_blank\" rel=\"noopener\" data-saferedirecturl=\"https:\/\/www.google.com\/url?q=https:\/\/mailchi.mp\/eee448494098\/una-mancha-venenosa&amp;source=gmail&amp;ust=1759765616900000&amp;usg=AOvVaw3qzlKTHhMtA8Cvd0mOSjJ0\">acceder aqu\u00ed<\/a>. Tiene un sistema de suscripci\u00f3n econ\u00f3mica y aportes \u00fanicos al que se puede\u00a0<a href=\"https:\/\/linktr.ee\/volveralasfuentes\" target=\"_blank\" rel=\"noopener\" data-saferedirecturl=\"https:\/\/www.google.com\/url?q=https:\/\/linktr.ee\/volveralasfuentes&amp;source=gmail&amp;ust=1759765616900000&amp;usg=AOvVaw2HNMyzL8QEpRbpLBZsd42c\">acceder aqu\u00ed<\/a>.<\/p>\n\n\n<p><\/p>\n","protected":false},"excerpt":{"rendered":"<p>La llegada de Jos\u00e9 Luis Espert le dio trascendencia nacional a sus actividades en Olavarr\u00eda. La campa\u00f1a libertaria, de Provincias<\/p>\n","protected":false},"author":4,"featured_media":183904,"comment_status":"closed","ping_status":"closed","sticky":false,"template":"","format":"standard","meta":{"_jetpack_memberships_contains_paid_content":false,"footnotes":""},"categories":[4,1],"tags":[],"class_list":["post-184336","post","type-post","status-publish","format-standard","has-post-thumbnail","hentry","category-politica","category-portada"],"jetpack_featured_media_url":"https:\/\/i0.wp.com\/cdnoticias.com\/wp-content\/uploads\/2025\/09\/celeste-arouxet-diego-santilli-ezequiel-galli-jose-luis-espert-00.jpg?fit=1000%2C556&ssl=1","jetpack_sharing_enabled":true,"_links":{"self":[{"href":"https:\/\/cdnoticias.com\/index.php\/wp-json\/wp\/v2\/posts\/184336","targetHints":{"allow":["GET"]}}],"collection":[{"href":"https:\/\/cdnoticias.com\/index.php\/wp-json\/wp\/v2\/posts"}],"about":[{"href":"https:\/\/cdnoticias.com\/index.php\/wp-json\/wp\/v2\/types\/post"}],"author":[{"embeddable":true,"href":"https:\/\/cdnoticias.com\/index.php\/wp-json\/wp\/v2\/users\/4"}],"replies":[{"embeddable":true,"href":"https:\/\/cdnoticias.com\/index.php\/wp-json\/wp\/v2\/comments?post=184336"}],"version-history":[{"count":0,"href":"https:\/\/cdnoticias.com\/index.php\/wp-json\/wp\/v2\/posts\/184336\/revisions"}],"wp:featuredmedia":[{"embeddable":true,"href":"https:\/\/cdnoticias.com\/index.php\/wp-json\/wp\/v2\/media\/183904"}],"wp:attachment":[{"href":"https:\/\/cdnoticias.com\/index.php\/wp-json\/wp\/v2\/media?parent=184336"}],"wp:term":[{"taxonomy":"category","embeddable":true,"href":"https:\/\/cdnoticias.com\/index.php\/wp-json\/wp\/v2\/categories?post=184336"},{"taxonomy":"post_tag","embeddable":true,"href":"https:\/\/cdnoticias.com\/index.php\/wp-json\/wp\/v2\/tags?post=184336"}],"curies":[{"name":"wp","href":"https:\/\/api.w.org\/{rel}","templated":true}]}}