{"id":184299,"date":"2025-10-04T18:03:14","date_gmt":"2025-10-04T21:03:14","guid":{"rendered":"https:\/\/cdnoticias.com\/?p=184299"},"modified":"2025-10-05T11:41:08","modified_gmt":"2025-10-05T14:41:08","slug":"restricciones-anacronicas-por-las-elecciones-buscan-levantar-la-prohibicion-de-vender-alcohol-y-realizar-eventos","status":"publish","type":"post","link":"https:\/\/cdnoticias.com\/index.php\/2025\/10\/04\/restricciones-anacronicas-por-las-elecciones-buscan-levantar-la-prohibicion-de-vender-alcohol-y-realizar-eventos\/","title":{"rendered":"\u201cRestricciones anacr\u00f3nicas\u201d por las elecciones: buscan levantar la prohibici\u00f3n de vender alcohol y realizar eventos"},"content":{"rendered":"<p>Se trata de una iniciativa de la diputada bonaerense de UCR+Cambio Federal Alejandra Lord\u00e9n, que afirm\u00f3 que estos puntos de la veda durante el acto eleccionario \u201climitan libertades individuales\u201d.<!--more--><\/p>\n<hr \/>\n<p>La <strong>diputada bonaerense de la UCR Alejandra Lord\u00e9n<\/strong> present\u00f3 <strong>un proyecto para pedirle al Congreso de la Naci\u00f3n<\/strong> que <strong>modifique el C\u00f3digo Electoral Nacional<\/strong>, con el objetivo de <strong>permitir la venta de alcohol y la realizaci\u00f3n de eventos culturales durante la fecha de una elecci\u00f3n<\/strong>.<\/p>\n<blockquote>\n<p>Seg\u00fan la legisladora, son \u201crestricciones anacr\u00f3nicas que afectan derechos culturales, limitan libertades individuales y generan un da\u00f1o econ\u00f3mico innecesario\u201d.<\/p>\n<\/blockquote>\n<p>La diputada del bloque UCR+Cambio Federal explic\u00f3 que su iniciativa busca que el Congreso <strong>modifique el art\u00edculo 71 incisos b y c del C\u00f3digo<\/strong>, que proh\u00edben la apertura de <em>sitios gastron\u00f3micos dedicados a vender alcohol y los espect\u00e1culos populares al aire libre o en recintos cerrados<\/em> durante la jornada electoral.<\/p>\n<p>\u00a0<\/p>\n<p><img data-recalc-dims=\"1\" loading=\"lazy\" decoding=\"async\" class=\"alignnone size-full wp-image-171607 aligncenter\" src=\"https:\/\/i0.wp.com\/cdnoticias.com\/wp-content\/uploads\/2025\/05\/DIB-urnas-elecciones.jpeg?resize=630%2C420&#038;ssl=1\" alt=\"\" width=\"630\" height=\"420\" srcset=\"https:\/\/i0.wp.com\/cdnoticias.com\/wp-content\/uploads\/2025\/05\/DIB-urnas-elecciones.jpeg?w=630&amp;ssl=1 630w, https:\/\/i0.wp.com\/cdnoticias.com\/wp-content\/uploads\/2025\/05\/DIB-urnas-elecciones.jpeg?resize=300%2C200&amp;ssl=1 300w, https:\/\/i0.wp.com\/cdnoticias.com\/wp-content\/uploads\/2025\/05\/DIB-urnas-elecciones.jpeg?resize=272%2C182&amp;ssl=1 272w\" sizes=\"auto, (max-width: 630px) 100vw, 630px\" \/><\/p>\n<p>\u00a0<\/p>\n<h4>Vac\u00edo legal<\/h4>\n<p>En su proyecto, <strong>Lord\u00e9n explica que en las pasadas elecciones bonaerenses numerosos comercios tuvieron que cerrar sus puertas<\/strong> a causa de la veda regida por el C\u00f3digo Electoral. Sin embargo, la legisladora radical menciona que <em>los comicios provinciales est\u00e1n amparados por la Ley 5.109, que solo expone como prohibici\u00f3n la venta de alcohol<\/em>, generando un vac\u00edo legal entre la Constituci\u00f3n provincial y la nacional.<\/p>\n<blockquote>\n<p>\u201cPara modificar este comportamiento en el inconsciente colectivo resulta indispensable reformar la Ley Nacional 19.945, que contiene restricciones m\u00e1s amplias, y en un segundo paso, adecuar la normativa provincial. La legislaci\u00f3n bonaerense \u00fanicamente impone la restricci\u00f3n respecto de las bebidas alcoh\u00f3licas\u201d, dispuso Lord\u00e9n.<\/p>\n<\/blockquote>\n<p>\u00a0<\/p>\n<h4>\u201cOtro momento hist\u00f3rico\u201d<\/h4>\n<p>En ese sentido, <em>la legisladora oriunda de Saladillo<\/em> consider\u00f3 que si bien <strong>hay prohibiciones razonables para prevenir disturbios<\/strong>, como la venta ambulante o la actividad de comerciantes en las inmediaciones de locales partidarios, algunas de ellas fueron <strong>\u201cconcebidas en un momento hist\u00f3rico muy distinto y hoy generan consecuencias negativas\u201d<\/strong>.<\/p>\n<p><strong>\u201cLa prohibici\u00f3n de actividades culturales constituye un menoscabo para la ciudadan\u00eda<\/strong>. La cultura no debe ser entendida como un factor perturbador del acto electoral, sino como un derecho humano reconocido internacionalmente y un espacio de encuentro, reflexi\u00f3n y cohesi\u00f3n social. <strong>Restringir su ejercicio en una jornada democr\u00e1tica resulta contradictorio<\/strong>, ya que priva a la poblaci\u00f3n de instancias de participaci\u00f3n, expresi\u00f3n y recreaci\u00f3n que fortalecen el tejido comunitario\u201d, justific\u00f3 Lord\u00e9n.<\/p>\n<p><img data-recalc-dims=\"1\" loading=\"lazy\" decoding=\"async\" class=\"alignnone size-full wp-image-171400 aligncenter\" src=\"https:\/\/i0.wp.com\/cdnoticias.com\/wp-content\/uploads\/2025\/05\/alejandra-lorden.png?resize=800%2C445&#038;ssl=1\" alt=\"\" width=\"800\" height=\"445\" srcset=\"https:\/\/i0.wp.com\/cdnoticias.com\/wp-content\/uploads\/2025\/05\/alejandra-lorden.png?w=800&amp;ssl=1 800w, https:\/\/i0.wp.com\/cdnoticias.com\/wp-content\/uploads\/2025\/05\/alejandra-lorden.png?resize=300%2C167&amp;ssl=1 300w, https:\/\/i0.wp.com\/cdnoticias.com\/wp-content\/uploads\/2025\/05\/alejandra-lorden.png?resize=768%2C427&amp;ssl=1 768w\" sizes=\"auto, (max-width: 800px) 100vw, 800px\" \/><\/p>\n<h4>Perjuicio econ\u00f3mico<\/h4>\n<p>Por otra parte, la diputada de la oposici\u00f3n reflexion\u00f3 que <strong>la prohibici\u00f3n de la venta de bebidas alcoh\u00f3licas ocasiona un perjuicio econ\u00f3mico<\/strong> contra los gastron\u00f3micos, que se agrava m\u00e1s con la crisis que atraviesa el sector producto de la ca\u00edda del consumo.<\/p>\n<blockquote>\n<p>\u201cRestaurantes, bares, confiter\u00edas y servicios de catering ven reducida su actividad en un d\u00eda de alta demanda potencial, sin que exista evidencia de que esta medida contribuya de manera efectiva a la transparencia o a la seguridad del proceso electoral\u201d, escribi\u00f3 la autora del proyecto.<\/p>\n<\/blockquote>\n<p>Por \u00faltimo, Lord\u00e9n remarc\u00f3 que mantener vigentes ambas prohibiciones <strong>causar\u00eda sostener \u201crestricciones anacr\u00f3nicas que afectan derechos culturales, limitan libertades individuales y generan un da\u00f1o econ\u00f3mico innecesario<\/strong>. Por eso, este proyecto impulsa su revisi\u00f3n para <em>adecuar nuestra normativa electoral a los valores democr\u00e1ticos y a la realidad social y econ\u00f3mica actual\u201d<\/em>.<\/p>\n<p>Fuente: <em>Agencia DIB<\/em><\/p>\n\n\n<p><\/p>\n","protected":false},"excerpt":{"rendered":"<p>Se trata de una iniciativa de la diputada bonaerense de UCR+Cambio Federal Alejandra Lord\u00e9n, que afirm\u00f3 que estos puntos de<\/p>\n","protected":false},"author":4,"featured_media":92112,"comment_status":"closed","ping_status":"closed","sticky":false,"template":"","format":"standard","meta":{"_jetpack_memberships_contains_paid_content":false,"footnotes":""},"categories":[6,1],"tags":[],"class_list":["post-184299","post","type-post","status-publish","format-standard","has-post-thumbnail","hentry","category-nacionales","category-portada"],"jetpack_featured_media_url":"https:\/\/i0.wp.com\/cdnoticias.com\/wp-content\/uploads\/2023\/08\/lorden-alejandra-01.jpg?fit=800%2C445&ssl=1","jetpack_sharing_enabled":true,"_links":{"self":[{"href":"https:\/\/cdnoticias.com\/index.php\/wp-json\/wp\/v2\/posts\/184299","targetHints":{"allow":["GET"]}}],"collection":[{"href":"https:\/\/cdnoticias.com\/index.php\/wp-json\/wp\/v2\/posts"}],"about":[{"href":"https:\/\/cdnoticias.com\/index.php\/wp-json\/wp\/v2\/types\/post"}],"author":[{"embeddable":true,"href":"https:\/\/cdnoticias.com\/index.php\/wp-json\/wp\/v2\/users\/4"}],"replies":[{"embeddable":true,"href":"https:\/\/cdnoticias.com\/index.php\/wp-json\/wp\/v2\/comments?post=184299"}],"version-history":[{"count":0,"href":"https:\/\/cdnoticias.com\/index.php\/wp-json\/wp\/v2\/posts\/184299\/revisions"}],"wp:featuredmedia":[{"embeddable":true,"href":"https:\/\/cdnoticias.com\/index.php\/wp-json\/wp\/v2\/media\/92112"}],"wp:attachment":[{"href":"https:\/\/cdnoticias.com\/index.php\/wp-json\/wp\/v2\/media?parent=184299"}],"wp:term":[{"taxonomy":"category","embeddable":true,"href":"https:\/\/cdnoticias.com\/index.php\/wp-json\/wp\/v2\/categories?post=184299"},{"taxonomy":"post_tag","embeddable":true,"href":"https:\/\/cdnoticias.com\/index.php\/wp-json\/wp\/v2\/tags?post=184299"}],"curies":[{"name":"wp","href":"https:\/\/api.w.org\/{rel}","templated":true}]}}